{"id":9819,"date":"2025-10-12T11:12:38","date_gmt":"2025-10-12T16:12:38","guid":{"rendered":"https:\/\/my-all-about-you.com\/?p=9819"},"modified":"2026-08-24T19:33:58","modified_gmt":"2026-08-25T00:33:58","slug":"a-holy-pause-embracing-gods-gift-of-rest-this-sunday","status":"publish","type":"post","link":"https:\/\/my-all-about-you.com\/es\/2025\/10\/12\/a-holy-pause-embracing-gods-gift-of-rest-this-sunday\/","title":{"rendered":"\u201cUna pausa santa: Acogiendo el don del descanso que Dios nos ofrece este domingo\u201d"},"content":{"rendered":"<p class=\"wp-block-paragraph\"><strong><em>\u201cEste es el d\u00eda que el Se\u00f1or ha hecho; alegr\u00e9monos y goc\u00e9monos en \u00e9l.\u201d \u2013 Salmo 118:24<\/em><\/strong><\/p>\n\n\n\n<p class=\"wp-block-paragraph\">Al comenzar este santo domingo, que la paz de Cristo habite abundantemente en vuestros corazones.<br>Que el <strong>la gracia del Esp\u00edritu Santo<\/strong> renueva tus fuerzas,<br>y que el <strong>amor del Padre<\/strong> que te rodeen a ti y a tu familia en todo.<\/p>\n\n\n\n<p class=\"wp-block-paragraph\">Aprovecha este d\u00eda de descanso para acercarte a Dios. <br>escuchar Su voz en el silencio,<br>para encontrarlo en la Eucarist\u00eda,<br>y para agradecerle las innumerables bendiciones que a menudo pasan desapercibidas.<\/p>\n\n\n\n<p class=\"wp-block-paragraph\">\u2600\ufe0f <strong>Que tu domingo est\u00e9 lleno de la dulce alegr\u00eda de Su presencia,<br>el consuelo de la oraci\u00f3n y la esperanza de la vida eterna.<\/strong><\/p>\n\n\n\n<p class=\"wp-block-paragraph\">Alegr\u00e9monos en el don de la fe,<br>y salgan esta semana a vivir como testigos de Su misericordia y verdad.<\/p>\n\n\n\n<p class=\"wp-block-paragraph\"><strong>\u00a1Que tengas un bendecido domingo!<\/strong> \ud83d\ude4f\ud83d\udc92<\/p>","protected":false},"excerpt":{"rendered":"<p>Step into this Sunday with a heart open to God\u2019s grace.<br \/>\nMay the peace of Christ renew your spirit, the love of the Father guide your steps, and the light of the Holy Spirit fill your home.<br \/>\nTake this day to rest in His presence and begin your week with faith and joy.<\/p>","protected":false},"author":132804860,"featured_media":9821,"comment_status":"open","ping_status":"open","sticky":false,"template":"","format":"standard","meta":{"_coblocks_attr":"","_coblocks_dimensions":"","_coblocks_responsive_height":"","_coblocks_accordion_ie_support":"","_jetpack_newsletter_access":"","_jetpack_dont_email_post_to_subs":false,"_jetpack_newsletter_tier_id":0,"_jetpack_memberships_contains_paywalled_content":false,"_wpcom_ai_launchpad_first_post":false,"_jetpack_feature_clip_id":0,"_jetpack_memberships_contains_paid_content":false,"footnotes":"","jetpack_publicize_message":"{title}\n\n{excerpt}\n\n{url}","jetpack_publicize_feature_enabled":true,"jetpack_social_post_already_shared":false,"jetpack_social_options":{"image_generator_settings":{"template":"dois","default_image_id":0,"font":"","enabled":false},"version":2},"_wpas_customize_per_network":false,"jetpack_post_was_ever_published":false},"categories":[401,363995],"tags":[203398,3313330,33380,353313,12752477,92990,57617],"class_list":["post-9819","post","type-post","status-publish","format-standard","has-post-thumbnail","hentry","category-faith","category-faith-reflections","tag-christian-reflection","tag-grace-and-peace","tag-holy-spirit","tag-lords-day","tag-prayer-and-devotion","tag-spiritual-renewal","tag-word-of-god"],"jetpack_publicize_connections":[],"jetpack_likes_enabled":true,"jetpack_sharing_enabled":true,"jetpack_shortlink":"https:\/\/wp.me\/p9vUsN-2yn","jetpack-related-posts":[{"id":9834,"url":"https:\/\/my-all-about-you.com\/es\/2025\/10\/13\/this-day-was-made-for-you\/","url_meta":{"origin":9819,"position":0},"title":"This Day Was Made for You","author":"myallaboutyou","date":"octubre 13, 2025","format":false,"excerpt":"A radiant Monday reflection rooted in Psalm 118:24, reminding us that today is handcrafted by God\u2014filled with joy, peace, and divine intention. You are invited to begin with gladness, walk in grace, and trust that this day was made for you.","rel":"","context":"En &quot;Everyday Devotion&quot;","block_context":{"text":"Everyday Devotion","link":"https:\/\/my-all-about-you.com\/es\/category\/everyday-devotion\/"},"img":{"alt_text":"","src":"https:\/\/i0.wp.com\/my-all-about-you.com\/wp-content\/uploads\/2025\/10\/pexels-photo-1266810.jpeg?fit=900%2C1200&ssl=1&resize=350%2C200","width":350,"height":200,"srcset":"https:\/\/i0.wp.com\/my-all-about-you.com\/wp-content\/uploads\/2025\/10\/pexels-photo-1266810.jpeg?fit=900%2C1200&ssl=1&resize=350%2C200 1x, https:\/\/i0.wp.com\/my-all-about-you.com\/wp-content\/uploads\/2025\/10\/pexels-photo-1266810.jpeg?fit=900%2C1200&ssl=1&resize=525%2C300 1.5x, https:\/\/i0.wp.com\/my-all-about-you.com\/wp-content\/uploads\/2025\/10\/pexels-photo-1266810.jpeg?fit=900%2C1200&ssl=1&resize=700%2C400 2x"},"classes":[]},{"id":9823,"url":"https:\/\/my-all-about-you.com\/es\/2025\/10\/12\/guided-by-grace-a-reflection-for-the-week-ahead\/","url_meta":{"origin":9819,"position":1},"title":"\u201cGuiados por la gracia: Una reflexi\u00f3n para la semana que viene\u201d","author":"myallaboutyou","date":"octubre 12, 2025","format":false,"excerpt":"Comienza la semana con paz en tu coraz\u00f3n y confianza en el plan de Dios. Deja que las Escrituras y la sabidur\u00eda de los santos te recuerden que su gracia te precede, su misericordia te sostiene y su amor nunca falla.","rel":"","context":"En &quot;Catholic Faith &amp; Reflection&quot;","block_context":{"text":"Catholic Faith &amp; Reflection","link":"https:\/\/my-all-about-you.com\/es\/category\/catholic\/catholic-faith-reflection\/"},"img":{"alt_text":"","src":"https:\/\/i0.wp.com\/my-all-about-you.com\/wp-content\/uploads\/2025\/10\/pexels-photo-1133505.jpeg?fit=1200%2C800&ssl=1&resize=350%2C200","width":350,"height":200,"srcset":"https:\/\/i0.wp.com\/my-all-about-you.com\/wp-content\/uploads\/2025\/10\/pexels-photo-1133505.jpeg?fit=1200%2C800&ssl=1&resize=350%2C200 1x, https:\/\/i0.wp.com\/my-all-about-you.com\/wp-content\/uploads\/2025\/10\/pexels-photo-1133505.jpeg?fit=1200%2C800&ssl=1&resize=525%2C300 1.5x, https:\/\/i0.wp.com\/my-all-about-you.com\/wp-content\/uploads\/2025\/10\/pexels-photo-1133505.jpeg?fit=1200%2C800&ssl=1&resize=700%2C400 2x, https:\/\/i0.wp.com\/my-all-about-you.com\/wp-content\/uploads\/2025\/10\/pexels-photo-1133505.jpeg?fit=1200%2C800&ssl=1&resize=1050%2C600 3x"},"classes":[]},{"id":11390,"url":"https:\/\/my-all-about-you.com\/es\/2025\/12\/18\/elizabeth-joy-that-recognizes-grace-before-the-world-does\/","url_meta":{"origin":9819,"position":2},"title":"Elizabeth: La alegr\u00eda que reconoce la gracia antes que el mundo.","author":"myallaboutyou","date":"diciembre 18, 2025","format":false,"excerpt":"Isabel reconoce la gracia antes de que se la expliquen. Al o\u00edr el saludo de Mar\u00eda, la alegr\u00eda se apodera de ella, el Esp\u00edritu habla y una promesa se pone en marcha, record\u00e1ndonos que Dios a menudo revela su obra primero a los corazones serenos y fieles.","rel":"","context":"En &quot;Advent 2025&quot;","block_context":{"text":"Advent 2025","link":"https:\/\/my-all-about-you.com\/es\/category\/advent-2025\/"},"img":{"alt_text":"Close-up of a serene woman with a scarf, hands over her heart, in a tranquil prayer or moment of reflection.","src":"https:\/\/i0.wp.com\/my-all-about-you.com\/wp-content\/uploads\/2025\/12\/Mary-and-Elizabeth.png?fit=1024%2C1024&ssl=1&resize=350%2C200","width":350,"height":200,"srcset":"https:\/\/i0.wp.com\/my-all-about-you.com\/wp-content\/uploads\/2025\/12\/Mary-and-Elizabeth.png?fit=1024%2C1024&ssl=1&resize=350%2C200 1x, https:\/\/i0.wp.com\/my-all-about-you.com\/wp-content\/uploads\/2025\/12\/Mary-and-Elizabeth.png?fit=1024%2C1024&ssl=1&resize=525%2C300 1.5x, https:\/\/i0.wp.com\/my-all-about-you.com\/wp-content\/uploads\/2025\/12\/Mary-and-Elizabeth.png?fit=1024%2C1024&ssl=1&resize=700%2C400 2x"},"classes":[]},{"id":10500,"url":"https:\/\/my-all-about-you.com\/es\/2025\/11\/12\/the-gospel-of-the-elbows\/","url_meta":{"origin":9819,"position":3},"title":"The Gospel of the Elbows","author":"myallaboutyou","date":"noviembre 12, 2025","format":false,"excerpt":"Ever thanked your elbows? This lighthearted reflection celebrates God\u2019s joyful design in every little movement\u2014from morning coffee to crafting at your desk. \u201cThe Gospel of the Elbows\u201d reminds us to laugh, stretch, and find grace in the bend.","rel":"","context":"En &quot;Gratitude&quot;","block_context":{"text":"Gratitude","link":"https:\/\/my-all-about-you.com\/es\/category\/gratitude\/"},"img":{"alt_text":"\u201cWoman\u2019s elbow bent as she lifts a coffee mug near a sunlit window, symbolizing joy, movement, and gratitude in everyday faith.\u201d","src":"https:\/\/i0.wp.com\/my-all-about-you.com\/wp-content\/uploads\/2025\/11\/elbows-talk.png?fit=1200%2C800&ssl=1&resize=350%2C200","width":350,"height":200,"srcset":"https:\/\/i0.wp.com\/my-all-about-you.com\/wp-content\/uploads\/2025\/11\/elbows-talk.png?fit=1200%2C800&ssl=1&resize=350%2C200 1x, https:\/\/i0.wp.com\/my-all-about-you.com\/wp-content\/uploads\/2025\/11\/elbows-talk.png?fit=1200%2C800&ssl=1&resize=525%2C300 1.5x, https:\/\/i0.wp.com\/my-all-about-you.com\/wp-content\/uploads\/2025\/11\/elbows-talk.png?fit=1200%2C800&ssl=1&resize=700%2C400 2x, https:\/\/i0.wp.com\/my-all-about-you.com\/wp-content\/uploads\/2025\/11\/elbows-talk.png?fit=1200%2C800&ssl=1&resize=1050%2C600 3x"},"classes":[]},{"id":4018,"url":"https:\/\/my-all-about-you.com\/es\/2024\/11\/21\/the-presentation-of-mary-in-the-temple-a-moment-of-grace-and-devotion\/","url_meta":{"origin":9819,"position":4},"title":"The Presentation of Mary in the Temple: A Moment of Grace and Devotion","author":"myallaboutyou","date":"noviembre 21, 2024","format":false,"excerpt":"The Presentation of the Blessed Virgin Mary in the Temple, celebrated on November 21st, signifies her dedication to God, initiated by her parents, Saint Anne and Saint Joachim. This event reflects their deep faith and serves as an inspiration for all to nurture a spiritual foundation and commit to God's\u2026","rel":"","context":"En &quot;Biblical Studies&quot;","block_context":{"text":"Biblical Studies","link":"https:\/\/my-all-about-you.com\/es\/category\/biblical-studies\/"},"img":{"alt_text":"","src":"https:\/\/i0.wp.com\/my-all-about-you.com\/wp-content\/uploads\/2024\/11\/presentation-of-mary.png?fit=940%2C788&ssl=1&resize=350%2C200","width":350,"height":200,"srcset":"https:\/\/i0.wp.com\/my-all-about-you.com\/wp-content\/uploads\/2024\/11\/presentation-of-mary.png?fit=940%2C788&ssl=1&resize=350%2C200 1x, https:\/\/i0.wp.com\/my-all-about-you.com\/wp-content\/uploads\/2024\/11\/presentation-of-mary.png?fit=940%2C788&ssl=1&resize=525%2C300 1.5x, https:\/\/i0.wp.com\/my-all-about-you.com\/wp-content\/uploads\/2024\/11\/presentation-of-mary.png?fit=940%2C788&ssl=1&resize=700%2C400 2x"},"classes":[]},{"id":3958,"url":"https:\/\/my-all-about-you.com\/es\/2024\/11\/17\/how-to-engage-with-the-bible-and-the-trinity\/","url_meta":{"origin":9819,"position":5},"title":"C\u00f3mo relacionarse con la Biblia y la Trinidad","author":"myallaboutyou","date":"noviembre 17, 2024","format":false,"excerpt":"This National Bible Week, we joyfully celebrate the transformative teachings of the Bible, experiencing the limitless love of the Blessed Trinity\u2014Jesus Christ, the Holy Spirit, and God the Father. Their divine presence provides guidance and inspiration. Engage in Bible study groups, daily devotions, and spiritual reflection to deepen your connection\u2026","rel":"","context":"En &quot;Catholic&quot;","block_context":{"text":"Catholic","link":"https:\/\/my-all-about-you.com\/es\/category\/catholic\/"},"img":{"alt_text":"","src":"https:\/\/i0.wp.com\/my-all-about-you.com\/wp-content\/uploads\/2024\/11\/bible.png?fit=1024%2C768&ssl=1&resize=350%2C200","width":350,"height":200,"srcset":"https:\/\/i0.wp.com\/my-all-about-you.com\/wp-content\/uploads\/2024\/11\/bible.png?fit=1024%2C768&ssl=1&resize=350%2C200 1x, https:\/\/i0.wp.com\/my-all-about-you.com\/wp-content\/uploads\/2024\/11\/bible.png?fit=1024%2C768&ssl=1&resize=525%2C300 1.5x, https:\/\/i0.wp.com\/my-all-about-you.com\/wp-content\/uploads\/2024\/11\/bible.png?fit=1024%2C768&ssl=1&resize=700%2C400 2x"},"classes":[]}],"jetpack_featured_media_url":"https:\/\/i0.wp.com\/my-all-about-you.com\/wp-content\/uploads\/2025\/10\/pexels-photo-3933490.jpeg?fit=867%2C1300&ssl=1","_links":{"self":[{"href":"https:\/\/my-all-about-you.com\/es\/wp-json\/wp\/v2\/posts\/9819","targetHints":{"allow":["GET"]}}],"collection":[{"href":"https:\/\/my-all-about-you.com\/es\/wp-json\/wp\/v2\/posts"}],"about":[{"href":"https:\/\/my-all-about-you.com\/es\/wp-json\/wp\/v2\/types\/post"}],"author":[{"embeddable":true,"href":"https:\/\/my-all-about-you.com\/es\/wp-json\/wp\/v2\/users\/132804860"}],"replies":[{"embeddable":true,"href":"https:\/\/my-all-about-you.com\/es\/wp-json\/wp\/v2\/comments?post=9819"}],"version-history":[{"count":2,"href":"https:\/\/my-all-about-you.com\/es\/wp-json\/wp\/v2\/posts\/9819\/revisions"}],"predecessor-version":[{"id":9822,"href":"https:\/\/my-all-about-you.com\/es\/wp-json\/wp\/v2\/posts\/9819\/revisions\/9822"}],"wp:featuredmedia":[{"embeddable":true,"href":"https:\/\/my-all-about-you.com\/es\/wp-json\/wp\/v2\/media\/9821"}],"wp:attachment":[{"href":"https:\/\/my-all-about-you.com\/es\/wp-json\/wp\/v2\/media?parent=9819"}],"wp:term":[{"taxonomy":"category","embeddable":true,"href":"https:\/\/my-all-about-you.com\/es\/wp-json\/wp\/v2\/categories?post=9819"},{"taxonomy":"post_tag","embeddable":true,"href":"https:\/\/my-all-about-you.com\/es\/wp-json\/wp\/v2\/tags?post=9819"}],"curies":[{"name":"wp","href":"https:\/\/api.w.org\/{rel}","templated":true}]}}