{"id":8947,"date":"2025-09-08T06:33:09","date_gmt":"2025-09-08T11:33:09","guid":{"rendered":"https:\/\/my-all-about-you.com\/?p=8947"},"modified":"2025-10-10T06:54:02","modified_gmt":"2025-10-10T11:54:02","slug":"a-prayer-for-gods-blessings-on-families-nations-and-the-world-day-271-palau","status":"publish","type":"post","link":"https:\/\/my-all-about-you.com\/es\/2025\/09\/08\/a-prayer-for-gods-blessings-on-families-nations-and-the-world-day-271-palau\/","title":{"rendered":"A Prayer for God\u2019s Blessings on Families, Nations, and the World, Day 271, Palau"},"content":{"rendered":"<p class=\"has-text-color has-link-color wp-elements-1 wp-block-paragraph\" style=\"color:#0c0000\">Querido Padre Celestial,<\/p>\n\n\n\n<p class=\"has-text-color has-link-color wp-elements-2 wp-block-paragraph\" style=\"color:#0c0000\">Gracias por este d\u00eda. Gracias por todo lo que haces por m\u00ed cada d\u00eda, incluso por aquello que a veces no percibo. Gracias por cuidar de mi familia, amigos y conocidos. Te pido que los protejas y los gu\u00edes en esta vida. Tr\u00e1elos sanos y salvos de regreso a ti. Hazles saber que est\u00e1s ah\u00ed para ellos. Nunca permitas que olvide tu presencia en mi vida y gu\u00edame con seguridad a lo largo de ella.<\/p>\n\n\n\n<p class=\"has-text-color has-link-color wp-elements-3 wp-block-paragraph\" style=\"color:#0c0000\">Se\u00f1or, humildemente te pido tu favor. Toca los corazones de los j\u00f3venes, ayud\u00e1ndoles a apreciar el sagrado don del matrimonio y la dulce voz de los ni\u00f1os. Ilumina su visi\u00f3n para que descubran la profunda belleza de compartir la vida con alguien a quien aman profundamente. Que est\u00e9n abiertos a las alegr\u00edas y tristezas que conlleva el v\u00ednculo especial del matrimonio, as\u00ed como a las alegr\u00edas y desaf\u00edos \u00fanicos que los hijos traen a sus vidas.<\/p>\n\n\n\n<figure class=\"wp-block-embed alignleft is-type-video is-provider-youtube wp-block-embed-youtube wp-embed-aspect-16-9 wp-has-aspect-ratio\"><div class=\"wp-block-embed__wrapper\">\n<span class=\"embed-youtube\" style=\"text-align:center; display: block;\"><iframe loading=\"lazy\" class=\"youtube-player\" width=\"640\" height=\"360\" src=\"https:\/\/www.youtube.com\/embed\/T3s7zXpF-6U?version=3&#038;rel=1&#038;showsearch=0&#038;showinfo=1&#038;iv_load_policy=1&#038;fs=1&#038;hl=es-MX&#038;autohide=2&#038;wmode=transparent\" allowfullscreen=\"true\" style=\"border:0;\" sandbox=\"allow-scripts allow-same-origin allow-popups allow-presentation allow-popups-to-escape-sandbox\"><\/iframe><\/span>\n<\/div><\/figure>\n\n\n\n<p class=\"has-text-color has-link-color wp-elements-4 wp-block-paragraph\" style=\"color:#000000\"><strong>Blessed Trinity, Father, Son Jesus Christ, and Holy Spirit, we come before You with hearts full of gratitude and humble petition for Palau. We thank You for its strong Christian heritage, with nearly three-quarters of its people professing Your name, guided by Spanish missionaries and the London Missionary Society. We praise You for the vibrant worship among Filipino Catholics and Protestants, and the unique Modekngei faith that weaves Your truth into Palauan culture. The Rock Islands and coral reefs proclaim Your creation\u2019s splendor, while religious freedom allows Your Church to flourish. We are grateful for the religious growth, the Meyungs chapel, and the educational legacy of Bible translations. The interfaith harmony with Muslims and Buddhists, and Palau\u2019s environmental stewardship, reflect Your call to love and care. Yet, we seek Your mercy for Palau\u2019s needs. Protect its shrinking population from migration\u2019s toll, keeping families united in Your love. Inspire youth to embrace Your Gospel, countering disengagement. Provide resources to maintain sacred sites like the Meyungs chapel and to teach Your Word. Guard Palau\u2019s islands from climate change, that Your creation may endure.<\/strong><\/p>\n\n\n\n<figure class=\"wp-block-image alignright size-full is-resized\"><img data-recalc-dims=\"1\" loading=\"lazy\" decoding=\"async\" width=\"1880\" height=\"1253\" data-attachment-id=\"8950\" data-permalink=\"https:\/\/my-all-about-you.com\/es\/2025\/09\/08\/a-prayer-for-gods-blessings-on-families-nations-and-the-world-day-271-palau\/pexels-photo-18080802\/\" data-orig-file=\"https:\/\/i0.wp.com\/my-all-about-you.com\/wp-content\/uploads\/2025\/09\/pexels-photo-18080802.jpeg?fit=1880%2C1253&amp;ssl=1\" data-orig-size=\"1880,1253\" data-comments-opened=\"1\" data-image-meta=\"{&quot;aperture&quot;:&quot;0&quot;,&quot;credit&quot;:&quot;&quot;,&quot;camera&quot;:&quot;&quot;,&quot;caption&quot;:&quot;&quot;,&quot;created_timestamp&quot;:&quot;0&quot;,&quot;copyright&quot;:&quot;&quot;,&quot;focal_length&quot;:&quot;0&quot;,&quot;iso&quot;:&quot;0&quot;,&quot;shutter_speed&quot;:&quot;0&quot;,&quot;title&quot;:&quot;&quot;,&quot;orientation&quot;:&quot;0&quot;}\" data-image-title=\"majestic coral formations in raja ampat s blue ocean seen from a drone serene beauty of the open sea\" data-image-description=\"\" data-image-caption=\"&lt;p&gt;Photo by Ditras Family on &lt;a href=&quot;https:\/\/www.pexels.com\/photo\/majestic-coral-formations-in-raja-ampat-s-blue-ocean-seen-from-a-drone-serene-beauty-of-the-open-sea-18080802\/&quot; rel=&quot;nofollow&quot;&gt;Pexels.com&lt;\/a&gt;&lt;\/p&gt;\" data-large-file=\"https:\/\/i0.wp.com\/my-all-about-you.com\/wp-content\/uploads\/2025\/09\/pexels-photo-18080802.jpeg?fit=1024%2C682&amp;ssl=1\" src=\"https:\/\/i0.wp.com\/my-all-about-you.com\/wp-content\/uploads\/2025\/09\/pexels-photo-18080802.jpeg?resize=1880%2C1253&#038;ssl=1\" alt=\"Aerial view of lush green islands surrounded by crystal clear turquoise waters, with various rock formations scattered across the sea.\" class=\"wp-image-8950\" style=\"aspect-ratio:1.5004603446008156;width:462px;height:auto\" \/><figcaption class=\"wp-element-caption\">A stunning aerial view showcasing the lush green islands and turquoise waters, highlighting the natural beauty of the landscape.<\/figcaption><\/figure>\n\n\n\n<p class=\"has-text-color has-link-color wp-elements-5 wp-block-paragraph\" style=\"color:#000000\">Te pido la conversi\u00f3n y la misericordia para todos los pecadores, y ten misericordia de las almas del purgatorio y de todos los fieles difuntos. Te ruego que sanes a los enfermos si es tu voluntad. Te ruego que ayudes a quienes atraviesan momentos dif\u00edciles. Ay\u00fadalos a caminar contigo a trav\u00e9s de las pruebas y tribulaciones de su vida. Gracias, Se\u00f1or, por la vida que me has dado. Te pido que tus \u00e1ngeles luchen con fiereza contra las fuerzas del mal que asolan nuestro mundo, incluyendo a los arc\u00e1ngeles de cada pa\u00eds. Por favor, trae tu paz a todos los pa\u00edses y pueblos.<\/p>\n\n\n\n<figure class=\"wp-block-image alignleft size-full is-resized\"><img data-recalc-dims=\"1\" loading=\"lazy\" decoding=\"async\" width=\"1024\" height=\"679\" data-attachment-id=\"8952\" data-permalink=\"https:\/\/my-all-about-you.com\/es\/2025\/09\/08\/a-prayer-for-gods-blessings-on-families-nations-and-the-world-day-271-palau\/cznmcy1wcml2yxrll3jhd3bpegvsx2ltywdlcy93zwjzaxrlx2nvbnrlbnqvbhivchgxmde4odc3lwltywdllwt3exjqcdn1lmpwzw\/\" data-orig-file=\"https:\/\/i0.wp.com\/my-all-about-you.com\/wp-content\/uploads\/2025\/09\/cznmcy1wcml2yxrll3jhd3bpegvsx2ltywdlcy93zwjzaxrlx2nvbnrlbnqvbhivchgxmde4odc3lwltywdllwt3exjqcdn1lmpwzw.webp?fit=1024%2C679&amp;ssl=1\" data-orig-size=\"1024,679\" data-comments-opened=\"1\" data-image-meta=\"{&quot;aperture&quot;:&quot;0&quot;,&quot;credit&quot;:&quot;&quot;,&quot;camera&quot;:&quot;&quot;,&quot;caption&quot;:&quot;&quot;,&quot;created_timestamp&quot;:&quot;0&quot;,&quot;copyright&quot;:&quot;&quot;,&quot;focal_length&quot;:&quot;0&quot;,&quot;iso&quot;:&quot;0&quot;,&quot;shutter_speed&quot;:&quot;0&quot;,&quot;title&quot;:&quot;&quot;,&quot;orientation&quot;:&quot;0&quot;}\" data-image-title=\"cznmcy1wcml2yxrll3jhd3bpegvsx2ltywdlcy93zwjzaxrlx2nvbnrlbnqvbhivchgxmde4odc3lwltywdllwt3exjqcdn1lmpwzw\" data-image-description=\"\" data-image-caption=\"\" data-large-file=\"https:\/\/i0.wp.com\/my-all-about-you.com\/wp-content\/uploads\/2025\/09\/cznmcy1wcml2yxrll3jhd3bpegvsx2ltywdlcy93zwjzaxrlx2nvbnrlbnqvbhivchgxmde4odc3lwltywdllwt3exjqcdn1lmpwzw.webp?fit=1024%2C679&amp;ssl=1\" src=\"https:\/\/i0.wp.com\/my-all-about-you.com\/wp-content\/uploads\/2025\/09\/cznmcy1wcml2yxrll3jhd3bpegvsx2ltywdlcy93zwjzaxrlx2nvbnrlbnqvbhivchgxmde4odc3lwltywdllwt3exjqcdn1lmpwzw.webp?resize=1024%2C679&#038;ssl=1\" alt=\"A tranquil beach scene featuring crystal clear water, lush green hills, and a small wooden dock. A person is seen sitting near the water's edge, enjoying the serene environment.\" class=\"wp-image-8952\" style=\"aspect-ratio:0.7338576092375485;width:398px;height:auto\" \/><figcaption class=\"wp-element-caption\">A serene landscape featuring a tranquil lagoon surrounded by lush greenery, ideal for relaxation and reflection.<\/figcaption><\/figure>\n\n\n\n<p class=\"has-dark-gray-blue-color has-text-color has-link-color wp-elements-6 wp-block-paragraph\">Querido Se\u00f1or, te imploramos fervientemente que envuelvas a todas las almas inquietas que se encuentran despiertas en la quietud de esta noche con tu paz infinita. Buscamos tu divina intervenci\u00f3n por aquellos que est\u00e1n en nuestro <a href=\"http:\/\/my-all-about-you.com\/es\/what-do-i-have-to-give\/prayer-requests\/\">lista de oraci\u00f3n<\/a>, encompassing every beloved individual we have mentioned and those honored: Gerry, Mike, Rojie, Kevin, Alice, Max, Jennifer, Di, Patricia, Matthew, Italoye&nbsp;, Joseph, Mosckerr, Cadee, and alongside those we include those in desperate need whom we meet every day like the weary souls sleeping on the streets, under bridges, in hospitals, and their families. We ask You to help our teens draw closer to You, to uplift those with mental disabilities, those who wander in doubt of Your existence, and those suffering from Alzheimer&#8217;s and terminal illnesses. We pray for the growing number of men and women entering the religious life and for those who experience violence from lost souls.<\/p>\n\n\n\n<p class=\"has-text-color has-link-color wp-elements-7 wp-block-paragraph\" style=\"color:#0c0000\">Se\u00f1or, intercede por todos los pueblos. Mu\u00e9strales c\u00f3mo resolver sus diferencias sin pelear, sin disturbios ni lastimarse mutuamente. Abre nuestros ojos a la belleza de ponerte en primer lugar en nuestra vida y vivir en paz. Que todos comprendamos que las diferentes opiniones no tienen por qu\u00e9 dividirnos; al contrario, trabajemos juntos para alcanzar un entendimiento com\u00fan. Gracias, Se\u00f1or, por estar siempre presente para m\u00ed y para todos. Tu presencia es la belleza de nuestra vida.<\/p>\n\n\n\n<p class=\"has-text-color has-link-color wp-elements-8 wp-block-paragraph\" style=\"color:#0c0000\">Nos presentamos ante Ti con corazones humildes, buscando Tu gu\u00eda divina para el Papa Le\u00f3n XIV. Te pedimos que lo conviertas en Tu instrumento puro, lleno \u00fanicamente de Tu Esp\u00edritu Santo. Que ninguna influencia mundana, ninguna fuerza ajena a Tu reino celestial, aparte su coraz\u00f3n o su mente de Ti. Que cada palabra que pronuncie sea Tuya, inspirada por Tu verdad y en perfecta armon\u00eda con las ense\u00f1anzas de Tu Sagrada Escritura. Oramos para que su voluntad se entregue por completo a la Tuya, reflejando \u00fanicamente Tu prop\u00f3sito y gloria divinos. Gu\u00edalo, Padre, para que sea un pastor fiel bajo Tu control soberano y que Tus \u00e1ngeles lo protejan de todo mal.<\/p>\n\n\n\n<p class=\"has-text-color has-link-color wp-elements-9 wp-block-paragraph\" style=\"color:#0c0000\">Te pedimos que llenes nuestros lugares de culto hasta rebosar y que las capillas de adoraci\u00f3n perpetua est\u00e9n llenas a cada hora del d\u00eda, todos los d\u00edas de la semana. Adem\u00e1s, te pedimos que protejas a nuestro clero. Dales la fuerza para seguir adelante y seguirte m\u00e1s de cerca, sin perder de vista la misi\u00f3n que les has encomendado. Elevamos cada intenci\u00f3n sincera y cada s\u00faplica silenciosa que llevamos dentro. En tu sagrado nombre, oramos. Te adoramos, y que con cada d\u00eda que pasa, nuestro amor por ti crezca cada vez m\u00e1s.<\/p>\n\n\n\n<p class=\"has-text-color has-link-color wp-elements-10 wp-block-paragraph\" style=\"color:#0c0000\">Am\u00e9n.<\/p>\n\n\n\n<figure class=\"wp-block-embed is-type-video is-provider-youtube wp-block-embed-youtube wp-embed-aspect-16-9 wp-has-aspect-ratio\"><div class=\"wp-block-embed__wrapper\">\n<span class=\"embed-youtube\" style=\"text-align:center; display: block;\"><iframe loading=\"lazy\" class=\"youtube-player\" width=\"640\" height=\"360\" src=\"https:\/\/www.youtube.com\/embed\/VgQ-QF4xpPs?version=3&#038;rel=1&#038;showsearch=0&#038;showinfo=1&#038;iv_load_policy=1&#038;fs=1&#038;hl=es-MX&#038;autohide=2&#038;wmode=transparent\" allowfullscreen=\"true\" style=\"border:0;\" sandbox=\"allow-scripts allow-same-origin allow-popups allow-presentation allow-popups-to-escape-sandbox\"><\/iframe><\/span>\n<\/div><\/figure>\n\n\n\n<p class=\"wp-block-paragraph\"><\/p>","protected":false},"excerpt":{"rendered":"<p>The content is a heartfelt prayer expressing gratitude for life&#8217;s blessings, seeking divine protection and guidance for family, friends, and the nation of Palau. It emphasizes the importance of marriage, nurturing youth, and healing for the suffering. The prayer also calls for interfaith harmony, environmental stewardship, and a deeper relationship with God.<\/p>","protected":false},"author":132804860,"featured_media":8948,"comment_status":"open","ping_status":"open","sticky":false,"template":"","format":"standard","meta":{"_coblocks_attr":"","_coblocks_dimensions":"","_coblocks_responsive_height":"","_coblocks_accordion_ie_support":"","_jetpack_newsletter_access":"","_jetpack_dont_email_post_to_subs":false,"_jetpack_newsletter_tier_id":0,"_jetpack_memberships_contains_paywalled_content":false,"_wpcom_ai_launchpad_first_post":false,"_jetpack_feature_clip_id":0,"_jetpack_memberships_contains_paid_content":false,"footnotes":"","jetpack_publicize_message":"{title}\n\n{excerpt}\n\n{url}","jetpack_publicize_feature_enabled":true,"jetpack_social_post_already_shared":false,"jetpack_social_options":{"image_generator_settings":{"template":"dois","default_image_id":0,"font":"","enabled":false},"version":2},"_wpas_customize_per_network":false,"jetpack_post_was_ever_published":false},"categories":[8792,29924,86603,5411],"tags":[10051,123169,785750961,7816,1460,8329,4550,72286,853,75200],"class_list":["post-8947","post","type-post","status-publish","format-standard","has-post-thumbnail","hentry","category-adventure","category-countries","category-cultural-heritage","category-gratitude","tag-bible","tag-christians","tag-faith","tag-god","tag-healthcare","tag-jesus","tag-marriage","tag-palau","tag-prayer","tag-prayer-list"],"jetpack_publicize_connections":[],"jetpack_sharing_enabled":true,"jetpack_likes_enabled":true,"jetpack_shortlink":"https:\/\/wp.me\/p9vUsN-2kj","jetpack-related-posts":[{"id":8963,"url":"https:\/\/my-all-about-you.com\/es\/2025\/09\/09\/a-prayer-for-gods-blessings-on-families-nations-and-the-world-day-272-palestine\/","url_meta":{"origin":8947,"position":0},"title":"A Prayer for God\u2019s Blessings on Families, Nations, and the World, Day 272, Palestine","author":"myallaboutyou","date":"septiembre 9, 2025","format":false,"excerpt":"The content is a heartfelt prayer expressing gratitude for life's blessings, seeking divine protection and guidance for family, friends, and the nation of Palau. It emphasizes the importance of marriage, nurturing youth, and healing for the suffering. The prayer also calls for interfaith harmony, environmental stewardship, and a deeper relationship\u2026","rel":"","context":"En &quot;Adventure&quot;","block_context":{"text":"Adventure","link":"https:\/\/my-all-about-you.com\/es\/category\/adventure\/"},"img":{"alt_text":"","src":"https:\/\/i0.wp.com\/my-all-about-you.com\/wp-content\/uploads\/2025\/09\/pexels-photo-3589669.jpeg?fit=1200%2C795&ssl=1&resize=350%2C200","width":350,"height":200,"srcset":"https:\/\/i0.wp.com\/my-all-about-you.com\/wp-content\/uploads\/2025\/09\/pexels-photo-3589669.jpeg?fit=1200%2C795&ssl=1&resize=350%2C200 1x, https:\/\/i0.wp.com\/my-all-about-you.com\/wp-content\/uploads\/2025\/09\/pexels-photo-3589669.jpeg?fit=1200%2C795&ssl=1&resize=525%2C300 1.5x, https:\/\/i0.wp.com\/my-all-about-you.com\/wp-content\/uploads\/2025\/09\/pexels-photo-3589669.jpeg?fit=1200%2C795&ssl=1&resize=700%2C400 2x, https:\/\/i0.wp.com\/my-all-about-you.com\/wp-content\/uploads\/2025\/09\/pexels-photo-3589669.jpeg?fit=1200%2C795&ssl=1&resize=1050%2C600 3x"},"classes":[]},{"id":6614,"url":"https:\/\/my-all-about-you.com\/es\/2025\/03\/20\/eliminate-distractions-a-guide-to-spiritual-focus\/","url_meta":{"origin":8947,"position":1},"title":"Elimina las distracciones: una gu\u00eda para el enfoque espiritual.","author":"myallaboutyou","date":"marzo 20, 2025","format":false,"excerpt":"Creating intentional prayer times throughout the day fosters a profound connection with the Blessed Trinity. Morning to night, these sacred pauses deepen our focus on the Father, Son, and Holy Spirit, transforming life's chaos into a meaningful journey filled with peace, purpose, and an abiding love that enriches our relationships\u2026","rel":"","context":"En &quot;Character&quot;","block_context":{"text":"Character","link":"https:\/\/my-all-about-you.com\/es\/category\/character\/"},"img":{"alt_text":"","src":"https:\/\/i0.wp.com\/my-all-about-you.com\/wp-content\/uploads\/2025\/03\/image-20.png?fit=1024%2C768&ssl=1&resize=350%2C200","width":350,"height":200,"srcset":"https:\/\/i0.wp.com\/my-all-about-you.com\/wp-content\/uploads\/2025\/03\/image-20.png?fit=1024%2C768&ssl=1&resize=350%2C200 1x, https:\/\/i0.wp.com\/my-all-about-you.com\/wp-content\/uploads\/2025\/03\/image-20.png?fit=1024%2C768&ssl=1&resize=525%2C300 1.5x, https:\/\/i0.wp.com\/my-all-about-you.com\/wp-content\/uploads\/2025\/03\/image-20.png?fit=1024%2C768&ssl=1&resize=700%2C400 2x"},"classes":[]},{"id":4608,"url":"https:\/\/my-all-about-you.com\/es\/2024\/12\/16\/a-prayer-for-gods-blessings-on-families-nations-and-the-world-day-21-armenia\/","url_meta":{"origin":8947,"position":2},"title":"A Prayer for God\u2019s Blessings on Families, Nations, and the World, Day 21, Armenia","author":"myallaboutyou","date":"diciembre 16, 2024","format":false,"excerpt":"The post expresses gratitude to God for daily blessings and protection over loved ones. It requests guidance and healing for individuals, communities, and nations, including Armenia, emphasizing the importance of faith and support. The prayer seeks divine peace, strength, and inspiration for leaders and those facing challenges, concluding with earnest\u2026","rel":"","context":"En &quot;Character&quot;","block_context":{"text":"Character","link":"https:\/\/my-all-about-you.com\/es\/category\/character\/"},"img":{"alt_text":"Beautiful historic church surrounded by vibrant fall trees.","src":"https:\/\/i0.wp.com\/my-all-about-you.com\/wp-content\/uploads\/2024\/12\/armenia.png?fit=940%2C788&ssl=1&resize=350%2C200","width":350,"height":200,"srcset":"https:\/\/i0.wp.com\/my-all-about-you.com\/wp-content\/uploads\/2024\/12\/armenia.png?fit=940%2C788&ssl=1&resize=350%2C200 1x, https:\/\/i0.wp.com\/my-all-about-you.com\/wp-content\/uploads\/2024\/12\/armenia.png?fit=940%2C788&ssl=1&resize=525%2C300 1.5x, https:\/\/i0.wp.com\/my-all-about-you.com\/wp-content\/uploads\/2024\/12\/armenia.png?fit=940%2C788&ssl=1&resize=700%2C400 2x"},"classes":[]},{"id":4921,"url":"https:\/\/my-all-about-you.com\/es\/2024\/12\/28\/a-prayer-for-gods-blessings-on-families-nations-and-the-world-day-33-bahrain\/","url_meta":{"origin":8947,"position":3},"title":"A Prayer for God\u2019s Blessings on Families, Nations, and the World, Day 33, Bahrain","author":"myallaboutyou","date":"diciembre 28, 2024","format":false,"excerpt":"The prayer expresses deep gratitude to God for daily blessings, protection, and guidance for family and friends. It seeks healing for the sick, conversion of sinners, and peace for all nations, especially Bahrain. The prayer emphasizes the importance of community support, affordable housing, and divine assistance amid financial struggles while\u2026","rel":"","context":"En &quot;Character&quot;","block_context":{"text":"Character","link":"https:\/\/my-all-about-you.com\/es\/category\/character\/"},"img":{"alt_text":"Peaceful Muslim prayer scene during sunset with people in traditional attire praying in Bahrain","src":"https:\/\/i0.wp.com\/my-all-about-you.com\/wp-content\/uploads\/2024\/12\/create-a-highly-detailed-high-resolution-image-depicting-a-serene-scene.png?fit=1024%2C768&ssl=1&resize=350%2C200","width":350,"height":200,"srcset":"https:\/\/i0.wp.com\/my-all-about-you.com\/wp-content\/uploads\/2024\/12\/create-a-highly-detailed-high-resolution-image-depicting-a-serene-scene.png?fit=1024%2C768&ssl=1&resize=350%2C200 1x, https:\/\/i0.wp.com\/my-all-about-you.com\/wp-content\/uploads\/2024\/12\/create-a-highly-detailed-high-resolution-image-depicting-a-serene-scene.png?fit=1024%2C768&ssl=1&resize=525%2C300 1.5x, https:\/\/i0.wp.com\/my-all-about-you.com\/wp-content\/uploads\/2024\/12\/create-a-highly-detailed-high-resolution-image-depicting-a-serene-scene.png?fit=1024%2C768&ssl=1&resize=700%2C400 2x"},"classes":[]},{"id":5392,"url":"https:\/\/my-all-about-you.com\/es\/2025\/01\/12\/a-prayer-for-gods-blessings-on-families-nations-and-the-world-day-48-bermuda\/","url_meta":{"origin":8947,"position":4},"title":"A Prayer for God\u2019s Blessings on Families, Nations, and the World, Day 48, Bermuda","author":"myallaboutyou","date":"enero 12, 2025","format":false,"excerpt":"The prayer expresses gratitude to God for daily blessings, seeking protection and guidance for loved ones, and a deeper appreciation for marriage and family. It calls for economic stability and health for the people of Bermuda, while imploring divine assistance for those in need. Overall, it emphasizes unity, love, and\u2026","rel":"","context":"En &quot;Adventure&quot;","block_context":{"text":"Adventure","link":"https:\/\/my-all-about-you.com\/es\/category\/adventure\/"},"img":{"alt_text":"","src":"https:\/\/i0.wp.com\/my-all-about-you.com\/wp-content\/uploads\/2025\/01\/bermuda.png?fit=940%2C788&ssl=1&resize=350%2C200","width":350,"height":200,"srcset":"https:\/\/i0.wp.com\/my-all-about-you.com\/wp-content\/uploads\/2025\/01\/bermuda.png?fit=940%2C788&ssl=1&resize=350%2C200 1x, https:\/\/i0.wp.com\/my-all-about-you.com\/wp-content\/uploads\/2025\/01\/bermuda.png?fit=940%2C788&ssl=1&resize=525%2C300 1.5x, https:\/\/i0.wp.com\/my-all-about-you.com\/wp-content\/uploads\/2025\/01\/bermuda.png?fit=940%2C788&ssl=1&resize=700%2C400 2x"},"classes":[]},{"id":6041,"url":"https:\/\/my-all-about-you.com\/es\/2025\/02\/09\/a-prayer-for-gods-blessings-on-families-nations-and-the-world-day-75-central-african-republic\/","url_meta":{"origin":8947,"position":5},"title":"A Prayer for God\u2019s Blessings on Families, Nations, and the World, Day 75, Central African Republic","author":"myallaboutyou","date":"febrero 9, 2025","format":false,"excerpt":"The prayer expresses deep gratitude to God for daily blessings, family, and community. It seeks guidance for individuals and leaders, emphasizes the importance of marriage and children, and prays for protection over the Cayman Islands while acknowledging its beauty and history. The prayer also addresses personal struggles and the need\u2026","rel":"","context":"En &quot;Countries&quot;","block_context":{"text":"Countries","link":"https:\/\/my-all-about-you.com\/es\/category\/countries\/"},"img":{"alt_text":"Prayer for God's blessings on families, nations, and the world in the Central African Republic.","src":"https:\/\/i0.wp.com\/my-all-about-you.com\/wp-content\/uploads\/2025\/02\/image-15.png?fit=1024%2C768&ssl=1&resize=350%2C200","width":350,"height":200,"srcset":"https:\/\/i0.wp.com\/my-all-about-you.com\/wp-content\/uploads\/2025\/02\/image-15.png?fit=1024%2C768&ssl=1&resize=350%2C200 1x, https:\/\/i0.wp.com\/my-all-about-you.com\/wp-content\/uploads\/2025\/02\/image-15.png?fit=1024%2C768&ssl=1&resize=525%2C300 1.5x, https:\/\/i0.wp.com\/my-all-about-you.com\/wp-content\/uploads\/2025\/02\/image-15.png?fit=1024%2C768&ssl=1&resize=700%2C400 2x"},"classes":[]}],"jetpack_featured_media_url":"https:\/\/i0.wp.com\/my-all-about-you.com\/wp-content\/uploads\/2025\/09\/pexels-photo-7362514.jpeg?fit=1880%2C1175&ssl=1","_links":{"self":[{"href":"https:\/\/my-all-about-you.com\/es\/wp-json\/wp\/v2\/posts\/8947","targetHints":{"allow":["GET"]}}],"collection":[{"href":"https:\/\/my-all-about-you.com\/es\/wp-json\/wp\/v2\/posts"}],"about":[{"href":"https:\/\/my-all-about-you.com\/es\/wp-json\/wp\/v2\/types\/post"}],"author":[{"embeddable":true,"href":"https:\/\/my-all-about-you.com\/es\/wp-json\/wp\/v2\/users\/132804860"}],"replies":[{"embeddable":true,"href":"https:\/\/my-all-about-you.com\/es\/wp-json\/wp\/v2\/comments?post=8947"}],"version-history":[{"count":11,"href":"https:\/\/my-all-about-you.com\/es\/wp-json\/wp\/v2\/posts\/8947\/revisions"}],"predecessor-version":[{"id":9747,"href":"https:\/\/my-all-about-you.com\/es\/wp-json\/wp\/v2\/posts\/8947\/revisions\/9747"}],"wp:featuredmedia":[{"embeddable":true,"href":"https:\/\/my-all-about-you.com\/es\/wp-json\/wp\/v2\/media\/8948"}],"wp:attachment":[{"href":"https:\/\/my-all-about-you.com\/es\/wp-json\/wp\/v2\/media?parent=8947"}],"wp:term":[{"taxonomy":"category","embeddable":true,"href":"https:\/\/my-all-about-you.com\/es\/wp-json\/wp\/v2\/categories?post=8947"},{"taxonomy":"post_tag","embeddable":true,"href":"https:\/\/my-all-about-you.com\/es\/wp-json\/wp\/v2\/tags?post=8947"}],"curies":[{"name":"wp","href":"https:\/\/api.w.org\/{rel}","templated":true}]}}