{"id":8711,"date":"2025-08-27T06:51:17","date_gmt":"2025-08-27T11:51:17","guid":{"rendered":"https:\/\/my-all-about-you.com\/?p=8711"},"modified":"2025-08-27T15:43:03","modified_gmt":"2025-08-27T20:43:03","slug":"a-prayer-for-gods-blessings-on-families-nations-and-the-world-day-258-niger-2","status":"publish","type":"post","link":"https:\/\/my-all-about-you.com\/es\/2025\/08\/27\/a-prayer-for-gods-blessings-on-families-nations-and-the-world-day-258-niger-2\/","title":{"rendered":"A Prayer for God\u2019s Blessings on Families, Nations, and the World, Day 259, Niger"},"content":{"rendered":"<p class=\"has-text-color has-link-color wp-elements-1 wp-block-paragraph\" style=\"color:#0c0000\">Querido Padre Celestial,<\/p>\n\n\n\n<p class=\"has-text-color has-link-color wp-elements-2 wp-block-paragraph\" style=\"color:#0c0000\">Gracias por este d\u00eda. Gracias por todo lo que haces por m\u00ed cada d\u00eda, incluso por aquello que a veces no percibo. Gracias por cuidar de mi familia, amigos y conocidos. Te pido que los protejas y los gu\u00edes en esta vida. Tr\u00e1elos sanos y salvos de regreso a ti. Hazles saber que est\u00e1s ah\u00ed para ellos. Nunca permitas que olvide tu presencia en mi vida y gu\u00edame con seguridad a lo largo de ella.<\/p>\n\n\n\n<p class=\"has-text-color has-link-color wp-elements-3 wp-block-paragraph\" style=\"color:#0c0000\">Se\u00f1or, humildemente te pido tu favor. Toca los corazones de los j\u00f3venes, ayud\u00e1ndoles a apreciar el sagrado don del matrimonio y la dulce voz de los ni\u00f1os. Ilumina su visi\u00f3n para que descubran la profunda belleza de compartir la vida con alguien a quien aman profundamente. Que est\u00e9n abiertos a las alegr\u00edas y tristezas que conlleva el v\u00ednculo especial del matrimonio, as\u00ed como a las alegr\u00edas y desaf\u00edos \u00fanicos que los hijos traen a sus vidas.<\/p>\n\n\n\n<p class=\"has-text-color has-link-color wp-elements-4 wp-block-paragraph\" style=\"color:#000000\"><strong>Heavenly Father, Almighty God, we fervently lift our hearts in joyous thanksgiving for Niger, a nation profoundly blessed by Your divine hand, from the breathtaking heights of the A\u00efr Mountains to the boundless expanse of the T\u00e9n\u00e9r\u00e9 Desert, radiating with Your majesty. We exalt You for the 50,000 devoted Christians who ardently follow Your Son, Jesus Christ, inspired by Halima\u2019s extraordinary witness of love to the extremists and the passionate evangelical outreach reaching nomads on motorbikes. Thank You for St. Cyprian\u2019s enduring legacy, illuminating faith across North Africa, and for the churches beautifully rebuilt after the 2015 attacks, standing as powerful symbols of Your unwavering hope. Bless the vibrant griot music, the courageous salt caravans of the Tuareg, and the cherished traditions of the Dosso Kingdom, all preserving Your magnificent gift of culture. We are immensely grateful for Niamey\u2019s Grand Mosque, which fosters a deep sense of community, and for the exquisite leather crafts providing sustenance to families in Your generous provision.<\/strong><\/p>\n\n\n\n<p class=\"has-text-color has-link-color wp-elements-5 wp-block-paragraph\" style=\"color:#000000\"><strong>In Your boundless compassion, we humbly lift up our heartfelt pleas for the urgent needs of Niger. We ask for nourishment and food security our brothers and sisters facing hunger, and we seek safety for the thousands displaced by conflict. May we find a way to strengthen rural schools to address the critical teacher shortages and ensure that every community has access to electricity. We implore You to protect Your precious creation from the grip of drought and to combat the scourge of gender-based violence with Your divine justice. Guide our leaders towards peace and stability, and inspire necessary reforms in our judicial systems that uphold Your truth. Bring healing to the trauma experienced by so many through compassionate mental health care, and foster unity among our diverse ethnic groups. We pray that Your Church in Niger may radiate a reflection of Your love, through Jesus Christ, our Lord and Savior.<\/strong><\/p>\n\n\n\n<p class=\"has-text-color has-link-color wp-elements-6 wp-block-paragraph\" style=\"color:#000000\">Te pido la conversi\u00f3n y la misericordia para todos los pecadores, y ten misericordia de las almas del purgatorio y de todos los fieles difuntos. Te ruego que sanes a los enfermos si es tu voluntad. Te ruego que ayudes a quienes atraviesan momentos dif\u00edciles. Ay\u00fadalos a caminar contigo a trav\u00e9s de las pruebas y tribulaciones de su vida. Gracias, Se\u00f1or, por la vida que me has dado. Te pido que tus \u00e1ngeles luchen con fiereza contra las fuerzas del mal que asolan nuestro mundo, incluyendo a los arc\u00e1ngeles de cada pa\u00eds. Por favor, trae tu paz a todos los pa\u00edses y pueblos.<\/p>\n\n\n\n<figure class=\"wp-block-image alignleft size-full is-resized\"><img data-recalc-dims=\"1\" loading=\"lazy\" decoding=\"async\" width=\"1800\" height=\"1300\" data-attachment-id=\"8714\" data-permalink=\"https:\/\/my-all-about-you.com\/es\/2025\/08\/27\/a-prayer-for-gods-blessings-on-families-nations-and-the-world-day-258-niger-2\/pexels-photo-13851626\/\" data-orig-file=\"https:\/\/i0.wp.com\/my-all-about-you.com\/wp-content\/uploads\/2025\/08\/pexels-photo-13851626.jpeg?fit=1800%2C1300&amp;ssl=1\" data-orig-size=\"1800,1300\" data-comments-opened=\"1\" data-image-meta=\"{&quot;aperture&quot;:&quot;0&quot;,&quot;credit&quot;:&quot;&quot;,&quot;camera&quot;:&quot;&quot;,&quot;caption&quot;:&quot;&quot;,&quot;created_timestamp&quot;:&quot;0&quot;,&quot;copyright&quot;:&quot;&quot;,&quot;focal_length&quot;:&quot;0&quot;,&quot;iso&quot;:&quot;0&quot;,&quot;shutter_speed&quot;:&quot;0&quot;,&quot;title&quot;:&quot;&quot;,&quot;orientation&quot;:&quot;0&quot;}\" data-image-title=\"people on camels\" data-image-description=\"\" data-image-caption=\"&lt;p&gt;Photo by Andru00e9 on &lt;a href=&quot;https:\/\/www.pexels.com\/photo\/people-on-camels-13851626\/&quot; rel=&quot;nofollow&quot;&gt;Pexels.com&lt;\/a&gt;&lt;\/p&gt;\" data-large-file=\"https:\/\/i0.wp.com\/my-all-about-you.com\/wp-content\/uploads\/2025\/08\/pexels-photo-13851626.jpeg?fit=1024%2C740&amp;ssl=1\" src=\"https:\/\/i0.wp.com\/my-all-about-you.com\/wp-content\/uploads\/2025\/08\/pexels-photo-13851626.jpeg?resize=1800%2C1300&#038;ssl=1\" alt=\"\" class=\"wp-image-8714\" style=\"aspect-ratio:1.499277171770272;width:338px;height:auto\" \/><figcaption class=\"wp-element-caption\">Photo by Andru00e9 on <a href=\"https:\/\/www.pexels.com\/photo\/people-on-camels-13851626\/\" rel=\"nofollow noopener\" target=\"_blank\">Pexels.com<\/a><\/figcaption><\/figure>\n\n\n\n<p class=\"has-dark-gray-blue-color has-text-color has-link-color wp-elements-7 wp-block-paragraph\">Querido Se\u00f1or, te pedimos fervientemente que concedas paz a todas esas almas inquietas que est\u00e1n despiertas a esta hora de la noche. Buscamos tu ayuda divina para aquellos en la lista de oraci\u00f3n, incluyendo a cada persona querida mencionada anteriormente, as\u00ed como aquellos que aparecen en este sitio web. <a href=\"http:\/\/my-all-about-you.com\/es\/what-do-i-have-to-give\/prayer-requests\/\">lista de oraci\u00f3n<\/a>. Please include these individuals as well, Matt, Tom, Betty, Vince, Tom, Todd, Randy, Jennifer, Christine, Wendy, Tyler, Rob, Bill, Lisa, and those who with needs that we meet on a daily basis, who sleep on sides of roads, sidewalks, under overpasses, and those in hospitals and their families, and help teens grow closer to You, those with mental disabilities, those who are lost or confused about Your existence, and people with Alzheimer&#8217;s and terminal illnesses, and the number of men and women entering the religious life.<\/p>\n\n\n\n<p class=\"has-text-color has-link-color wp-elements-8 wp-block-paragraph\" style=\"color:#0c0000\">Se\u00f1or, intercede por todos los pueblos. Mu\u00e9strales c\u00f3mo resolver sus diferencias sin pelear, sin disturbios ni lastimarse mutuamente. Abre nuestros ojos a la belleza de ponerte en primer lugar en nuestra vida y vivir en paz. Que todos comprendamos que las diferentes opiniones no tienen por qu\u00e9 dividirnos; al contrario, trabajemos juntos para alcanzar un entendimiento com\u00fan. Gracias, Se\u00f1or, por estar siempre presente para m\u00ed y para todos. Tu presencia es la belleza de nuestra vida.<\/p>\n\n\n\n<p class=\"has-text-color has-link-color wp-elements-9 wp-block-paragraph\" style=\"color:#0c0000\">Nos presentamos ante Ti con corazones humildes, buscando Tu gu\u00eda divina para el Papa Le\u00f3n XIV. Te pedimos que lo conviertas en Tu instrumento puro, lleno \u00fanicamente de Tu Esp\u00edritu Santo. Que ninguna influencia mundana, ninguna fuerza ajena a Tu reino celestial, aparte su coraz\u00f3n o su mente de Ti. Que cada palabra que pronuncie sea Tuya, inspirada por Tu verdad y en perfecta armon\u00eda con las ense\u00f1anzas de Tu Sagrada Escritura. Oramos para que su voluntad se entregue por completo a la Tuya, reflejando \u00fanicamente Tu prop\u00f3sito y gloria divinos. Gu\u00edalo, Padre, para que sea un pastor fiel bajo Tu control soberano y que Tus \u00e1ngeles lo protejan de todo mal.<\/p>\n\n\n\n<p class=\"has-text-color has-link-color wp-elements-10 wp-block-paragraph\" style=\"color:#0c0000\">Te pedimos que llenes nuestros lugares de culto hasta rebosar y que las capillas de adoraci\u00f3n perpetua est\u00e9n llenas a cada hora del d\u00eda, todos los d\u00edas de la semana. Adem\u00e1s, te pedimos que protejas a nuestro clero. Dales la fuerza para seguir adelante y seguirte m\u00e1s de cerca, sin perder de vista la misi\u00f3n que les has encomendado. Elevamos cada intenci\u00f3n sincera y cada s\u00faplica silenciosa que llevamos dentro. En tu sagrado nombre, oramos. Te adoramos, y que con cada d\u00eda que pasa, nuestro amor por ti crezca cada vez m\u00e1s.<\/p>\n\n\n\n<p class=\"has-text-color has-link-color wp-elements-11 wp-block-paragraph\" style=\"color:#0c0000\">Am\u00e9n.<\/p>\n\n\n\n<figure class=\"wp-block-embed is-type-video is-provider-youtube wp-block-embed-youtube wp-embed-aspect-16-9 wp-has-aspect-ratio\"><div class=\"wp-block-embed__wrapper\">\n<span class=\"embed-youtube\" style=\"text-align:center; display: block;\"><iframe loading=\"lazy\" class=\"youtube-player\" width=\"640\" height=\"360\" src=\"https:\/\/www.youtube.com\/embed\/DOvchPnUCzw?version=3&#038;rel=1&#038;showsearch=0&#038;showinfo=1&#038;iv_load_policy=1&#038;fs=1&#038;hl=es-MX&#038;autohide=2&#038;wmode=transparent\" allowfullscreen=\"true\" style=\"border:0;\" sandbox=\"allow-scripts allow-same-origin allow-popups allow-presentation allow-popups-to-escape-sandbox\"><\/iframe><\/span>\n<\/div><\/figure>","protected":false},"excerpt":{"rendered":"<p>The prayer expresses gratitude to God for daily blessings, protection for loved ones, and guidance in marriage and family life. It highlights the faith of Christians in Niger amidst adversity, asks for mercy and assistance for the less fortunate, and seeks peace and unity among people while praying for spiritual leaders and the faithful.<\/p>","protected":false},"author":132804860,"featured_media":8705,"comment_status":"open","ping_status":"open","sticky":false,"template":"","format":"standard","meta":{"_coblocks_attr":"","_coblocks_dimensions":"","_coblocks_responsive_height":"","_coblocks_accordion_ie_support":"","_jetpack_newsletter_access":"","_jetpack_dont_email_post_to_subs":false,"_jetpack_newsletter_tier_id":0,"_jetpack_memberships_contains_paywalled_content":false,"_wpcom_ai_launchpad_first_post":false,"_jetpack_feature_clip_id":0,"_jetpack_memberships_contains_paid_content":false,"footnotes":"","jetpack_publicize_message":"{title}\n\n{excerpt}\n\n{url}","jetpack_publicize_feature_enabled":true,"jetpack_social_post_already_shared":false,"jetpack_social_options":{"image_generator_settings":{"template":"dois","default_image_id":0,"font":"","enabled":false},"version":2},"_wpas_customize_per_network":false,"jetpack_post_was_ever_published":false},"categories":[8792,29924,86603,5411],"tags":[10051,123169,785750961,7816,1460,543530436,8329,24193,44142,2296787,853,75200],"class_list":["post-8711","post","type-post","status-publish","format-standard","has-post-thumbnail","hentry","category-adventure","category-countries","category-cultural-heritage","category-gratitude","tag-bible","tag-christians","tag-faith","tag-god","tag-healthcare","tag-jeff-woodke","tag-jesus","tag-missions","tag-niger","tag-pope-leo","tag-prayer","tag-prayer-list"],"jetpack_publicize_connections":[],"jetpack_sharing_enabled":true,"jetpack_likes_enabled":true,"jetpack_shortlink":"https:\/\/wp.me\/p9vUsN-2gv","jetpack-related-posts":[{"id":8704,"url":"https:\/\/my-all-about-you.com\/es\/2025\/08\/26\/a-prayer-for-gods-blessings-on-families-nations-and-the-world-day-258-niger\/","url_meta":{"origin":8711,"position":0},"title":"A Prayer for God\u2019s Blessings on Families, Nations, and the World, Day 258, Niger","author":"myallaboutyou","date":"agosto 26, 2025","format":false,"excerpt":"The prayer expresses gratitude to God for daily blessings, protection for loved ones, and guidance in marriage and family life. It highlights the faith of Christians in Niger amidst adversity, asks for mercy and assistance for the less fortunate, and seeks peace and unity among people while praying for spiritual\u2026","rel":"","context":"En &quot;Adventure&quot;","block_context":{"text":"Adventure","link":"https:\/\/my-all-about-you.com\/es\/category\/adventure\/"},"img":{"alt_text":"","src":"https:\/\/i0.wp.com\/my-all-about-you.com\/wp-content\/uploads\/2025\/08\/pexels-photo-20858919.jpeg?fit=900%2C1200&ssl=1&resize=350%2C200","width":350,"height":200,"srcset":"https:\/\/i0.wp.com\/my-all-about-you.com\/wp-content\/uploads\/2025\/08\/pexels-photo-20858919.jpeg?fit=900%2C1200&ssl=1&resize=350%2C200 1x, https:\/\/i0.wp.com\/my-all-about-you.com\/wp-content\/uploads\/2025\/08\/pexels-photo-20858919.jpeg?fit=900%2C1200&ssl=1&resize=525%2C300 1.5x, https:\/\/i0.wp.com\/my-all-about-you.com\/wp-content\/uploads\/2025\/08\/pexels-photo-20858919.jpeg?fit=900%2C1200&ssl=1&resize=700%2C400 2x"},"classes":[]},{"id":8718,"url":"https:\/\/my-all-about-you.com\/es\/2025\/08\/28\/a-prayer-for-gods-blessings-on-families-nations-and-the-world-day-260-nigeria\/","url_meta":{"origin":8711,"position":1},"title":"A Prayer for God\u2019s Blessings on Families, Nations, and the World, Day 260, Nigeria","author":"myallaboutyou","date":"agosto 28, 2025","format":false,"excerpt":"The heartfelt prayer expresses gratitude for daily blessings, seeks protection for loved ones, and emphasizes the importance of marriage and family. It pleads for assistance in Niger, addressing hunger, safety, education, and healing. The prayer also requests peace among peoples, guidance for leaders, and support for clergy, all while acknowledging\u2026","rel":"","context":"En &quot;Adventure&quot;","block_context":{"text":"Adventure","link":"https:\/\/my-all-about-you.com\/es\/category\/adventure\/"},"img":{"alt_text":"","src":"https:\/\/i0.wp.com\/my-all-about-you.com\/wp-content\/uploads\/2025\/08\/pexels-photo-33638545.jpeg?fit=798%2C1200&ssl=1&resize=350%2C200","width":350,"height":200,"srcset":"https:\/\/i0.wp.com\/my-all-about-you.com\/wp-content\/uploads\/2025\/08\/pexels-photo-33638545.jpeg?fit=798%2C1200&ssl=1&resize=350%2C200 1x, https:\/\/i0.wp.com\/my-all-about-you.com\/wp-content\/uploads\/2025\/08\/pexels-photo-33638545.jpeg?fit=798%2C1200&ssl=1&resize=525%2C300 1.5x, https:\/\/i0.wp.com\/my-all-about-you.com\/wp-content\/uploads\/2025\/08\/pexels-photo-33638545.jpeg?fit=798%2C1200&ssl=1&resize=700%2C400 2x"},"classes":[]},{"id":4608,"url":"https:\/\/my-all-about-you.com\/es\/2024\/12\/16\/a-prayer-for-gods-blessings-on-families-nations-and-the-world-day-21-armenia\/","url_meta":{"origin":8711,"position":2},"title":"A Prayer for God\u2019s Blessings on Families, Nations, and the World, Day 21, Armenia","author":"myallaboutyou","date":"diciembre 16, 2024","format":false,"excerpt":"The post expresses gratitude to God for daily blessings and protection over loved ones. It requests guidance and healing for individuals, communities, and nations, including Armenia, emphasizing the importance of faith and support. The prayer seeks divine peace, strength, and inspiration for leaders and those facing challenges, concluding with earnest\u2026","rel":"","context":"En &quot;Character&quot;","block_context":{"text":"Character","link":"https:\/\/my-all-about-you.com\/es\/category\/character\/"},"img":{"alt_text":"Beautiful historic church surrounded by vibrant fall trees.","src":"https:\/\/i0.wp.com\/my-all-about-you.com\/wp-content\/uploads\/2024\/12\/armenia.png?fit=940%2C788&ssl=1&resize=350%2C200","width":350,"height":200,"srcset":"https:\/\/i0.wp.com\/my-all-about-you.com\/wp-content\/uploads\/2024\/12\/armenia.png?fit=940%2C788&ssl=1&resize=350%2C200 1x, https:\/\/i0.wp.com\/my-all-about-you.com\/wp-content\/uploads\/2024\/12\/armenia.png?fit=940%2C788&ssl=1&resize=525%2C300 1.5x, https:\/\/i0.wp.com\/my-all-about-you.com\/wp-content\/uploads\/2024\/12\/armenia.png?fit=940%2C788&ssl=1&resize=700%2C400 2x"},"classes":[]},{"id":8748,"url":"https:\/\/my-all-about-you.com\/es\/2025\/08\/31\/a-prayer-for-gods-blessings-on-families-nations-and-the-world-day-263-north-macedonia\/","url_meta":{"origin":8711,"position":3},"title":"A Prayer for God\u2019s Blessings on Families, Nations, and the World, Day 263, North Macedonia","author":"myallaboutyou","date":"agosto 31, 2025","format":false,"excerpt":"The heartfelt prayer expresses gratitude for daily blessings, seeks protection for loved ones, and emphasizes the importance of marriage and family. It pleads for assistance in Niger, addressing hunger, safety, education, and healing. The prayer also requests peace among peoples, guidance for leaders, and support for clergy, all while acknowledging\u2026","rel":"","context":"En &quot;Adventure&quot;","block_context":{"text":"Adventure","link":"https:\/\/my-all-about-you.com\/es\/category\/adventure\/"},"img":{"alt_text":"","src":"https:\/\/i0.wp.com\/my-all-about-you.com\/wp-content\/uploads\/2025\/08\/pexels-photo-33606566.jpeg?fit=900%2C1200&ssl=1&resize=350%2C200","width":350,"height":200,"srcset":"https:\/\/i0.wp.com\/my-all-about-you.com\/wp-content\/uploads\/2025\/08\/pexels-photo-33606566.jpeg?fit=900%2C1200&ssl=1&resize=350%2C200 1x, https:\/\/i0.wp.com\/my-all-about-you.com\/wp-content\/uploads\/2025\/08\/pexels-photo-33606566.jpeg?fit=900%2C1200&ssl=1&resize=525%2C300 1.5x, https:\/\/i0.wp.com\/my-all-about-you.com\/wp-content\/uploads\/2025\/08\/pexels-photo-33606566.jpeg?fit=900%2C1200&ssl=1&resize=700%2C400 2x"},"classes":[]},{"id":15773,"url":"https:\/\/my-all-about-you.com\/es\/2026\/07\/29\/a-prayer-for-gods-blessings-on-families-nations-and-the-world-day-202-mali\/","url_meta":{"origin":8711,"position":4},"title":"Oraci\u00f3n para que Dios bendiga a las familias, las naciones y el mundo, d\u00eda 202, Mal\u00ed","author":"myallaboutyou","date":"julio 29, 2026","format":false,"excerpt":"This heartfelt prayer expresses gratitude to God for daily blessings and seeks guidance, protection, and peace for loved ones and the community. It emphasizes the importance of marriage, family, and serving others, while calling for unity and healing across the world, especially in Malawi. The author also prays for clergy\u2026","rel":"","context":"En &quot;2026&quot;","block_context":{"text":"2026","link":"https:\/\/my-all-about-you.com\/es\/category\/the-3-am-prayer\/2026\/"},"img":{"alt_text":"Mali flag waving in the wind against a clear blue sky.","src":"https:\/\/i0.wp.com\/my-all-about-you.com\/wp-content\/uploads\/2025\/07\/pexels-photo-13867809.jpeg?fit=876%2C1200&ssl=1&resize=350%2C200","width":350,"height":200,"srcset":"https:\/\/i0.wp.com\/my-all-about-you.com\/wp-content\/uploads\/2025\/07\/pexels-photo-13867809.jpeg?fit=876%2C1200&ssl=1&resize=350%2C200 1x, https:\/\/i0.wp.com\/my-all-about-you.com\/wp-content\/uploads\/2025\/07\/pexels-photo-13867809.jpeg?fit=876%2C1200&ssl=1&resize=525%2C300 1.5x, https:\/\/i0.wp.com\/my-all-about-you.com\/wp-content\/uploads\/2025\/07\/pexels-photo-13867809.jpeg?fit=876%2C1200&ssl=1&resize=700%2C400 2x"},"classes":[]},{"id":8740,"url":"https:\/\/my-all-about-you.com\/es\/2025\/08\/30\/a-prayer-for-gods-blessings-on-families-nations-and-the-world-day-262-niue\/","url_meta":{"origin":8711,"position":5},"title":"A Prayer for God\u2019s Blessings on Families, Nations, and the World, Day 262, Niue","author":"myallaboutyou","date":"agosto 30, 2025","format":false,"excerpt":"The heartfelt prayer expresses gratitude for daily blessings, seeks protection for loved ones, and emphasizes the importance of marriage and family. It pleads for assistance in Niger, addressing hunger, safety, education, and healing. The prayer also requests peace among peoples, guidance for leaders, and support for clergy, all while acknowledging\u2026","rel":"","context":"En &quot;Adventure&quot;","block_context":{"text":"Adventure","link":"https:\/\/my-all-about-you.com\/es\/category\/adventure\/"},"img":{"alt_text":"","src":"https:\/\/i0.wp.com\/my-all-about-you.com\/wp-content\/uploads\/2025\/08\/nuie.png?fit=642%2C317&ssl=1&resize=350%2C200","width":350,"height":200,"srcset":"https:\/\/i0.wp.com\/my-all-about-you.com\/wp-content\/uploads\/2025\/08\/nuie.png?fit=642%2C317&ssl=1&resize=350%2C200 1x, https:\/\/i0.wp.com\/my-all-about-you.com\/wp-content\/uploads\/2025\/08\/nuie.png?fit=642%2C317&ssl=1&resize=525%2C300 1.5x"},"classes":[]}],"jetpack_featured_media_url":"https:\/\/i0.wp.com\/my-all-about-you.com\/wp-content\/uploads\/2025\/08\/pexels-photo-20858919.jpeg?fit=975%2C1300&ssl=1","_links":{"self":[{"href":"https:\/\/my-all-about-you.com\/es\/wp-json\/wp\/v2\/posts\/8711","targetHints":{"allow":["GET"]}}],"collection":[{"href":"https:\/\/my-all-about-you.com\/es\/wp-json\/wp\/v2\/posts"}],"about":[{"href":"https:\/\/my-all-about-you.com\/es\/wp-json\/wp\/v2\/types\/post"}],"author":[{"embeddable":true,"href":"https:\/\/my-all-about-you.com\/es\/wp-json\/wp\/v2\/users\/132804860"}],"replies":[{"embeddable":true,"href":"https:\/\/my-all-about-you.com\/es\/wp-json\/wp\/v2\/comments?post=8711"}],"version-history":[{"count":5,"href":"https:\/\/my-all-about-you.com\/es\/wp-json\/wp\/v2\/posts\/8711\/revisions"}],"predecessor-version":[{"id":8717,"href":"https:\/\/my-all-about-you.com\/es\/wp-json\/wp\/v2\/posts\/8711\/revisions\/8717"}],"wp:featuredmedia":[{"embeddable":true,"href":"https:\/\/my-all-about-you.com\/es\/wp-json\/wp\/v2\/media\/8705"}],"wp:attachment":[{"href":"https:\/\/my-all-about-you.com\/es\/wp-json\/wp\/v2\/media?parent=8711"}],"wp:term":[{"taxonomy":"category","embeddable":true,"href":"https:\/\/my-all-about-you.com\/es\/wp-json\/wp\/v2\/categories?post=8711"},{"taxonomy":"post_tag","embeddable":true,"href":"https:\/\/my-all-about-you.com\/es\/wp-json\/wp\/v2\/tags?post=8711"}],"curies":[{"name":"wp","href":"https:\/\/api.w.org\/{rel}","templated":true}]}}