{"id":8497,"date":"2025-08-13T03:00:00","date_gmt":"2025-08-13T08:00:00","guid":{"rendered":"https:\/\/my-all-about-you.com\/?p=8497"},"modified":"2025-08-12T19:44:46","modified_gmt":"2025-08-13T00:44:46","slug":"a-prayer-for-gods-blessings-on-families-nations-and-the-world-day-245-myanmar","status":"publish","type":"post","link":"https:\/\/my-all-about-you.com\/es\/2025\/08\/13\/a-prayer-for-gods-blessings-on-families-nations-and-the-world-day-245-myanmar\/","title":{"rendered":"A Prayer for God\u2019s Blessings on Families, Nations, and the World, Day 245, Myanmar"},"content":{"rendered":"<p class=\"has-text-color has-link-color wp-elements-1 wp-block-paragraph\" style=\"color:#0c0000\">Querido Padre Celestial,<\/p>\n\n\n\n<p class=\"has-text-color has-link-color wp-elements-2 wp-block-paragraph\" style=\"color:#0c0000\">Gracias por este d\u00eda. Gracias por todo lo que haces por m\u00ed cada d\u00eda, incluso por aquello que a veces no percibo. Gracias por cuidar de mi familia, amigos y conocidos. Te pido que los protejas y los gu\u00edes en esta vida. Tr\u00e1elos sanos y salvos de regreso a ti. Hazles saber que est\u00e1s ah\u00ed para ellos. Nunca permitas que olvide tu presencia en mi vida y gu\u00edame con seguridad a lo largo de ella.<\/p>\n\n\n\n<p class=\"has-text-color has-link-color wp-elements-3 wp-block-paragraph\" style=\"color:#0c0000\">Se\u00f1or, humildemente te pido tu favor. Toca los corazones de los j\u00f3venes, ayud\u00e1ndoles a apreciar el sagrado don del matrimonio y la dulce voz de los ni\u00f1os. Ilumina su visi\u00f3n para que descubran la profunda belleza de compartir la vida con alguien a quien aman profundamente. Que est\u00e9n abiertos a las alegr\u00edas y tristezas que conlleva el v\u00ednculo especial del matrimonio, as\u00ed como a las alegr\u00edas y desaf\u00edos \u00fanicos que los hijos traen a sus vidas.<\/p>\n\n\n\n<figure class=\"wp-block-image alignright size-full is-resized\"><img data-recalc-dims=\"1\" loading=\"lazy\" decoding=\"async\" width=\"1880\" height=\"1253\" data-attachment-id=\"8500\" data-permalink=\"https:\/\/my-all-about-you.com\/es\/2025\/08\/13\/a-prayer-for-gods-blessings-on-families-nations-and-the-world-day-245-myanmar\/pexels-photo-3372578\/\" data-orig-file=\"https:\/\/i0.wp.com\/my-all-about-you.com\/wp-content\/uploads\/2025\/08\/pexels-photo-3372578.jpeg?fit=1880%2C1253&amp;ssl=1\" data-orig-size=\"1880,1253\" data-comments-opened=\"1\" data-image-meta=\"{&quot;aperture&quot;:&quot;0&quot;,&quot;credit&quot;:&quot;&quot;,&quot;camera&quot;:&quot;&quot;,&quot;caption&quot;:&quot;&quot;,&quot;created_timestamp&quot;:&quot;0&quot;,&quot;copyright&quot;:&quot;&quot;,&quot;focal_length&quot;:&quot;0&quot;,&quot;iso&quot;:&quot;0&quot;,&quot;shutter_speed&quot;:&quot;0&quot;,&quot;title&quot;:&quot;&quot;,&quot;orientation&quot;:&quot;0&quot;}\" data-image-title=\"Children Walking with Red Cloths\" data-image-description=\"&lt;p&gt;Children walking with red cloths in a wooden structure, representing hope, unity, and cultural tradition.&lt;\/p&gt;\" data-image-caption=\"&lt;p&gt;Children walking with red cloths in a wooden structure, symbolizing hope and unity.&lt;\/p&gt;\" data-large-file=\"https:\/\/i0.wp.com\/my-all-about-you.com\/wp-content\/uploads\/2025\/08\/pexels-photo-3372578.jpeg?fit=1024%2C682&amp;ssl=1\" src=\"https:\/\/i0.wp.com\/my-all-about-you.com\/wp-content\/uploads\/2025\/08\/pexels-photo-3372578.jpeg?resize=1880%2C1253&#038;ssl=1\" alt=\"\" class=\"wp-image-8500\" style=\"aspect-ratio:0.7500082180072976;width:282px;height:auto\" \/><figcaption class=\"wp-element-caption\">Photo by Matan Levanon on <a href=\"https:\/\/www.pexels.com\/photo\/man-standing-on-brown-boat-on-body-of-water-under-white-and-blue-sky-3372578\/\" rel=\"nofollow noopener\" target=\"_blank\">Pexels.com<\/a><\/figcaption><\/figure>\n\n\n\n<p class=\"has-dark-gray-blue-color has-text-color has-link-color wp-elements-4 wp-block-paragraph\"><strong>Heavenly Father, Almighty God, through Your Son Jesus Christ and the Holy Spirit, we offer heartfelt gratitude for Myanmar, a land adorned with Your creation\u2019s splendor, from the ancient pagodas of Bagan to the serene waters of Inle Lake. We thank You for the 2.2 million Christians, including Baptists rooted in Adoniram Judson\u2019s 19th-century mission and Catholics serving through 22 dioceses, who shine Your light amid trials. Praise be for the martyrs of the 2021 coup, especially in Chin State, whose sacrifice strengthens Your Church. We are grateful for the Shwedagon Pagoda\u2019s golden radiance, the Irrawaddy River sustaining millions, and the vibrant mohinga uniting communities. Bless Myanmar\u2019s teak forests, Kachin handicrafts, and hospitality reflecting Your love. Thank You for the agricultural bounty of rice and pulses, the lacquerware of Bagan, and the resilience of Chin\u2019s 80% Christian population.<\/strong><\/p>\n\n\n\n<p class=\"has-dark-gray-blue-color has-text-color has-link-color wp-elements-5 wp-block-paragraph\"><strong>Yet, O Lord, we plead for Your mercy on Myanmar\u2019s struggles. Heal the wounds of civil conflict, restoring peace to over 2 million displaced. Grant religious freedom to Your Christian flock, facing persecution in Chin and beyond. Provide healthcare and clean water to rural villages, combating malaria and shortages. Lift 24% from poverty and create jobs for youth facing 15% unemployment. Protect teak forests from deforestation and guide leaders to root out corruption, ranked 149th globally.<\/strong><\/p>\n\n\n\n<p class=\"has-dark-gray-blue-color has-text-color has-link-color wp-elements-6 wp-block-paragraph\">Te pido la conversi\u00f3n y la misericordia para todos los pecadores, y ten misericordia de las almas del purgatorio y de todos los fieles difuntos. Te ruego que sanes a los enfermos si es tu voluntad. Te ruego que ayudes a quienes atraviesan momentos dif\u00edciles. Ay\u00fadalos a caminar contigo a trav\u00e9s de las pruebas y tribulaciones de su vida. Gracias, Se\u00f1or, por la vida que me has dado. Te pido que tus \u00e1ngeles luchen con fiereza contra las fuerzas del mal que asolan nuestro mundo, incluyendo a los arc\u00e1ngeles de cada pa\u00eds. Por favor, trae tu paz a todos los pa\u00edses y pueblos.<\/p>\n\n\n\n<figure class=\"wp-block-image alignleft size-full is-resized\"><img data-recalc-dims=\"1\" loading=\"lazy\" decoding=\"async\" width=\"1024\" height=\"683\" data-attachment-id=\"8505\" data-permalink=\"https:\/\/my-all-about-you.com\/es\/2025\/08\/13\/a-prayer-for-gods-blessings-on-families-nations-and-the-world-day-245-myanmar\/cznmcy1wcml2yxrll3jhd3bpegvsx2ltywdlcy93zwjzaxrlx2nvbnrlbnqvbhivznjzyxnpbnqwmda0mi1pbwfnzs1rejjkehexyy5qcgc\/\" data-orig-file=\"https:\/\/i0.wp.com\/my-all-about-you.com\/wp-content\/uploads\/2025\/08\/cznmcy1wcml2yxrll3jhd3bpegvsx2ltywdlcy93zwjzaxrlx2nvbnrlbnqvbhivznjzyxnpbnqwmda0mi1pbwfnzs1rejjkehexyy5qcgc.webp?fit=1024%2C683&amp;ssl=1\" data-orig-size=\"1024,683\" data-comments-opened=\"1\" data-image-meta=\"{&quot;aperture&quot;:&quot;0&quot;,&quot;credit&quot;:&quot;&quot;,&quot;camera&quot;:&quot;&quot;,&quot;caption&quot;:&quot;&quot;,&quot;created_timestamp&quot;:&quot;0&quot;,&quot;copyright&quot;:&quot;&quot;,&quot;focal_length&quot;:&quot;0&quot;,&quot;iso&quot;:&quot;0&quot;,&quot;shutter_speed&quot;:&quot;0&quot;,&quot;title&quot;:&quot;&quot;,&quot;orientation&quot;:&quot;0&quot;}\" data-image-title=\"Children Walking with Red Cloths\" data-image-description=\"&lt;p&gt;Children walking with red cloths in a wooden structure, representing hope, unity, and cultural tradition.&lt;\/p&gt;\" data-image-caption=\"&lt;p&gt;Children walking with red cloths in a wooden structure, symbolizing hope and unity.&lt;\/p&gt;\" data-large-file=\"https:\/\/i0.wp.com\/my-all-about-you.com\/wp-content\/uploads\/2025\/08\/cznmcy1wcml2yxrll3jhd3bpegvsx2ltywdlcy93zwjzaxrlx2nvbnrlbnqvbhivznjzyxnpbnqwmda0mi1pbwfnzs1rejjkehexyy5qcgc.webp?fit=1024%2C683&amp;ssl=1\" src=\"https:\/\/i0.wp.com\/my-all-about-you.com\/wp-content\/uploads\/2025\/08\/cznmcy1wcml2yxrll3jhd3bpegvsx2ltywdlcy93zwjzaxrlx2nvbnrlbnqvbhivznjzyxnpbnqwmda0mi1pbwfnzs1rejjkehexyy5qcgc.webp?resize=1024%2C683&#038;ssl=1\" class=\"wp-image-8505\" alt=\"Children walking with red cloths in a wooden structure.\" style=\"aspect-ratio:1.499277171770272;width:301px;height:auto\"  > <\/figure>\n\n\n\n<p class=\"has-dark-gray-blue-color has-text-color has-link-color wp-elements-7 wp-block-paragraph\">Querido Se\u00f1or, te pedimos fervientemente que concedas paz a todas esas almas inquietas que est\u00e1n despiertas a esta hora de la noche. Buscamos tu ayuda divina para aquellos en la lista de oraci\u00f3n, incluyendo a cada persona querida mencionada anteriormente, as\u00ed como aquellos que aparecen en este sitio web. <a href=\"http:\/\/my-all-about-you.com\/es\/what-do-i-have-to-give\/prayer-requests\/\">lista de oraci\u00f3n<\/a>. Please include these individuals as well, Eugenie, Margaret, Ivan, Gerard, Freddy, Fred, Maria, Diana, Michelle, Marilyn, Marlene, and those in hospitals and their families, and help teens grow closer to You, those with mental disabilities, those who are lost or confused about Your existence, and people with Alzheimer&#8217;s and terminal illnesses, and the number of men and women entering the religious life.<\/p>\n\n\n\n<p class=\"has-text-color has-link-color wp-elements-8 wp-block-paragraph\" style=\"color:#0c0000\">Se\u00f1or, intercede por todos los pueblos. Mu\u00e9strales c\u00f3mo resolver sus diferencias sin pelear, sin disturbios ni lastimarse mutuamente. Abre nuestros ojos a la belleza de ponerte en primer lugar en nuestra vida y vivir en paz. Que todos comprendamos que las diferentes opiniones no tienen por qu\u00e9 dividirnos; al contrario, trabajemos juntos para alcanzar un entendimiento com\u00fan. Gracias, Se\u00f1or, por estar siempre presente para m\u00ed y para todos. Tu presencia es la belleza de nuestra vida.<\/p>\n\n\n\n<p class=\"has-text-color has-link-color wp-elements-9 wp-block-paragraph\" style=\"color:#0c0000\">Nos presentamos ante Ti con corazones humildes, buscando Tu gu\u00eda divina para el Papa Le\u00f3n XIV. Te pedimos que lo conviertas en Tu instrumento puro, lleno \u00fanicamente de Tu Esp\u00edritu Santo. Que ninguna influencia mundana, ninguna fuerza ajena a Tu reino celestial, aparte su coraz\u00f3n o su mente de Ti. Que cada palabra que pronuncie sea Tuya, inspirada por Tu verdad y en perfecta armon\u00eda con las ense\u00f1anzas de Tu Sagrada Escritura. Oramos para que su voluntad se entregue por completo a la Tuya, reflejando \u00fanicamente Tu prop\u00f3sito y gloria divinos. Gu\u00edalo, Padre, para que sea un pastor fiel bajo Tu control soberano y que Tus \u00e1ngeles lo protejan de todo mal.<\/p>\n\n\n\n<p class=\"has-text-color has-link-color wp-elements-10 wp-block-paragraph\" style=\"color:#0c0000\">Te pedimos que llenes nuestros lugares de culto hasta rebosar y que las capillas de adoraci\u00f3n perpetua est\u00e9n llenas a cada hora del d\u00eda, todos los d\u00edas de la semana. Adem\u00e1s, te pedimos que protejas a nuestro clero. Dales la fuerza para seguir adelante y seguirte m\u00e1s de cerca, sin perder de vista la misi\u00f3n que les has encomendado. Elevamos cada intenci\u00f3n sincera y cada s\u00faplica silenciosa que llevamos dentro. En tu sagrado nombre, oramos. Te adoramos, y que con cada d\u00eda que pasa, nuestro amor por ti crezca cada vez m\u00e1s.<\/p>\n\n\n\n<p class=\"has-text-color has-link-color wp-elements-11 wp-block-paragraph\" style=\"color:#0c0000\">Am\u00e9n.<\/p>\n\n\n\n<figure class=\"wp-block-embed is-type-video is-provider-youtube wp-block-embed-youtube wp-embed-aspect-16-9 wp-has-aspect-ratio\"><div class=\"wp-block-embed__wrapper\">\n<span class=\"embed-youtube\" style=\"text-align:center; display: block;\"><iframe loading=\"lazy\" class=\"youtube-player\" width=\"640\" height=\"360\" src=\"https:\/\/www.youtube.com\/embed\/LA1assF0C3w?version=3&#038;rel=1&#038;showsearch=0&#038;showinfo=1&#038;iv_load_policy=1&#038;fs=1&#038;hl=es-MX&#038;autohide=2&#038;wmode=transparent\" allowfullscreen=\"true\" style=\"border:0;\" sandbox=\"allow-scripts allow-same-origin allow-popups allow-presentation allow-popups-to-escape-sandbox\"><\/iframe><\/span>\n<\/div><\/figure>","protected":false},"excerpt":{"rendered":"<p>The content expresses heartfelt gratitude to God for daily blessings and guidance while invoking prayers for the well-being of friends, family, and communities. It highlights the beauty of Mozambique, prays for peace among people, and seeks healing for various struggles. A plea for divine assistance and spiritual growth concludes the message.<\/p>","protected":false},"author":132804860,"featured_media":8502,"comment_status":"open","ping_status":"open","sticky":false,"template":"","format":"standard","meta":{"_coblocks_attr":"","_coblocks_dimensions":"","_coblocks_responsive_height":"","_coblocks_accordion_ie_support":"","_jetpack_newsletter_access":"","_jetpack_dont_email_post_to_subs":false,"_jetpack_newsletter_tier_id":0,"_jetpack_memberships_contains_paywalled_content":false,"_wpcom_ai_launchpad_first_post":false,"_jetpack_feature_clip_id":0,"_jetpack_memberships_contains_paid_content":false,"footnotes":"","jetpack_publicize_message":"{title}\n\n{excerpt}\n\n{url}","jetpack_publicize_feature_enabled":true,"jetpack_social_post_already_shared":false,"jetpack_social_options":{"image_generator_settings":{"template":"dois","default_image_id":0,"font":"","enabled":false},"version":2},"_wpas_customize_per_network":false,"jetpack_post_was_ever_published":false},"categories":[8792,29924,86603,5411],"tags":[134036805,187010353,1001642,782405847,780871798,782405857,782405851,782405844,85562478,4596244,10051,785751034,1343,785750956,785750961,7816,32683,33380,8329,4550,21980,853],"class_list":["post-8497","post","type-post","status-publish","format-standard","has-post-thumbnail","hentry","category-adventure","category-countries","category-cultural-heritage","category-gratitude","tag-faithingod","tag-gratitudetogod","tag-holyspirit","tag-perpetualadoration","tag-popeleoxiv","tag-prayerforleaders","tag-prayerfornations","tag-prayforclergy","tag-thankyoulord","tag-adoration-chapel","tag-bible","tag-blessings","tag-children","tag-christianity","tag-faith","tag-god","tag-guidance","tag-holy-spirit","tag-jesus","tag-marriage","tag-mozambique","tag-prayer"],"jetpack_publicize_connections":[],"jetpack_sharing_enabled":true,"jetpack_likes_enabled":true,"jetpack_shortlink":"https:\/\/wp.me\/p9vUsN-2d3","jetpack-related-posts":[{"id":6614,"url":"https:\/\/my-all-about-you.com\/es\/2025\/03\/20\/eliminate-distractions-a-guide-to-spiritual-focus\/","url_meta":{"origin":8497,"position":0},"title":"Elimina las distracciones: una gu\u00eda para el enfoque espiritual.","author":"myallaboutyou","date":"marzo 20, 2025","format":false,"excerpt":"Creating intentional prayer times throughout the day fosters a profound connection with the Blessed Trinity. Morning to night, these sacred pauses deepen our focus on the Father, Son, and Holy Spirit, transforming life's chaos into a meaningful journey filled with peace, purpose, and an abiding love that enriches our relationships\u2026","rel":"","context":"En &quot;Character&quot;","block_context":{"text":"Character","link":"https:\/\/my-all-about-you.com\/es\/category\/character\/"},"img":{"alt_text":"","src":"https:\/\/i0.wp.com\/my-all-about-you.com\/wp-content\/uploads\/2025\/03\/image-20.png?fit=1024%2C768&ssl=1&resize=350%2C200","width":350,"height":200,"srcset":"https:\/\/i0.wp.com\/my-all-about-you.com\/wp-content\/uploads\/2025\/03\/image-20.png?fit=1024%2C768&ssl=1&resize=350%2C200 1x, https:\/\/i0.wp.com\/my-all-about-you.com\/wp-content\/uploads\/2025\/03\/image-20.png?fit=1024%2C768&ssl=1&resize=525%2C300 1.5x, https:\/\/i0.wp.com\/my-all-about-you.com\/wp-content\/uploads\/2025\/03\/image-20.png?fit=1024%2C768&ssl=1&resize=700%2C400 2x"},"classes":[]},{"id":4256,"url":"https:\/\/my-all-about-you.com\/es\/2024\/12\/07\/a-prayer-for-gods-blessings-on-families-nations-and-the-world-day-12-angola\/","url_meta":{"origin":8497,"position":1},"title":"Oraci\u00f3n para que Dios bendiga a las familias, las naciones y el mundo, D\u00eda 12, Angola","author":"myallaboutyou","date":"diciembre 7, 2024","format":false,"excerpt":"The prayer expresses gratitude to God for daily blessings and seeks protection and guidance for family, friends, and the nation. It emphasizes the importance of being a guiding light for others, healing for the sick, and support for those in need. Special mention is made for the Angolan people, with\u2026","rel":"","context":"En &quot;Character&quot;","block_context":{"text":"Character","link":"https:\/\/my-all-about-you.com\/es\/category\/character\/"},"img":{"alt_text":"A group of Angolan women wearing colorful traditional clothing walking together along a sunlit road.","src":"https:\/\/i0.wp.com\/my-all-about-you.com\/wp-content\/uploads\/2024\/12\/angola.png?fit=940%2C788&ssl=1&resize=350%2C200","width":350,"height":200,"srcset":"https:\/\/i0.wp.com\/my-all-about-you.com\/wp-content\/uploads\/2024\/12\/angola.png?fit=940%2C788&ssl=1&resize=350%2C200 1x, https:\/\/i0.wp.com\/my-all-about-you.com\/wp-content\/uploads\/2024\/12\/angola.png?fit=940%2C788&ssl=1&resize=525%2C300 1.5x, https:\/\/i0.wp.com\/my-all-about-you.com\/wp-content\/uploads\/2024\/12\/angola.png?fit=940%2C788&ssl=1&resize=700%2C400 2x"},"classes":[]},{"id":4512,"url":"https:\/\/my-all-about-you.com\/es\/2024\/12\/15\/a-prayer-for-gods-blessings-on-families-nations-and-the-world-day-20-argentina\/","url_meta":{"origin":8497,"position":2},"title":"Oraci\u00f3n para que Dios bendiga a las familias, las naciones y el mundo, D\u00eda 20, Argentina","author":"myallaboutyou","date":"diciembre 15, 2024","format":false,"excerpt":"The content is a heartfelt prayer expressing gratitude to God for daily blessings, protection for loved ones, and guidance for various communities, particularly Antigua and Barbuda. It calls for healing, peace, and inspiration for leaders and individuals, while emphasizing the importance of faith, love, and support for those in need.","rel":"","context":"En &quot;Character&quot;","block_context":{"text":"Character","link":"https:\/\/my-all-about-you.com\/es\/category\/character\/"},"img":{"alt_text":"Collage featuring the Argentine flag and couples dancing tango in traditional attire, representing Argentina\u2019s culture, music, and national identity.","src":"https:\/\/i0.wp.com\/my-all-about-you.com\/wp-content\/uploads\/2024\/12\/argentina.png?fit=940%2C788&ssl=1&resize=350%2C200","width":350,"height":200,"srcset":"https:\/\/i0.wp.com\/my-all-about-you.com\/wp-content\/uploads\/2024\/12\/argentina.png?fit=940%2C788&ssl=1&resize=350%2C200 1x, https:\/\/i0.wp.com\/my-all-about-you.com\/wp-content\/uploads\/2024\/12\/argentina.png?fit=940%2C788&ssl=1&resize=525%2C300 1.5x, https:\/\/i0.wp.com\/my-all-about-you.com\/wp-content\/uploads\/2024\/12\/argentina.png?fit=940%2C788&ssl=1&resize=700%2C400 2x"},"classes":[]},{"id":4608,"url":"https:\/\/my-all-about-you.com\/es\/2024\/12\/16\/a-prayer-for-gods-blessings-on-families-nations-and-the-world-day-21-armenia\/","url_meta":{"origin":8497,"position":3},"title":"A Prayer for God\u2019s Blessings on Families, Nations, and the World, Day 21, Armenia","author":"myallaboutyou","date":"diciembre 16, 2024","format":false,"excerpt":"The post expresses gratitude to God for daily blessings and protection over loved ones. It requests guidance and healing for individuals, communities, and nations, including Armenia, emphasizing the importance of faith and support. The prayer seeks divine peace, strength, and inspiration for leaders and those facing challenges, concluding with earnest\u2026","rel":"","context":"En &quot;Character&quot;","block_context":{"text":"Character","link":"https:\/\/my-all-about-you.com\/es\/category\/character\/"},"img":{"alt_text":"Beautiful historic church surrounded by vibrant fall trees.","src":"https:\/\/i0.wp.com\/my-all-about-you.com\/wp-content\/uploads\/2024\/12\/armenia.png?fit=940%2C788&ssl=1&resize=350%2C200","width":350,"height":200,"srcset":"https:\/\/i0.wp.com\/my-all-about-you.com\/wp-content\/uploads\/2024\/12\/armenia.png?fit=940%2C788&ssl=1&resize=350%2C200 1x, https:\/\/i0.wp.com\/my-all-about-you.com\/wp-content\/uploads\/2024\/12\/armenia.png?fit=940%2C788&ssl=1&resize=525%2C300 1.5x, https:\/\/i0.wp.com\/my-all-about-you.com\/wp-content\/uploads\/2024\/12\/armenia.png?fit=940%2C788&ssl=1&resize=700%2C400 2x"},"classes":[]},{"id":4371,"url":"https:\/\/my-all-about-you.com\/es\/2024\/12\/13\/a-prayer-for-gods-blessings-on-families-nations-and-the-world-day-18-antigua-barbuda\/","url_meta":{"origin":8497,"position":4},"title":"A Prayer for God\u2019s Blessings on Families, Nations, and the World, Day 18, Antigua &amp; Barbuda","author":"myallaboutyou","date":"diciembre 13, 2024","format":false,"excerpt":"The content is a heartfelt prayer expressing gratitude to God for daily blessings, protection for loved ones, and guidance for various communities, particularly Antigua and Barbuda. It calls for healing, peace, and inspiration for leaders and individuals, while emphasizing the importance of faith, love, and support for those in need.","rel":"","context":"En &quot;Character&quot;","block_context":{"text":"Character","link":"https:\/\/my-all-about-you.com\/es\/category\/character\/"},"img":{"alt_text":"Scenic Antigua and Barbuda beach with turquoise water, sandy shore, and lush palm trees.","src":"https:\/\/i0.wp.com\/my-all-about-you.com\/wp-content\/uploads\/2024\/12\/antigua-barbuda.png?fit=940%2C788&ssl=1&resize=350%2C200","width":350,"height":200,"srcset":"https:\/\/i0.wp.com\/my-all-about-you.com\/wp-content\/uploads\/2024\/12\/antigua-barbuda.png?fit=940%2C788&ssl=1&resize=350%2C200 1x, https:\/\/i0.wp.com\/my-all-about-you.com\/wp-content\/uploads\/2024\/12\/antigua-barbuda.png?fit=940%2C788&ssl=1&resize=525%2C300 1.5x, https:\/\/i0.wp.com\/my-all-about-you.com\/wp-content\/uploads\/2024\/12\/antigua-barbuda.png?fit=940%2C788&ssl=1&resize=700%2C400 2x"},"classes":[]},{"id":4615,"url":"https:\/\/my-all-about-you.com\/es\/2024\/12\/17\/a-prayer-for-gods-blessings-on-families-nations-and-the-world-day-22-armenia\/","url_meta":{"origin":8497,"position":5},"title":"A Prayer for God\u2019s Blessings on Families, Nations, and the World, Day 22, Armenia","author":"myallaboutyou","date":"diciembre 17, 2024","format":false,"excerpt":"The prayer expresses gratitude to God for daily blessings, seeking protection and guidance for family, friends, and all people worldwide. It emphasizes the importance of being a light for others, praying for healing and peace, and uplifting the people of Armenia. The intention is to cultivate love and support within\u2026","rel":"","context":"En &quot;Character&quot;","block_context":{"text":"Character","link":"https:\/\/my-all-about-you.com\/es\/category\/character\/"},"img":{"alt_text":"Beautiful historic church surrounded by vibrant fall trees.","src":"https:\/\/i0.wp.com\/my-all-about-you.com\/wp-content\/uploads\/2024\/12\/armenia.png?fit=940%2C788&ssl=1&resize=350%2C200","width":350,"height":200,"srcset":"https:\/\/i0.wp.com\/my-all-about-you.com\/wp-content\/uploads\/2024\/12\/armenia.png?fit=940%2C788&ssl=1&resize=350%2C200 1x, https:\/\/i0.wp.com\/my-all-about-you.com\/wp-content\/uploads\/2024\/12\/armenia.png?fit=940%2C788&ssl=1&resize=525%2C300 1.5x, https:\/\/i0.wp.com\/my-all-about-you.com\/wp-content\/uploads\/2024\/12\/armenia.png?fit=940%2C788&ssl=1&resize=700%2C400 2x"},"classes":[]}],"jetpack_featured_media_url":"https:\/\/i0.wp.com\/my-all-about-you.com\/wp-content\/uploads\/2025\/08\/pexels-photo-3880721.jpeg?fit=1880%2C1253&ssl=1","_links":{"self":[{"href":"https:\/\/my-all-about-you.com\/es\/wp-json\/wp\/v2\/posts\/8497","targetHints":{"allow":["GET"]}}],"collection":[{"href":"https:\/\/my-all-about-you.com\/es\/wp-json\/wp\/v2\/posts"}],"about":[{"href":"https:\/\/my-all-about-you.com\/es\/wp-json\/wp\/v2\/types\/post"}],"author":[{"embeddable":true,"href":"https:\/\/my-all-about-you.com\/es\/wp-json\/wp\/v2\/users\/132804860"}],"replies":[{"embeddable":true,"href":"https:\/\/my-all-about-you.com\/es\/wp-json\/wp\/v2\/comments?post=8497"}],"version-history":[{"count":7,"href":"https:\/\/my-all-about-you.com\/es\/wp-json\/wp\/v2\/posts\/8497\/revisions"}],"predecessor-version":[{"id":8507,"href":"https:\/\/my-all-about-you.com\/es\/wp-json\/wp\/v2\/posts\/8497\/revisions\/8507"}],"wp:featuredmedia":[{"embeddable":true,"href":"https:\/\/my-all-about-you.com\/es\/wp-json\/wp\/v2\/media\/8502"}],"wp:attachment":[{"href":"https:\/\/my-all-about-you.com\/es\/wp-json\/wp\/v2\/media?parent=8497"}],"wp:term":[{"taxonomy":"category","embeddable":true,"href":"https:\/\/my-all-about-you.com\/es\/wp-json\/wp\/v2\/categories?post=8497"},{"taxonomy":"post_tag","embeddable":true,"href":"https:\/\/my-all-about-you.com\/es\/wp-json\/wp\/v2\/tags?post=8497"}],"curies":[{"name":"wp","href":"https:\/\/api.w.org\/{rel}","templated":true}]}}