{"id":8086,"date":"2025-07-20T03:00:00","date_gmt":"2025-07-20T08:00:00","guid":{"rendered":"https:\/\/my-all-about-you.com\/?p=8086"},"modified":"2025-07-19T21:33:03","modified_gmt":"2025-07-20T02:33:03","slug":"a-prayer-for-gods-blessings-on-families-nations-and-the-world-day-222-mali","status":"publish","type":"post","link":"https:\/\/my-all-about-you.com\/es\/2025\/07\/20\/a-prayer-for-gods-blessings-on-families-nations-and-the-world-day-222-mali\/","title":{"rendered":"A Prayer for God\u2019s Blessings on Families, Nations, and the World, Day 222, Mali"},"content":{"rendered":"<p class=\"has-text-color has-link-color wp-elements-1 wp-block-paragraph\" style=\"color:#0c0000\">Querido Padre Celestial,<\/p>\n\n\n\n<p class=\"has-text-color has-link-color wp-elements-2 wp-block-paragraph\" style=\"color:#0c0000\">Gracias por este d\u00eda. Gracias por todo lo que haces por m\u00ed cada d\u00eda, incluso por aquello que a veces no percibo. Gracias por cuidar de mi familia, amigos y conocidos. Te pido que los protejas y los gu\u00edes en esta vida. Tr\u00e1elos sanos y salvos de regreso a ti. Hazles saber que est\u00e1s ah\u00ed para ellos. Nunca permitas que olvide tu presencia en mi vida y gu\u00edame con seguridad a lo largo de ella.<\/p>\n\n\n\n<p class=\"has-text-color has-link-color wp-elements-3 wp-block-paragraph\" style=\"color:#0c0000\">Se\u00f1or, humildemente te pido tu favor. Toca los corazones de los j\u00f3venes, ayud\u00e1ndoles a apreciar el sagrado don del matrimonio y la dulce voz de los ni\u00f1os. Ilumina su visi\u00f3n para que descubran la profunda belleza de compartir la vida con alguien a quien aman profundamente. Que est\u00e9n abiertos a las alegr\u00edas y tristezas que conlleva el v\u00ednculo especial del matrimonio, as\u00ed como a las alegr\u00edas y desaf\u00edos \u00fanicos que los hijos traen a sus vidas.<\/p>\n\n\n\n<p class=\"has-text-color has-link-color wp-elements-4 wp-block-paragraph\" style=\"color:#0c0000\">Querido Padre Celestial, te pido humildemente que me gu\u00edes para ser la luz que otros anhelan para encontrar el camino de regreso a Ti, asegur\u00e1ndome de que nunca oculte mi luz. Concede paz interior a quienes la anhelan. Busco tu protecci\u00f3n y gu\u00eda para nuestra amada naci\u00f3n, nuestros funcionarios pol\u00edticos, nuestro clero y todos en el mundo. Inspira a quienes tienen influencia en sus manos \u2014nuestros l\u00edderes, artistas, deportistas y empresarios\u2014 a abrazar tu amor y compartirlo generosamente con los dem\u00e1s, cumpliendo sus roles vitales como miembros amados de tu familia. Ay\u00fadalos a aferrarse a tu Palabra y a regresar a ella con frecuencia, manteni\u00e9ndote en el centro de sus vidas. Que su luz brille intensamente, atrayendo a otros a tu reconfortante presencia. Ay\u00fadanos a vernos unos a otros a trav\u00e9s de tus ojos.<\/p>\n\n\n\n<figure class=\"wp-block-image alignleft size-full is-resized\"><img data-recalc-dims=\"1\" loading=\"lazy\" decoding=\"async\" width=\"975\" height=\"1300\" data-attachment-id=\"8091\" data-permalink=\"https:\/\/my-all-about-you.com\/es\/2025\/07\/20\/a-prayer-for-gods-blessings-on-families-nations-and-the-world-day-222-mali\/pexels-photo-18821634\/\" data-orig-file=\"https:\/\/i0.wp.com\/my-all-about-you.com\/wp-content\/uploads\/2025\/07\/pexels-photo-18821634.jpeg?fit=975%2C1300&amp;ssl=1\" data-orig-size=\"975,1300\" data-comments-opened=\"1\" data-image-meta=\"{&quot;aperture&quot;:&quot;0&quot;,&quot;credit&quot;:&quot;&quot;,&quot;camera&quot;:&quot;&quot;,&quot;caption&quot;:&quot;&quot;,&quot;created_timestamp&quot;:&quot;0&quot;,&quot;copyright&quot;:&quot;&quot;,&quot;focal_length&quot;:&quot;0&quot;,&quot;iso&quot;:&quot;0&quot;,&quot;shutter_speed&quot;:&quot;0&quot;,&quot;title&quot;:&quot;&quot;,&quot;orientation&quot;:&quot;0&quot;}\" data-image-title=\"african man wearing a mask\" data-image-description=\"\" data-image-caption=\"&lt;p&gt;Photo by Carmen Soler on &lt;a href=&quot;https:\/\/www.pexels.com\/photo\/african-man-wearing-a-mask-18821634\/&quot; rel=&quot;nofollow&quot;&gt;Pexels.com&lt;\/a&gt;&lt;\/p&gt;\" data-large-file=\"https:\/\/i0.wp.com\/my-all-about-you.com\/wp-content\/uploads\/2025\/07\/pexels-photo-18821634.jpeg?fit=768%2C1024&amp;ssl=1\" src=\"https:\/\/i0.wp.com\/my-all-about-you.com\/wp-content\/uploads\/2025\/07\/pexels-photo-18821634.jpeg?resize=975%2C1300&#038;ssl=1\" alt=\"\" class=\"wp-image-8091\" style=\"aspect-ratio:1.4994543937351563;width:408px;height:auto\" \/><figcaption class=\"wp-element-caption\">Photo by Carmen Soler on <a href=\"https:\/\/www.pexels.com\/photo\/african-man-wearing-a-mask-18821634\/\" rel=\"nofollow noopener\" target=\"_blank\">Pexels.com<\/a><\/figcaption><\/figure>\n\n\n\n<p class=\"has-text-color has-link-color wp-elements-5 wp-block-paragraph\" style=\"color:#0c0000\">Te pido la conversi\u00f3n y la misericordia para todos los pecadores, y ten misericordia de las almas del purgatorio y de todos los fieles difuntos. Te ruego que sanes a los enfermos si es tu voluntad. Te ruego que ayudes a quienes atraviesan momentos dif\u00edciles. Ay\u00fadalos a caminar contigo a trav\u00e9s de las pruebas y tribulaciones de su vida. Gracias, Se\u00f1or, por la vida que me has dado. Te pido que tus \u00e1ngeles luchen con fiereza contra las fuerzas del mal que asolan nuestro mundo, incluyendo a los arc\u00e1ngeles de cada pa\u00eds. Por favor, trae tu paz a todos los pa\u00edses y pueblos.<\/p>\n\n\n\n<p class=\"has-dark-gray-blue-color has-text-color has-link-color wp-elements-6 wp-block-paragraph\"><strong>O Heavenly Father, Creator of all nations, we lift up to You the beautiful nation of Mali, the &#8220;Heart of the Sahel,&#8221; glowing with the light of Your grace. Thank You for its rich Catholic heritage and for the 450,000 faithful who call Mali home. We praise You for the Forty Martyrs of Sebaste and the steadfast prayers of St. Monica, for the towering presence of Bamako Cathedral, and for each soul drawn to Christ.<\/strong><\/p>\n\n\n\n<p class=\"has-dark-gray-blue-color has-text-color has-link-color wp-elements-7 wp-block-paragraph\"><strong>Thank You for the work of Caritas Mali, the unity among Protestants, and the peaceful spirit found in Sufi Islam. We celebrate the treasures of Mali: the Great Mosque of Djenn\u00e9, the ancient manuscripts of Timbuktu, the Dogon mask dances, the Bambara Chiwara, the rhythm of Wassoulou music, the storytelling of the griots, and the soulful notes of the kora and ngoni.<\/strong><\/p>\n\n\n\n<p class=\"has-dark-gray-blue-color has-text-color has-link-color wp-elements-8 wp-block-paragraph\"><strong>We honor the artistry in Bambara wood carvings, Malinke jewelry, and sunbaked mud-brick architecture. Thank You for the wisdom preserved in Sankore Madrasah, the granaries of the Dogon, the vibrant Mopti port, the striking Bandiagara Escarpment, the quiet devotion in Sufi zawiyas, and the joyful Festival au D\u00e9sert.<\/strong><\/p>\n\n\n\n<p class=\"has-dark-gray-blue-color has-text-color has-link-color wp-elements-9 wp-block-paragraph\"><strong>Yet, Lord, our hearts also carry Mali\u2019s needs before You.<\/strong><\/p>\n\n\n\n<p class=\"has-dark-gray-blue-color has-text-color has-link-color wp-elements-10 wp-block-paragraph\"><strong>Through the prayers of the Forty Martyrs and St. Monica, we ask:<\/strong><br><strong>Bring peace to the north and an end to violence. Protect Christian communities and their places of worship. Bless Mali with more priestly vocations and provide the resources to care for its churches.<\/strong><\/p>\n\n\n\n<p class=\"has-dark-gray-blue-color has-text-color has-link-color wp-elements-11 wp-block-paragraph\"><strong>Help reopen schools and expand access to quality education. Strengthen healthcare with trained professionals. Put an end to child marriage and uphold the dignity of girls and women. Protect Mali\u2019s children and ensure every one of them is seen and known.<\/strong><\/p>\n\n\n\n<p class=\"has-dark-gray-blue-color has-text-color has-link-color has-dark-gray-color wp-elements-12 wp-block-paragraph\"><strong>Ease tensions between faiths and let Your love guide dialogue. Remove barriers to religious freedom. Guard Mali\u2019s environment\u2014its lands and people\u2014from the impact of desertification and climate change.<\/strong><\/p>\n\n\n\n<figure class=\"wp-block-image alignright size-full is-resized\"><img data-recalc-dims=\"1\" loading=\"lazy\" decoding=\"async\" width=\"867\" height=\"1300\" data-attachment-id=\"8088\" data-permalink=\"https:\/\/my-all-about-you.com\/es\/2025\/07\/20\/a-prayer-for-gods-blessings-on-families-nations-and-the-world-day-222-mali\/pexels-photo-31761568\/\" data-orig-file=\"https:\/\/i0.wp.com\/my-all-about-you.com\/wp-content\/uploads\/2025\/07\/pexels-photo-31761568.jpeg?fit=867%2C1300&amp;ssl=1\" data-orig-size=\"867,1300\" data-comments-opened=\"1\" data-image-meta=\"{&quot;aperture&quot;:&quot;0&quot;,&quot;credit&quot;:&quot;&quot;,&quot;camera&quot;:&quot;&quot;,&quot;caption&quot;:&quot;&quot;,&quot;created_timestamp&quot;:&quot;0&quot;,&quot;copyright&quot;:&quot;&quot;,&quot;focal_length&quot;:&quot;0&quot;,&quot;iso&quot;:&quot;0&quot;,&quot;shutter_speed&quot;:&quot;0&quot;,&quot;title&quot;:&quot;&quot;,&quot;orientation&quot;:&quot;0&quot;}\" data-image-title=\"nomadic figure in blue tunic with staff\" data-image-description=\"\" data-image-caption=\"&lt;p&gt;Photo by STRAWHAT Soile on &lt;a href=&quot;https:\/\/www.pexels.com\/photo\/nomadic-figure-in-blue-tunic-with-staff-31761568\/&quot; rel=&quot;nofollow&quot;&gt;Pexels.com&lt;\/a&gt;&lt;\/p&gt;\" data-large-file=\"https:\/\/i0.wp.com\/my-all-about-you.com\/wp-content\/uploads\/2025\/07\/pexels-photo-31761568.jpeg?fit=683%2C1024&amp;ssl=1\" src=\"https:\/\/i0.wp.com\/my-all-about-you.com\/wp-content\/uploads\/2025\/07\/pexels-photo-31761568.jpeg?resize=867%2C1300&#038;ssl=1\" alt=\"\" class=\"wp-image-8088\" style=\"aspect-ratio:1.5004603446008156;width:266px;height:auto\" \/><figcaption class=\"wp-element-caption\">Photo by STRAWHAT Soile on <a href=\"https:\/\/www.pexels.com\/photo\/nomadic-figure-in-blue-tunic-with-staff-31761568\/\" rel=\"nofollow noopener\" target=\"_blank\">Pexels.com<\/a><\/figcaption><\/figure>\n\n\n\n<p class=\"has-dark-gray-blue-color has-text-color has-link-color wp-elements-13 wp-block-paragraph\" style=\"color:#0c0000\">Querido Se\u00f1or, te pedimos fervientemente que concedas paz a todas esas almas inquietas que est\u00e1n despiertas a esta hora de la noche. Buscamos tu ayuda divina para aquellos en la lista de oraci\u00f3n, incluyendo a cada persona querida mencionada anteriormente, as\u00ed como aquellos que aparecen en este sitio web. <a href=\"http:\/\/my-all-about-you.com\/es\/what-do-i-have-to-give\/prayer-requests\/\">lista de oraci\u00f3n<\/a>. Please include these individuals as well: Father Joseph,  Bennie, Kathy, Cecile, Paulette, Dorothy, Kathy, Robbie, Linda, Judy, Robert, Glen, Tommy, Mary, and all natural disasters throughout the world, and those in hospitals and their families, and help teens grow closer to You, those with mental disabilities, those who are lost or confused about Your existence, and people with Alzheimer&#8217;s and terminal illnesses, and the number of men and women entering the religious life.<\/p>\n\n\n\n<p class=\"has-text-color has-link-color wp-elements-14 wp-block-paragraph\" style=\"color:#0c0000\">Se\u00f1or, intercede por todos los pueblos. Mu\u00e9strales c\u00f3mo resolver sus diferencias sin pelear, sin disturbios ni lastimarse mutuamente. Abre nuestros ojos a la belleza de ponerte en primer lugar en nuestra vida y vivir en paz. Que todos comprendamos que las diferentes opiniones no tienen por qu\u00e9 dividirnos; al contrario, trabajemos juntos para alcanzar un entendimiento com\u00fan. Gracias, Se\u00f1or, por estar siempre presente para m\u00ed y para todos. Tu presencia es la belleza de nuestra vida.<\/p>\n\n\n\n<p class=\"has-text-color has-link-color wp-elements-15 wp-block-paragraph\" style=\"color:#0c0000\">Nos presentamos ante Ti con corazones humildes, buscando Tu gu\u00eda divina para el Papa Le\u00f3n XIV. Te pedimos que lo conviertas en Tu instrumento puro, lleno \u00fanicamente de Tu Esp\u00edritu Santo. Que ninguna influencia mundana, ninguna fuerza ajena a Tu reino celestial, aparte su coraz\u00f3n o su mente de Ti. Que cada palabra que pronuncie sea Tuya, inspirada por Tu verdad y en perfecta armon\u00eda con las ense\u00f1anzas de Tu Sagrada Escritura. Oramos para que su voluntad se entregue por completo a la Tuya, reflejando \u00fanicamente Tu prop\u00f3sito y gloria divinos. Gu\u00edalo, Padre, para que sea un pastor fiel bajo Tu control soberano y que Tus \u00e1ngeles lo protejan de todo mal.<\/p>\n\n\n\n<figure class=\"wp-block-image alignright size-full is-resized\"><img data-recalc-dims=\"1\" loading=\"lazy\" decoding=\"async\" width=\"867\" height=\"1300\" data-attachment-id=\"8087\" data-permalink=\"https:\/\/my-all-about-you.com\/es\/2025\/07\/20\/a-prayer-for-gods-blessings-on-families-nations-and-the-world-day-222-mali\/pexels-photo-8828598\/\" data-orig-file=\"https:\/\/i0.wp.com\/my-all-about-you.com\/wp-content\/uploads\/2025\/07\/pexels-photo-8828598.jpeg?fit=867%2C1300&amp;ssl=1\" data-orig-size=\"867,1300\" data-comments-opened=\"1\" data-image-meta=\"{&quot;aperture&quot;:&quot;0&quot;,&quot;credit&quot;:&quot;&quot;,&quot;camera&quot;:&quot;&quot;,&quot;caption&quot;:&quot;&quot;,&quot;created_timestamp&quot;:&quot;0&quot;,&quot;copyright&quot;:&quot;&quot;,&quot;focal_length&quot;:&quot;0&quot;,&quot;iso&quot;:&quot;0&quot;,&quot;shutter_speed&quot;:&quot;0&quot;,&quot;title&quot;:&quot;&quot;,&quot;orientation&quot;:&quot;0&quot;}\" data-image-title=\"algeria seen on a world map\" data-image-description=\"\" data-image-caption=\"&lt;p&gt;Photo by Lara Jameson on &lt;a href=&quot;https:\/\/www.pexels.com\/photo\/algeria-seen-on-a-world-map-8828598\/&quot; rel=&quot;nofollow&quot;&gt;Pexels.com&lt;\/a&gt;&lt;\/p&gt;\" data-large-file=\"https:\/\/i0.wp.com\/my-all-about-you.com\/wp-content\/uploads\/2025\/07\/pexels-photo-8828598.jpeg?fit=683%2C1024&amp;ssl=1\" src=\"https:\/\/i0.wp.com\/my-all-about-you.com\/wp-content\/uploads\/2025\/07\/pexels-photo-8828598.jpeg?resize=867%2C1300&#038;ssl=1\" alt=\"\" class=\"wp-image-8087\" style=\"aspect-ratio:1.3330996202161847;width:469px;height:auto\" \/><figcaption class=\"wp-element-caption\">Photo by Lara Jameson on <a href=\"https:\/\/www.pexels.com\/photo\/algeria-seen-on-a-world-map-8828598\/\" rel=\"nofollow noopener\" target=\"_blank\">Pexels.com<\/a><\/figcaption><\/figure>\n\n\n\n<p class=\"has-text-color has-link-color wp-elements-16 wp-block-paragraph\" style=\"color:#0c0000\">Te pedimos que llenes nuestros lugares de culto hasta rebosar y que las capillas de adoraci\u00f3n perpetua est\u00e9n llenas a cada hora del d\u00eda, todos los d\u00edas de la semana. Adem\u00e1s, te pedimos que protejas a nuestro clero. Dales la fuerza para seguir adelante y seguirte m\u00e1s de cerca, sin perder de vista la misi\u00f3n que les has encomendado. Elevamos cada intenci\u00f3n sincera y cada s\u00faplica silenciosa que llevamos dentro. En tu sagrado nombre, oramos. Te adoramos, y que con cada d\u00eda que pasa, nuestro amor por ti crezca cada vez m\u00e1s.<\/p>\n\n\n\n<p class=\"has-text-color has-link-color wp-elements-17 wp-block-paragraph\" style=\"color:#0c0000\">Am\u00e9n.<\/p>\n\n\n\n<figure class=\"wp-block-embed is-type-video is-provider-youtube wp-block-embed-youtube wp-embed-aspect-16-9 wp-has-aspect-ratio\"><div class=\"wp-block-embed__wrapper\">\n<span class=\"embed-youtube\" style=\"text-align:center; display: block;\"><iframe loading=\"lazy\" class=\"youtube-player\" width=\"640\" height=\"360\" src=\"https:\/\/www.youtube.com\/embed\/hhS9cLFS1ZY?version=3&#038;rel=1&#038;showsearch=0&#038;showinfo=1&#038;iv_load_policy=1&#038;fs=1&#038;hl=es-MX&#038;autohide=2&#038;wmode=transparent\" allowfullscreen=\"true\" style=\"border:0;\" sandbox=\"allow-scripts allow-same-origin allow-popups allow-presentation allow-popups-to-escape-sandbox\"><\/iframe><\/span>\n<\/div><\/figure>","protected":false},"excerpt":{"rendered":"<p>The prayer expresses gratitude to God for daily blessings and seeks protection and guidance for loved ones, communities, and leaders. It emphasizes the importance of marriage, family, and faith. The prayer also highlights the cultural heritage and needs of Mali, calling for peace, education, and healthcare, while uniting people through love.<\/p>","protected":false},"author":132804860,"featured_media":8075,"comment_status":"open","ping_status":"open","sticky":false,"template":"","format":"standard","meta":{"_coblocks_attr":"","_coblocks_dimensions":"","_coblocks_responsive_height":"","_coblocks_accordion_ie_support":"","_jetpack_newsletter_access":"","_jetpack_dont_email_post_to_subs":false,"_jetpack_newsletter_tier_id":0,"_jetpack_memberships_contains_paywalled_content":false,"_wpcom_ai_launchpad_first_post":false,"_jetpack_feature_clip_id":0,"_jetpack_memberships_contains_paid_content":false,"footnotes":"","jetpack_publicize_message":"{title}\n\n{excerpt}\n\n{url}","jetpack_publicize_feature_enabled":true,"jetpack_social_post_already_shared":false,"jetpack_social_options":{"image_generator_settings":{"template":"dois","default_image_id":0,"font":"","enabled":false},"version":2},"_wpas_customize_per_network":false,"jetpack_post_was_ever_published":false},"categories":[8792,29924,86603,5411],"tags":[134036805,187010353,1001642,782405847,780871798,782405857,782405851,782405844,85562478,4596244,10051,785751034,1343,785750956,785750961,81708237,7816,32683,33380,8329,144565,4550,59910,853],"class_list":["post-8086","post","type-post","status-publish","format-standard","has-post-thumbnail","hentry","category-adventure","category-countries","category-cultural-heritage","category-gratitude","tag-faithingod","tag-gratitudetogod","tag-holyspirit","tag-perpetualadoration","tag-popeleoxiv","tag-prayerforleaders","tag-prayerfornations","tag-prayforclergy","tag-thankyoulord","tag-adoration-chapel","tag-bible","tag-blessings","tag-children","tag-christianity","tag-faith","tag-forty-martyrs-of-sebaste","tag-god","tag-guidance","tag-holy-spirit","tag-jesus","tag-mali","tag-marriage","tag-muslim","tag-prayer"],"jetpack_publicize_connections":[],"jetpack_sharing_enabled":true,"jetpack_likes_enabled":true,"jetpack_shortlink":"https:\/\/wp.me\/p9vUsN-26q","jetpack-related-posts":[{"id":15825,"url":"https:\/\/my-all-about-you.com\/es\/2026\/07\/30\/a-prayer-for-gods-blessings-on-families-nations-and-the-world-day-203-mali\/","url_meta":{"origin":8086,"position":0},"title":"Oraci\u00f3n para que Dios bendiga a las familias, las naciones y el mundo, d\u00eda 203, Mal\u00ed","author":"myallaboutyou","date":"julio 30, 2026","format":false,"excerpt":"The prayer expresses gratitude to God for daily blessings and seeks protection and guidance for family, friends, and the world. It emphasizes the importance of faith, marriage, and community support, especially in Mali. The prayer calls for peace, healing, and understanding among people, reflecting a deep devotion and hope for\u2026","rel":"","context":"En &quot;2026&quot;","block_context":{"text":"2026","link":"https:\/\/my-all-about-you.com\/es\/category\/the-3-am-prayer\/2026\/"},"img":{"alt_text":"Mali flag waving in the wind against a clear blue sky.","src":"https:\/\/i0.wp.com\/my-all-about-you.com\/wp-content\/uploads\/2025\/07\/pexels-photo-13867809.jpeg?fit=876%2C1200&ssl=1&resize=350%2C200","width":350,"height":200,"srcset":"https:\/\/i0.wp.com\/my-all-about-you.com\/wp-content\/uploads\/2025\/07\/pexels-photo-13867809.jpeg?fit=876%2C1200&ssl=1&resize=350%2C200 1x, https:\/\/i0.wp.com\/my-all-about-you.com\/wp-content\/uploads\/2025\/07\/pexels-photo-13867809.jpeg?fit=876%2C1200&ssl=1&resize=525%2C300 1.5x, https:\/\/i0.wp.com\/my-all-about-you.com\/wp-content\/uploads\/2025\/07\/pexels-photo-13867809.jpeg?fit=876%2C1200&ssl=1&resize=700%2C400 2x"},"classes":[]},{"id":15773,"url":"https:\/\/my-all-about-you.com\/es\/2026\/07\/29\/a-prayer-for-gods-blessings-on-families-nations-and-the-world-day-202-mali\/","url_meta":{"origin":8086,"position":1},"title":"Oraci\u00f3n para que Dios bendiga a las familias, las naciones y el mundo, d\u00eda 202, Mal\u00ed","author":"myallaboutyou","date":"julio 29, 2026","format":false,"excerpt":"This heartfelt prayer expresses gratitude to God for daily blessings and seeks guidance, protection, and peace for loved ones and the community. It emphasizes the importance of marriage, family, and serving others, while calling for unity and healing across the world, especially in Malawi. The author also prays for clergy\u2026","rel":"","context":"En &quot;2026&quot;","block_context":{"text":"2026","link":"https:\/\/my-all-about-you.com\/es\/category\/the-3-am-prayer\/2026\/"},"img":{"alt_text":"Mali flag waving in the wind against a clear blue sky.","src":"https:\/\/i0.wp.com\/my-all-about-you.com\/wp-content\/uploads\/2025\/07\/pexels-photo-13867809.jpeg?fit=876%2C1200&ssl=1&resize=350%2C200","width":350,"height":200,"srcset":"https:\/\/i0.wp.com\/my-all-about-you.com\/wp-content\/uploads\/2025\/07\/pexels-photo-13867809.jpeg?fit=876%2C1200&ssl=1&resize=350%2C200 1x, https:\/\/i0.wp.com\/my-all-about-you.com\/wp-content\/uploads\/2025\/07\/pexels-photo-13867809.jpeg?fit=876%2C1200&ssl=1&resize=525%2C300 1.5x, https:\/\/i0.wp.com\/my-all-about-you.com\/wp-content\/uploads\/2025\/07\/pexels-photo-13867809.jpeg?fit=876%2C1200&ssl=1&resize=700%2C400 2x"},"classes":[]},{"id":8074,"url":"https:\/\/my-all-about-you.com\/es\/2025\/07\/19\/a-prayer-for-gods-blessings-on-families-nations-and-the-world-day-221-mali\/","url_meta":{"origin":8086,"position":2},"title":"A Prayer for God\u2019s Blessings on Families, Nations, and the World, Day 221, Mali","author":"myallaboutyou","date":"julio 19, 2025","format":false,"excerpt":"This heartfelt prayer expresses gratitude for life's blessings and seeks divine guidance and protection for loved ones, communities, and nations, including Mali. The prayer emphasizes the importance of marriage, family, and peace among differing opinions. It also requests strength for clergy and spiritual growth for all, culminating in a plea\u2026","rel":"","context":"En &quot;Adventure&quot;","block_context":{"text":"Adventure","link":"https:\/\/my-all-about-you.com\/es\/category\/adventure\/"},"img":{"alt_text":"","src":"https:\/\/i0.wp.com\/my-all-about-you.com\/wp-content\/uploads\/2025\/07\/pexels-photo-15007268.jpeg?fit=1200%2C900&ssl=1&resize=350%2C200","width":350,"height":200,"srcset":"https:\/\/i0.wp.com\/my-all-about-you.com\/wp-content\/uploads\/2025\/07\/pexels-photo-15007268.jpeg?fit=1200%2C900&ssl=1&resize=350%2C200 1x, https:\/\/i0.wp.com\/my-all-about-you.com\/wp-content\/uploads\/2025\/07\/pexels-photo-15007268.jpeg?fit=1200%2C900&ssl=1&resize=525%2C300 1.5x, https:\/\/i0.wp.com\/my-all-about-you.com\/wp-content\/uploads\/2025\/07\/pexels-photo-15007268.jpeg?fit=1200%2C900&ssl=1&resize=700%2C400 2x, https:\/\/i0.wp.com\/my-all-about-you.com\/wp-content\/uploads\/2025\/07\/pexels-photo-15007268.jpeg?fit=1200%2C900&ssl=1&resize=1050%2C600 3x"},"classes":[]},{"id":7133,"url":"https:\/\/my-all-about-you.com\/es\/2025\/05\/09\/a-prayer-for-gods-blessings-on-families-nations-and-the-world-day-159-guinea\/","url_meta":{"origin":8086,"position":3},"title":"Oraci\u00f3n para que Dios bendiga a las familias, las naciones y el mundo, d\u00eda 159, Guinea","author":"myallaboutyou","date":"mayo 9, 2025","format":false,"excerpt":"The prayer expresses gratitude to God for daily blessings, seeks protection, guidance, and healing for individuals and nations, particularly focusing on Guinea. It emphasizes the importance of faith, unity, and support for leaders while addressing societal challenges. The prayer concludes with a plea for spiritual growth and steadfast devotion to\u2026","rel":"","context":"En &quot;Adventure&quot;","block_context":{"text":"Adventure","link":"https:\/\/my-all-about-you.com\/es\/category\/adventure\/"},"img":{"alt_text":"","src":"https:\/\/i0.wp.com\/my-all-about-you.com\/wp-content\/uploads\/2025\/05\/image-4.png?fit=1024%2C768&ssl=1&resize=350%2C200","width":350,"height":200,"srcset":"https:\/\/i0.wp.com\/my-all-about-you.com\/wp-content\/uploads\/2025\/05\/image-4.png?fit=1024%2C768&ssl=1&resize=350%2C200 1x, https:\/\/i0.wp.com\/my-all-about-you.com\/wp-content\/uploads\/2025\/05\/image-4.png?fit=1024%2C768&ssl=1&resize=525%2C300 1.5x, https:\/\/i0.wp.com\/my-all-about-you.com\/wp-content\/uploads\/2025\/05\/image-4.png?fit=1024%2C768&ssl=1&resize=700%2C400 2x"},"classes":[]},{"id":15840,"url":"https:\/\/my-all-about-you.com\/es\/2026\/07\/31\/a-prayer-for-gods-blessings-on-families-nations-and-the-world-day-204-malta\/","url_meta":{"origin":8086,"position":4},"title":"Oraci\u00f3n para que Dios bendiga a las familias, las naciones y el mundo, d\u00eda 204, Malta","author":"myallaboutyou","date":"julio 31, 2026","format":false,"excerpt":"The prayer expresses gratitude to God for daily blessings and seeks protection and guidance for family, friends, and the world. It emphasizes the importance of faith, marriage, and community support, especially in Mali. The prayer calls for peace, healing, and understanding among people, reflecting a deep devotion and hope for\u2026","rel":"","context":"En &quot;2026&quot;","block_context":{"text":"2026","link":"https:\/\/my-all-about-you.com\/es\/category\/the-3-am-prayer\/2026\/"},"img":{"alt_text":"Night view of Malta marina with boats and historic cityscape.","src":"https:\/\/i0.wp.com\/my-all-about-you.com\/wp-content\/uploads\/2025\/07\/pexels-photo-28539462.jpeg?fit=1200%2C927&ssl=1&resize=350%2C200","width":350,"height":200,"srcset":"https:\/\/i0.wp.com\/my-all-about-you.com\/wp-content\/uploads\/2025\/07\/pexels-photo-28539462.jpeg?fit=1200%2C927&ssl=1&resize=350%2C200 1x, https:\/\/i0.wp.com\/my-all-about-you.com\/wp-content\/uploads\/2025\/07\/pexels-photo-28539462.jpeg?fit=1200%2C927&ssl=1&resize=525%2C300 1.5x, https:\/\/i0.wp.com\/my-all-about-you.com\/wp-content\/uploads\/2025\/07\/pexels-photo-28539462.jpeg?fit=1200%2C927&ssl=1&resize=700%2C400 2x, https:\/\/i0.wp.com\/my-all-about-you.com\/wp-content\/uploads\/2025\/07\/pexels-photo-28539462.jpeg?fit=1200%2C927&ssl=1&resize=1050%2C600 3x"},"classes":[]},{"id":15856,"url":"https:\/\/my-all-about-you.com\/es\/2026\/08\/01\/a-prayer-for-gods-blessings-on-families-nations-and-the-world-day-205-malta\/","url_meta":{"origin":8086,"position":5},"title":"Oraci\u00f3n para que Dios bendiga a las familias, las naciones y el mundo, d\u00eda 205, Malta","author":"myallaboutyou","date":"agosto 1, 2026","format":false,"excerpt":"The prayer expresses gratitude to God for daily blessings and seeks protection and guidance for family, friends, and the world. It emphasizes the importance of faith, marriage, and community support, especially in Mali. The prayer calls for peace, healing, and understanding among people, reflecting a deep devotion and hope for\u2026","rel":"","context":"En &quot;2026&quot;","block_context":{"text":"2026","link":"https:\/\/my-all-about-you.com\/es\/category\/the-3-am-prayer\/2026\/"},"img":{"alt_text":"Night view of Malta marina with boats and historic cityscape.","src":"https:\/\/i0.wp.com\/my-all-about-you.com\/wp-content\/uploads\/2025\/07\/pexels-photo-28539462.jpeg?fit=1200%2C927&ssl=1&resize=350%2C200","width":350,"height":200,"srcset":"https:\/\/i0.wp.com\/my-all-about-you.com\/wp-content\/uploads\/2025\/07\/pexels-photo-28539462.jpeg?fit=1200%2C927&ssl=1&resize=350%2C200 1x, https:\/\/i0.wp.com\/my-all-about-you.com\/wp-content\/uploads\/2025\/07\/pexels-photo-28539462.jpeg?fit=1200%2C927&ssl=1&resize=525%2C300 1.5x, https:\/\/i0.wp.com\/my-all-about-you.com\/wp-content\/uploads\/2025\/07\/pexels-photo-28539462.jpeg?fit=1200%2C927&ssl=1&resize=700%2C400 2x, https:\/\/i0.wp.com\/my-all-about-you.com\/wp-content\/uploads\/2025\/07\/pexels-photo-28539462.jpeg?fit=1200%2C927&ssl=1&resize=1050%2C600 3x"},"classes":[]}],"jetpack_featured_media_url":"https:\/\/i0.wp.com\/my-all-about-you.com\/wp-content\/uploads\/2025\/07\/pexels-photo-15007268.jpeg?fit=1733%2C1300&ssl=1","_links":{"self":[{"href":"https:\/\/my-all-about-you.com\/es\/wp-json\/wp\/v2\/posts\/8086","targetHints":{"allow":["GET"]}}],"collection":[{"href":"https:\/\/my-all-about-you.com\/es\/wp-json\/wp\/v2\/posts"}],"about":[{"href":"https:\/\/my-all-about-you.com\/es\/wp-json\/wp\/v2\/types\/post"}],"author":[{"embeddable":true,"href":"https:\/\/my-all-about-you.com\/es\/wp-json\/wp\/v2\/users\/132804860"}],"replies":[{"embeddable":true,"href":"https:\/\/my-all-about-you.com\/es\/wp-json\/wp\/v2\/comments?post=8086"}],"version-history":[{"count":4,"href":"https:\/\/my-all-about-you.com\/es\/wp-json\/wp\/v2\/posts\/8086\/revisions"}],"predecessor-version":[{"id":8094,"href":"https:\/\/my-all-about-you.com\/es\/wp-json\/wp\/v2\/posts\/8086\/revisions\/8094"}],"wp:featuredmedia":[{"embeddable":true,"href":"https:\/\/my-all-about-you.com\/es\/wp-json\/wp\/v2\/media\/8075"}],"wp:attachment":[{"href":"https:\/\/my-all-about-you.com\/es\/wp-json\/wp\/v2\/media?parent=8086"}],"wp:term":[{"taxonomy":"category","embeddable":true,"href":"https:\/\/my-all-about-you.com\/es\/wp-json\/wp\/v2\/categories?post=8086"},{"taxonomy":"post_tag","embeddable":true,"href":"https:\/\/my-all-about-you.com\/es\/wp-json\/wp\/v2\/tags?post=8086"}],"curies":[{"name":"wp","href":"https:\/\/api.w.org\/{rel}","templated":true}]}}