{"id":7338,"date":"2025-06-06T14:26:18","date_gmt":"2025-06-06T19:26:18","guid":{"rendered":"https:\/\/my-all-about-you.com\/?p=7338"},"modified":"2025-06-06T14:26:18","modified_gmt":"2025-06-06T19:26:18","slug":"a-prayer-for-gods-blessings-on-families-nations-and-the-world-day-183-israel","status":"publish","type":"post","link":"https:\/\/my-all-about-you.com\/es\/2025\/06\/06\/a-prayer-for-gods-blessings-on-families-nations-and-the-world-day-183-israel\/","title":{"rendered":"A Prayer for God\u2019s Blessings on Families, Nations, and the World, Day 183, Israel"},"content":{"rendered":"<p class=\"wp-block-paragraph\">Querido Padre Celestial,<\/p>\n\n\n\n<p class=\"wp-block-paragraph\">Gracias por este d\u00eda. Gracias por todo lo que haces por m\u00ed cada d\u00eda, incluso por aquello que a veces no percibo. Gracias por cuidar de mi familia, amigos y conocidos. Te pido que los protejas y los gu\u00edes en esta vida. Tr\u00e1elos sanos y salvos de regreso a ti. Hazles saber que est\u00e1s ah\u00ed para ellos. Nunca permitas que olvide tu presencia en mi vida y gu\u00edame con seguridad a lo largo de ella.<\/p>\n\n\n\n<p class=\"wp-block-paragraph\">Se\u00f1or, humildemente te pido tu favor. Toca los corazones de los j\u00f3venes, ayud\u00e1ndoles a apreciar el sagrado don del matrimonio y la dulce voz de los ni\u00f1os. Ilumina su visi\u00f3n para que descubran la profunda belleza de compartir la vida con alguien a quien aman profundamente. Que est\u00e9n abiertos a las alegr\u00edas y tristezas que conlleva el v\u00ednculo especial del matrimonio, as\u00ed como a las alegr\u00edas y desaf\u00edos \u00fanicos que los hijos traen a sus vidas.<\/p>\n\n\n\n<p class=\"wp-block-paragraph\">Querido Padre Celestial, te pido humildemente que me gu\u00edes para ser la luz que otros anhelan para encontrar el camino de regreso a Ti, asegur\u00e1ndome de que nunca oculte mi luz. Concede paz interior a quienes la anhelan. Busco tu protecci\u00f3n y gu\u00eda para nuestra amada naci\u00f3n, nuestros funcionarios pol\u00edticos, nuestro clero y todos en el mundo. Inspira a quienes tienen influencia en sus manos \u2014nuestros l\u00edderes, artistas, deportistas y empresarios\u2014 a abrazar tu amor y compartirlo generosamente con los dem\u00e1s, cumpliendo sus roles vitales como miembros amados de tu familia. Ay\u00fadalos a aferrarse a tu Palabra y a regresar a ella con frecuencia, manteni\u00e9ndote en el centro de sus vidas. Que su luz brille intensamente, atrayendo a otros a tu reconfortante presencia. Ay\u00fadanos a vernos unos a otros a trav\u00e9s de tus ojos.<\/p>\n\n\n\n<p class=\"wp-block-paragraph\">Te pido la conversi\u00f3n y la misericordia para todos los pecadores, y ten misericordia de las almas del purgatorio y de todos los fieles difuntos. Te ruego que sanes a los enfermos si es tu voluntad. Te ruego que ayudes a quienes atraviesan momentos dif\u00edciles. Ay\u00fadalos a caminar contigo a trav\u00e9s de las pruebas y tribulaciones de su vida. Gracias, Se\u00f1or, por la vida que me has dado. Te pido que tus \u00e1ngeles luchen con fiereza contra las fuerzas del mal que asolan nuestro mundo, incluyendo a los arc\u00e1ngeles de cada pa\u00eds. Por favor, trae tu paz a todos los pa\u00edses y pueblos.<\/p>\n\n\n\n<p class=\"has-dark-gray-blue-color has-text-color has-link-color wp-elements-1 wp-block-paragraph\"><strong>Heavenly Father, Blessed Trinity, we humbly approach Your throne, giving thanks for Israel\u2019s radiant gifts and seeking Your grace for its shared journey. We praise You for the Via Dolorosa, where Christians trace Jesus\u2019 steps in Jerusalem, honoring its Jewish heritage. We thank You for the Sabbath rest, a Jewish tradition uniting families in Your peace. We glorify You for Caesarea\u2019s ruins, blending Jewish and Christian history by the sea, and for coexistence of faiths, where Jews, Christians, and Muslims share Haifa\u2019s Baha\u2019i beauty. We are grateful for Jerusalem\u2019s markets, Mahane Yehuda\u2019s stalls alive with Jewish and Arab flavors.<\/strong><\/p>\n\n\n\n<p class=\"has-dark-gray-blue-color has-text-color has-link-color wp-elements-2 wp-block-paragraph\"><strong>Lord, we thank You for the 1969 Marian apparition in Musrara, where Your Mother brought solace to a Christian soul. We praise You for Krav Maga, a Jewish gift strengthening the world, and for apostolic roots, where Peter and Paul sowed Your Church in Jerusalem\u2019s sacred soil. We are grateful for the Hula Valley, where 500 million birds soar under Your sky, for Israeli couscous, a Jewish creation uniting tables globally, and for Yom Kippur reflection, when Jews pause in solemn prayer, inspiring all.<\/strong><\/p>\n\n\n\n<p class=\"has-dark-gray-blue-color has-text-color has-link-color wp-elements-3 wp-block-paragraph\"><strong>Yet, we intercede for Israel, asking the Virgin Mary of Musrara, to guide our pleas for unity. Ease housing access, softening Tel Aviv\u2019s $2,000 rents for all families. Foster interfaith unity at Jerusalem\u2019s holy sites, cherished by Jews, Christians, and Muslims. Ensure education equality in Haifa\u2019s Arab-Israeli schools, lifting every child. Strengthen climate adaptation in the Negev, preserving crops for all. Reunite hostages with families since October 2023, Jew and Palestinian alike. Expand public transport in Jerusalem, easing shared paths. Deepen global understanding, mending divides over Gaza with dialogue. We seek Your peace, lifting Israel in Jesus\u2019 name<\/strong><\/p>\n\n\n\n<p class=\"has-dark-gray-blue-color has-text-color has-link-color wp-elements-4 wp-block-paragraph\">Querido Se\u00f1or, te pedimos fervientemente que concedas paz a todas esas almas inquietas que est\u00e1n despiertas a esta hora de la noche. Buscamos tu ayuda divina para aquellos en la lista de oraci\u00f3n, incluyendo a cada persona querida mencionada anteriormente, as\u00ed como aquellos que aparecen en este sitio web. <a href=\"http:\/\/my-all-about-you.com\/es\/what-do-i-have-to-give\/prayer-requests\/\">lista de oraci\u00f3n<\/a>. Please include these individuals as well: Herman, Michelle, Tyler, Clarence, Shirley, Donna, Bethany, Kailyn, the world, and those in hospitals and their families, and help teens grow closer to You, those with mental disabilities, those who are lost or confused about Your existence, and people with Alzheimer&#8217;s and terminal illnesses, and the number of men and women entering the religious life.<\/p>\n\n\n\n<p class=\"wp-block-paragraph\">Nos presentamos ante Ti con corazones humildes, buscando Tu gu\u00eda divina para el Papa Le\u00f3n XIV. Te pedimos que lo conviertas en Tu instrumento puro, lleno \u00fanicamente de Tu Esp\u00edritu Santo. Que ninguna influencia mundana, ninguna fuerza ajena a Tu reino celestial, aparte su coraz\u00f3n o su mente de Ti. Que cada palabra que pronuncie sea Tuya, inspirada por Tu verdad y en perfecta armon\u00eda con las ense\u00f1anzas de Tu Sagrada Escritura. Oramos para que su voluntad se entregue por completo a la Tuya, reflejando \u00fanicamente Tu prop\u00f3sito y gloria divinos. Gu\u00edalo, Padre, para que sea un pastor fiel bajo Tu control soberano y que Tus \u00e1ngeles lo protejan de todo mal.<\/p>\n\n\n\n<p class=\"wp-block-paragraph\">Te pedimos que llenes nuestros lugares de culto hasta rebosar y que las capillas de adoraci\u00f3n perpetua est\u00e9n llenas a cada hora del d\u00eda, todos los d\u00edas de la semana. Adem\u00e1s, te pedimos que protejas a nuestro clero. Dales la fuerza para seguir adelante y seguirte m\u00e1s de cerca, sin perder de vista la misi\u00f3n que les has encomendado. Elevamos cada intenci\u00f3n sincera y cada s\u00faplica silenciosa que llevamos dentro. En tu sagrado nombre, oramos. Te adoramos, y que con cada d\u00eda que pasa, nuestro amor por ti crezca cada vez m\u00e1s.<\/p>\n\n\n\n<p class=\"wp-block-paragraph\">Am\u00e9n.<\/p>\n\n\n\n<figure class=\"wp-block-embed is-type-video is-provider-youtube wp-block-embed-youtube wp-embed-aspect-16-9 wp-has-aspect-ratio\"><div class=\"wp-block-embed__wrapper\">\n<span class=\"embed-youtube\" style=\"text-align:center; display: block;\"><iframe loading=\"lazy\" class=\"youtube-player\" width=\"640\" height=\"360\" src=\"https:\/\/www.youtube.com\/embed\/280BKpp7gR8?version=3&#038;rel=1&#038;showsearch=0&#038;showinfo=1&#038;iv_load_policy=1&#038;fs=1&#038;hl=es-MX&#038;autohide=2&#038;wmode=transparent\" allowfullscreen=\"true\" style=\"border:0;\" sandbox=\"allow-scripts allow-same-origin allow-popups allow-presentation allow-popups-to-escape-sandbox\"><\/iframe><\/span>\n<\/div><\/figure>\n\n\n\n<p class=\"wp-block-paragraph\"><\/p>","protected":false},"excerpt":{"rendered":"<p>In heartfelt prayer, the author expresses gratitude for everyday blessings and seeks guidance and protection for loved ones, leaders, and the world. Emphasizing love and interfaith unity, they advocate for peace and understanding among diverse communities while asking for healing and divine support for those in need. The prayer culminates in a plea for deeper faith and collective worship.<\/p>","protected":false},"author":132804860,"featured_media":7332,"comment_status":"open","ping_status":"open","sticky":false,"template":"","format":"standard","meta":{"_coblocks_attr":"","_coblocks_dimensions":"","_coblocks_responsive_height":"","_coblocks_accordion_ie_support":"","_jetpack_newsletter_access":"","_jetpack_dont_email_post_to_subs":false,"_jetpack_newsletter_tier_id":0,"_jetpack_memberships_contains_paywalled_content":false,"_wpcom_ai_launchpad_first_post":false,"_jetpack_feature_clip_id":0,"_jetpack_memberships_contains_paid_content":false,"footnotes":"","jetpack_publicize_message":"{title}\n\n{excerpt}\n\n{url}","jetpack_publicize_feature_enabled":true,"jetpack_social_post_already_shared":false,"jetpack_social_options":{"image_generator_settings":{"template":"dois","default_image_id":0,"font":"","enabled":false},"version":2},"_wpas_customize_per_network":false,"jetpack_post_was_ever_published":false},"categories":[8792,29924,86603,5411],"tags":[4596244,116173,10051,785751034,781638262,1343,785750956,785750961,239229,7816,32683,212132,614829,33380,3989118,9937,8329,201471,226436,853152,4550,57257950,1197152,853,221076,761893,781638288,221954],"class_list":["post-7338","post","type-post","status-publish","format-standard","has-post-thumbnail","hentry","category-adventure","category-countries","category-cultural-heritage","category-gratitude","tag-adoration-chapel","tag-atlantic","tag-bible","tag-blessings","tag-caesareas-ruins","tag-children","tag-christianity","tag-faith","tag-gaza","tag-god","tag-guidance","tag-haifa","tag-holy-land","tag-holy-spirit","tag-hula-valley","tag-israel","tag-jesus","tag-krav-maga","tag-lord","tag-mahane-yehuda","tag-marriage","tag-musrara","tag-negev","tag-prayer","tag-tel-aviv","tag-via-dolorosa","tag-virgin-mary-of-musrara","tag-yom-kippur"],"jetpack_publicize_connections":[],"jetpack_sharing_enabled":true,"jetpack_likes_enabled":true,"jetpack_shortlink":"https:\/\/wp.me\/p9vUsN-1Um","jetpack-related-posts":[{"id":14906,"url":"https:\/\/my-all-about-you.com\/es\/2026\/06\/10\/a-prayer-for-gods-blessings-on-families-nations-and-the-world-day-155-israel\/","url_meta":{"origin":7338,"position":0},"title":"A Prayer for God\u2019s Blessings on Families, Nations, and the World, Day 157, Israel","author":"myallaboutyou","date":"junio 10, 2026","format":false,"excerpt":"The prayer expresses gratitude to God for daily blessings and seeks divine protection and guidance for family, friends, and leaders. It emphasizes the importance of valuing marriage and children, along with a call for peace and healing across the world. The prayer also honors sacred places in Israel and asks\u2026","rel":"","context":"En &quot;2026&quot;","block_context":{"text":"2026","link":"https:\/\/my-all-about-you.com\/es\/category\/the-3-am-prayer\/2026\/"},"img":{"alt_text":"Picture of Jeruselem in Israel where the three major regilions, Christianity, Muslim, and Jewish share same areas of the city.","src":"https:\/\/i0.wp.com\/my-all-about-you.com\/wp-content\/uploads\/2025\/06\/israel.png?fit=940%2C788&ssl=1&resize=350%2C200","width":350,"height":200,"srcset":"https:\/\/i0.wp.com\/my-all-about-you.com\/wp-content\/uploads\/2025\/06\/israel.png?fit=940%2C788&ssl=1&resize=350%2C200 1x, https:\/\/i0.wp.com\/my-all-about-you.com\/wp-content\/uploads\/2025\/06\/israel.png?fit=940%2C788&ssl=1&resize=525%2C300 1.5x, https:\/\/i0.wp.com\/my-all-about-you.com\/wp-content\/uploads\/2025\/06\/israel.png?fit=940%2C788&ssl=1&resize=700%2C400 2x"},"classes":[]},{"id":14915,"url":"https:\/\/my-all-about-you.com\/es\/2026\/06\/11\/a-prayer-for-gods-blessings-on-families-nations-and-the-world-day-156-israel\/","url_meta":{"origin":7338,"position":1},"title":"Oraci\u00f3n para que Dios bendiga a las familias, las naciones y el mundo, d\u00eda 158, Israel","author":"myallaboutyou","date":"junio 11, 2026","format":false,"excerpt":"In a heartfelt prayer, the author expresses gratitude to God for daily blessings, seeks protection for loved ones, and calls for guidance over leaders and nations. The message emphasizes the importance of faith, healing, love, and unity amid challenges. It also highlights a spiritual journey through Israel, asking for peace\u2026","rel":"","context":"En &quot;2026&quot;","block_context":{"text":"2026","link":"https:\/\/my-all-about-you.com\/es\/category\/the-3-am-prayer\/2026\/"},"img":{"alt_text":"Picture of Jeruselem in Israel where the three major regilions, Christianity, Muslim, and Jewish share same areas of the city.","src":"https:\/\/i0.wp.com\/my-all-about-you.com\/wp-content\/uploads\/2025\/06\/israel.png?fit=940%2C788&ssl=1&resize=350%2C200","width":350,"height":200,"srcset":"https:\/\/i0.wp.com\/my-all-about-you.com\/wp-content\/uploads\/2025\/06\/israel.png?fit=940%2C788&ssl=1&resize=350%2C200 1x, https:\/\/i0.wp.com\/my-all-about-you.com\/wp-content\/uploads\/2025\/06\/israel.png?fit=940%2C788&ssl=1&resize=525%2C300 1.5x, https:\/\/i0.wp.com\/my-all-about-you.com\/wp-content\/uploads\/2025\/06\/israel.png?fit=940%2C788&ssl=1&resize=700%2C400 2x"},"classes":[]},{"id":7328,"url":"https:\/\/my-all-about-you.com\/es\/2025\/06\/05\/a-prayer-for-gods-blessings-on-families-nations-and-the-world-day-182-israel\/","url_meta":{"origin":7338,"position":2},"title":"A Prayer for God\u2019s Blessings on Families, Nations, and the World, Day 182, Israel","author":"myallaboutyou","date":"junio 5, 2025","format":false,"excerpt":"This heartfelt prayer expresses gratitude for daily blessings and seeks divine protection and guidance for loved ones, leaders, and communities. The author emphasizes the importance of appreciating relationships and the sanctity of marriage, while also interceding for peace, healing, and the wellbeing of individuals facing various struggles and challenges.","rel":"","context":"En &quot;Adventure&quot;","block_context":{"text":"Adventure","link":"https:\/\/my-all-about-you.com\/es\/category\/adventure\/"},"img":{"alt_text":"Picture of Jeruselem in Israel where the three major regilions, Christianity, Muslim, and Jewish share same areas of the city.","src":"https:\/\/i0.wp.com\/my-all-about-you.com\/wp-content\/uploads\/2025\/06\/israel.png?fit=940%2C788&ssl=1&resize=350%2C200","width":350,"height":200,"srcset":"https:\/\/i0.wp.com\/my-all-about-you.com\/wp-content\/uploads\/2025\/06\/israel.png?fit=940%2C788&ssl=1&resize=350%2C200 1x, https:\/\/i0.wp.com\/my-all-about-you.com\/wp-content\/uploads\/2025\/06\/israel.png?fit=940%2C788&ssl=1&resize=525%2C300 1.5x, https:\/\/i0.wp.com\/my-all-about-you.com\/wp-content\/uploads\/2025\/06\/israel.png?fit=940%2C788&ssl=1&resize=700%2C400 2x"},"classes":[]},{"id":9819,"url":"https:\/\/my-all-about-you.com\/es\/2025\/10\/12\/a-holy-pause-embracing-gods-gift-of-rest-this-sunday\/","url_meta":{"origin":7338,"position":3},"title":"\u201cUna pausa santa: Acogiendo el don del descanso que Dios nos ofrece este domingo\u201d","author":"myallaboutyou","date":"octubre 12, 2025","format":false,"excerpt":"Step into this Sunday with a heart open to God\u2019s grace. May the peace of Christ renew your spirit, the love of the Father guide your steps, and the light of the Holy Spirit fill your home. Take this day to rest in His presence and begin your week with\u2026","rel":"","context":"En &quot;Faith&quot;","block_context":{"text":"Faith","link":"https:\/\/my-all-about-you.com\/es\/category\/faith\/"},"img":{"alt_text":"","src":"https:\/\/i0.wp.com\/my-all-about-you.com\/wp-content\/uploads\/2025\/10\/pexels-photo-3933490.jpeg?fit=800%2C1200&ssl=1&resize=350%2C200","width":350,"height":200,"srcset":"https:\/\/i0.wp.com\/my-all-about-you.com\/wp-content\/uploads\/2025\/10\/pexels-photo-3933490.jpeg?fit=800%2C1200&ssl=1&resize=350%2C200 1x, https:\/\/i0.wp.com\/my-all-about-you.com\/wp-content\/uploads\/2025\/10\/pexels-photo-3933490.jpeg?fit=800%2C1200&ssl=1&resize=525%2C300 1.5x, https:\/\/i0.wp.com\/my-all-about-you.com\/wp-content\/uploads\/2025\/10\/pexels-photo-3933490.jpeg?fit=800%2C1200&ssl=1&resize=700%2C400 2x"},"classes":[]},{"id":7551,"url":"https:\/\/my-all-about-you.com\/es\/2025\/06\/20\/a-prayer-for-gods-blessings-on-families-nations-and-the-world-day-194-kirbati\/","url_meta":{"origin":7338,"position":4},"title":"Oraci\u00f3n para que Dios bendiga a las familias, las naciones y el mundo, d\u00eda 194, Kirbati","author":"myallaboutyou","date":"junio 20, 2025","format":false,"excerpt":"The prayer expresses gratitude to God for daily blessings, guidance, and protection of family and community. It emphasizes the importance of marriage and parenting, requests divine assistance for leaders and those in need, and seeks healing for the sick. The prayer also honors the people of Kiribati, advocating for peace\u2026","rel":"","context":"En &quot;Adventure&quot;","block_context":{"text":"Adventure","link":"https:\/\/my-all-about-you.com\/es\/category\/adventure\/"},"img":{"alt_text":"Family ho lding hands at sunset on a tropical beach with palm tree in Kiribati.","src":"https:\/\/i0.wp.com\/my-all-about-you.com\/wp-content\/uploads\/2025\/06\/image-22.png?fit=1024%2C768&ssl=1&resize=350%2C200","width":350,"height":200,"srcset":"https:\/\/i0.wp.com\/my-all-about-you.com\/wp-content\/uploads\/2025\/06\/image-22.png?fit=1024%2C768&ssl=1&resize=350%2C200 1x, https:\/\/i0.wp.com\/my-all-about-you.com\/wp-content\/uploads\/2025\/06\/image-22.png?fit=1024%2C768&ssl=1&resize=525%2C300 1.5x, https:\/\/i0.wp.com\/my-all-about-you.com\/wp-content\/uploads\/2025\/06\/image-22.png?fit=1024%2C768&ssl=1&resize=700%2C400 2x"},"classes":[]},{"id":15107,"url":"https:\/\/my-all-about-you.com\/es\/2026\/06\/25\/a-prayer-for-gods-blessings-on-families-nations-and-the-world-day-168-kenya\/","url_meta":{"origin":7338,"position":5},"title":"Oraci\u00f3n para que Dios bendiga a las familias, las naciones y el mundo, d\u00eda 169, Kenia","author":"myallaboutyou","date":"junio 25, 2026","format":false,"excerpt":"The prayer expresses gratitude for daily blessings and seeks divine protection for family, friends, and global leaders. It emphasizes the importance of marriage, family, and community in Kenya, praying for the Catholic Church\u2019s growth and resilience. The plea includes healing for the sick and promotes peace and understanding among all\u2026","rel":"","context":"En &quot;2026&quot;","block_context":{"text":"2026","link":"https:\/\/my-all-about-you.com\/es\/category\/the-3-am-prayer\/2026\/"},"img":{"alt_text":"African woman with arms raised praying in front of Mount Kilimanjaro and savannah landscape.","src":"https:\/\/i0.wp.com\/my-all-about-you.com\/wp-content\/uploads\/2025\/06\/kenya.png?fit=940%2C788&ssl=1&resize=350%2C200","width":350,"height":200,"srcset":"https:\/\/i0.wp.com\/my-all-about-you.com\/wp-content\/uploads\/2025\/06\/kenya.png?fit=940%2C788&ssl=1&resize=350%2C200 1x, https:\/\/i0.wp.com\/my-all-about-you.com\/wp-content\/uploads\/2025\/06\/kenya.png?fit=940%2C788&ssl=1&resize=525%2C300 1.5x, https:\/\/i0.wp.com\/my-all-about-you.com\/wp-content\/uploads\/2025\/06\/kenya.png?fit=940%2C788&ssl=1&resize=700%2C400 2x"},"classes":[]}],"jetpack_featured_media_url":"https:\/\/i0.wp.com\/my-all-about-you.com\/wp-content\/uploads\/2025\/06\/israel.png?fit=940%2C788&ssl=1","_links":{"self":[{"href":"https:\/\/my-all-about-you.com\/es\/wp-json\/wp\/v2\/posts\/7338","targetHints":{"allow":["GET"]}}],"collection":[{"href":"https:\/\/my-all-about-you.com\/es\/wp-json\/wp\/v2\/posts"}],"about":[{"href":"https:\/\/my-all-about-you.com\/es\/wp-json\/wp\/v2\/types\/post"}],"author":[{"embeddable":true,"href":"https:\/\/my-all-about-you.com\/es\/wp-json\/wp\/v2\/users\/132804860"}],"replies":[{"embeddable":true,"href":"https:\/\/my-all-about-you.com\/es\/wp-json\/wp\/v2\/comments?post=7338"}],"version-history":[{"count":5,"href":"https:\/\/my-all-about-you.com\/es\/wp-json\/wp\/v2\/posts\/7338\/revisions"}],"predecessor-version":[{"id":7343,"href":"https:\/\/my-all-about-you.com\/es\/wp-json\/wp\/v2\/posts\/7338\/revisions\/7343"}],"wp:featuredmedia":[{"embeddable":true,"href":"https:\/\/my-all-about-you.com\/es\/wp-json\/wp\/v2\/media\/7332"}],"wp:attachment":[{"href":"https:\/\/my-all-about-you.com\/es\/wp-json\/wp\/v2\/media?parent=7338"}],"wp:term":[{"taxonomy":"category","embeddable":true,"href":"https:\/\/my-all-about-you.com\/es\/wp-json\/wp\/v2\/categories?post=7338"},{"taxonomy":"post_tag","embeddable":true,"href":"https:\/\/my-all-about-you.com\/es\/wp-json\/wp\/v2\/tags?post=7338"}],"curies":[{"name":"wp","href":"https:\/\/api.w.org\/{rel}","templated":true}]}}