{"id":6476,"date":"2025-03-11T19:25:41","date_gmt":"2025-03-12T00:25:41","guid":{"rendered":"https:\/\/my-all-about-you.com\/?p=6476"},"modified":"2026-04-01T21:26:19","modified_gmt":"2026-04-02T02:26:19","slug":"a-prayer-for-gods-blessings-on-families-nations-and-the-world-day-106-djibouti","status":"publish","type":"post","link":"https:\/\/my-all-about-you.com\/es\/2025\/03\/11\/a-prayer-for-gods-blessings-on-families-nations-and-the-world-day-106-djibouti\/","title":{"rendered":"Oraci\u00f3n para que Dios bendiga a las familias, las naciones y el mundo, D\u00eda 106, Yibuti"},"content":{"rendered":"<p class=\"wp-block-paragraph\">Querido Padre Celestial,<\/p>\n\n\n\n<p class=\"wp-block-paragraph\">Gracias por este d\u00eda. Gracias por todo lo que haces por m\u00ed cada d\u00eda, incluso por aquello que a veces no percibo. Gracias por cuidar de mi familia, amigos y conocidos. Te pido que los protejas y los gu\u00edes en esta vida. Tr\u00e1elos sanos y salvos de regreso a ti. Hazles saber que est\u00e1s ah\u00ed para ellos. Nunca permitas que olvide tu presencia en mi vida y gu\u00edame con seguridad a lo largo de ella.<\/p>\n\n\n\n<p class=\"wp-block-paragraph\">Se\u00f1or, humildemente te pido tu favor. Toca los corazones de los j\u00f3venes, ayud\u00e1ndoles a apreciar el sagrado don del matrimonio y la dulce voz de los ni\u00f1os. Ilumina su visi\u00f3n para que descubran la profunda belleza de compartir la vida con alguien a quien aman profundamente. Que est\u00e9n abiertos a las alegr\u00edas y tristezas que conlleva el v\u00ednculo especial del matrimonio, as\u00ed como a las alegr\u00edas y desaf\u00edos \u00fanicos que los hijos traen a sus vidas.<\/p>\n\n\n\n<p class=\"wp-block-paragraph\">Querido Padre Celestial, te pido humildemente que me gu\u00edes para ser la luz que otros anhelan para encontrar el camino de regreso a Ti, asegur\u00e1ndome de que nunca oculte mi luz. Concede paz interior a quienes la anhelan. Busco tu protecci\u00f3n y gu\u00eda para nuestra amada naci\u00f3n, nuestros funcionarios pol\u00edticos, nuestro clero y todos en el mundo. Inspira a quienes tienen influencia en sus manos \u2014nuestros l\u00edderes, artistas, deportistas y empresarios\u2014 a abrazar tu amor y compartirlo generosamente con los dem\u00e1s, cumpliendo sus roles vitales como miembros amados de tu familia. Ay\u00fadalos a aferrarse a tu Palabra y a regresar a ella con frecuencia, manteni\u00e9ndote en el centro de sus vidas. Que su luz brille intensamente, atrayendo a otros a tu reconfortante presencia. Ay\u00fadanos a vernos unos a otros a trav\u00e9s de tus ojos.<\/p>\n\n\n\n<p class=\"wp-block-paragraph\">Te pido la conversi\u00f3n y la misericordia para todos los pecadores, y ten misericordia de las almas del purgatorio y de todos los fieles difuntos. Te ruego que sanes a los enfermos si es tu voluntad. Te ruego que ayudes a quienes atraviesan momentos dif\u00edciles. Ay\u00fadalos a caminar contigo a trav\u00e9s de las pruebas y tribulaciones de su vida. Gracias, Se\u00f1or, por la vida que me has dado. Te pido que tus \u00e1ngeles luchen con fiereza contra las fuerzas del mal que asolan nuestro mundo, incluyendo a los arc\u00e1ngeles de cada pa\u00eds. Por favor, trae tu paz a todos los pa\u00edses y pueblos.<\/p>\n\n\n\n<p class=\"has-dark-gray-blue-color has-text-color has-link-color wp-elements-1 wp-block-paragraph\"><strong>Padre Celestial, nos presentamos ante Ti para interceder por el pueblo de Yibuti, una naci\u00f3n rica en resiliencia pero que enfrenta numerosos desaf\u00edos. Se\u00f1or, oramos por su sistema de salud, para que brinde sanaci\u00f3n y compasi\u00f3n a quienes viven en las zonas m\u00e1s remotas. Bendice los esfuerzos para combatir enfermedades como la malaria y para proporcionar atenci\u00f3n materno-infantil, garantizando as\u00ed la salud de las futuras generaciones. Te pedimos tu gu\u00eda para llevar agua potable a las regiones \u00e1ridas y mejorar la seguridad alimentaria de las familias necesitadas. Fortalece las manos de quienes trabajan para crear una mejor infraestructura, desde carreteras y transporte hasta la gesti\u00f3n de residuos, para que el pa\u00eds est\u00e9 conectado y limpio.<\/strong><\/p>\n\n\n\n<p class=\"has-dark-gray-blue-color has-text-color has-link-color wp-elements-2 wp-block-paragraph\"><strong>Padre, tambi\u00e9n oramos por los l\u00edderes y quienes toman las decisiones en Yibuti. Conc\u00e9deles sabidur\u00eda, integridad y un coraz\u00f3n lleno de justicia al gobernar su naci\u00f3n. Ay\u00fadalos a combatir la corrupci\u00f3n y a promover la equidad, fomentando la armon\u00eda entre los diversos grupos \u00e9tnicos, como las comunidades somal\u00edes Issa y Afar. Que la paz siga prevaleciendo y que la naci\u00f3n est\u00e9 preparada para afrontar los desaf\u00edos naturales de las sequ\u00edas y las inundaciones. Bajo tu gu\u00eda, esperamos que Yibuti prospere con estabilidad, unidad y prosperidad para las generaciones venideras.<\/strong><\/p>\n\n\n\n<p class=\"has-dark-gray-blue-color has-text-color has-link-color wp-elements-3 wp-block-paragraph\">Agradecemos la oportunidad de dar gracias, adorar y vivir en armon\u00eda. Te damos humildemente gracias, Dios, por la interconexi\u00f3n de todas estas bendiciones. Que tu luz contin\u00fae gui\u00e1ndonos en nuestro camino de paz, comprensi\u00f3n y gratitud.<\/p>\n\n\n\n<p class=\"has-dark-gray-blue-color has-text-color has-link-color wp-elements-4 wp-block-paragraph\">Adem\u00e1s, confiamos en Tu apoyo para quienes enfrentan los desaf\u00edos del alto costo de vida y el desempleo. Estas presiones financieras pueden ser considerables, pero confiamos en Ti. Estamos profundamente agradecidos por Tu amor y cuidado constantes, y te imploramos que les proporciones los recursos necesarios para que estas personas prosperen y alcancen la paz.<\/p>\n\n\n\n<p class=\"wp-block-paragraph\">Querido Se\u00f1or, te pedimos fervientemente que concedas paz a todas esas almas inquietas que est\u00e1n despiertas a esta hora de la noche. Buscamos tu ayuda divina para aquellos en la lista de oraci\u00f3n, incluyendo a cada persona querida mencionada anteriormente, as\u00ed como aquellos que aparecen en este sitio web. <a href=\"http:\/\/my-all-about-you.com\/es\/what-do-i-have-to-give\/prayer-requests\/\">lista de oraci\u00f3n<\/a>. Por favor, incluya tambi\u00e9n a estas personas: Papa Francisco, E. Ivanisky, K. Caruso, B. King, C. Sanders, K. Alello, R. Alello, M\/M D. Guercio, P. Hood, todas las personas del mundo, y los que est\u00e1n en hospitales y sus familias, y ayude a los adolescentes a acercarse m\u00e1s a Ti, a las personas con discapacidades mentales, a los que est\u00e1n perdidos o confundidos acerca de Tu existencia, y a las personas con Alzheimer y enfermedades terminales, y aumente el n\u00famero de hombres y mujeres que ingresan a la vida religiosa.<\/p>\n\n\n\n<p class=\"wp-block-paragraph\">Te pedimos que llenes nuestros lugares de culto hasta rebosar y que las capillas de adoraci\u00f3n perpetua est\u00e9n llenas a cada hora del d\u00eda, todos los d\u00edas de la semana. Adem\u00e1s, te pedimos que protejas a nuestro clero. Dales la fuerza para seguir adelante y seguirte m\u00e1s de cerca, sin perder de vista la misi\u00f3n que les has encomendado. Elevamos cada intenci\u00f3n sincera y cada s\u00faplica silenciosa que llevamos dentro. En tu sagrado nombre, oramos. Te adoramos, y que con cada d\u00eda que pasa, nuestro amor por ti crezca cada vez m\u00e1s.<\/p>\n\n\n\n<p class=\"wp-block-paragraph\">Am\u00e9n.<\/p>\n\n\n\n<figure class=\"wp-block-embed is-type-video is-provider-youtube wp-block-embed-youtube wp-embed-aspect-16-9 wp-has-aspect-ratio\"><div class=\"wp-block-embed__wrapper\">\n<span class=\"embed-youtube\" style=\"text-align:center; display: block;\"><iframe loading=\"lazy\" class=\"youtube-player\" width=\"640\" height=\"360\" src=\"https:\/\/www.youtube.com\/embed\/5kvOK0_pGTk?version=3&#038;rel=1&#038;showsearch=0&#038;showinfo=1&#038;iv_load_policy=1&#038;fs=1&#038;hl=es-MX&#038;autohide=2&#038;wmode=transparent\" allowfullscreen=\"true\" style=\"border:0;\" sandbox=\"allow-scripts allow-same-origin allow-popups allow-presentation allow-popups-to-escape-sandbox\"><\/iframe><\/span>\n<\/div><\/figure>\n\n\n\n<p class=\"wp-block-paragraph\">****He estado viajando por trabajo. Les pido disculpas por la demora. Que Dios los bendiga. Que su luz brille sobre ustedes.<\/p>","protected":false},"excerpt":{"rendered":"<p>In profound gratitude, the prayer reaches out for guidance, protection, and healing for family, friends, nations, and leaders. It seeks to instill love for marriage and children in the youth, protecting and uplifting those in need, while invoking peace in troubled times. The heartfelt plea calls for divine light to inspire and strengthen all souls intertwined in life&#8217;s challenges.<\/p>","protected":false},"author":132804860,"featured_media":6483,"comment_status":"open","ping_status":"open","sticky":false,"template":"","format":"standard","meta":{"_coblocks_attr":"","_coblocks_dimensions":"","_coblocks_responsive_height":"","_coblocks_accordion_ie_support":"","_jetpack_newsletter_access":"","_jetpack_dont_email_post_to_subs":false,"_jetpack_newsletter_tier_id":0,"_jetpack_memberships_contains_paywalled_content":false,"_wpcom_ai_launchpad_first_post":false,"_jetpack_feature_clip_id":0,"_jetpack_memberships_contains_paid_content":false,"footnotes":"","jetpack_publicize_message":"","jetpack_publicize_feature_enabled":true,"jetpack_social_post_already_shared":false,"jetpack_social_options":{"image_generator_settings":{"template":"highway","default_image_id":0,"font":"","enabled":false},"version":2},"_wpas_customize_per_network":false,"jetpack_post_was_ever_published":false},"categories":[5411,785751277,29924,86603,785610602],"tags":[97525408,778857698,10051,162291,785750961,7816,8329,853,778857695],"class_list":["post-6476","post","type-post","status-publish","format-standard","has-post-thumbnail","hentry","category-gratitude","category-785751277","category-countries","category-cultural-heritage","category-the-3-am-prayer","tag-heavenlyfather","tag-afar-community","tag-bible","tag-djibouti","tag-faith","tag-god","tag-jesus","tag-prayer","tag-somali-issa"],"jetpack_publicize_connections":[],"jetpack_likes_enabled":true,"jetpack_sharing_enabled":true,"jetpack_shortlink":"https:\/\/wp.me\/p9vUsN-1Gs","jetpack-related-posts":[{"id":6485,"url":"https:\/\/my-all-about-you.com\/es\/2025\/03\/12\/a-prayer-for-gods-blessings-on-families-nations-and-the-world-day-107-djibouti\/","url_meta":{"origin":6476,"position":0},"title":"Oraci\u00f3n para que Dios bendiga a las familias, las naciones y el mundo, d\u00eda 107, Yibuti","author":"myallaboutyou","date":"marzo 12, 2025","format":false,"excerpt":"The prayer expresses gratitude to God for daily blessings, family, and the beauty of creation, particularly in Djibouti. It seeks guidance for individuals, families, leaders, and communities to embrace love, unity, and peace. The prayer also requests support for those facing hardships and emphasizes the need for faith, worship, and\u2026","rel":"","context":"En &quot;2025&quot;","block_context":{"text":"2025","link":"https:\/\/my-all-about-you.com\/es\/category\/the-3-am-prayer\/2025\/"},"img":{"alt_text":"Prayer for God's blessings on families and nations in Djibouti, Day 106.","src":"https:\/\/i0.wp.com\/my-all-about-you.com\/wp-content\/uploads\/2025\/03\/create-a-highly-detailed-and-emotionally-resonant-featured-image-for-2.png?fit=1024%2C768&ssl=1&resize=350%2C200","width":350,"height":200,"srcset":"https:\/\/i0.wp.com\/my-all-about-you.com\/wp-content\/uploads\/2025\/03\/create-a-highly-detailed-and-emotionally-resonant-featured-image-for-2.png?fit=1024%2C768&ssl=1&resize=350%2C200 1x, https:\/\/i0.wp.com\/my-all-about-you.com\/wp-content\/uploads\/2025\/03\/create-a-highly-detailed-and-emotionally-resonant-featured-image-for-2.png?fit=1024%2C768&ssl=1&resize=525%2C300 1.5x, https:\/\/i0.wp.com\/my-all-about-you.com\/wp-content\/uploads\/2025\/03\/create-a-highly-detailed-and-emotionally-resonant-featured-image-for-2.png?fit=1024%2C768&ssl=1&resize=700%2C400 2x"},"classes":[]},{"id":13565,"url":"https:\/\/my-all-about-you.com\/es\/2026\/04\/03\/a-prayer-for-gods-blessings-on-families-nations-and-the-world-day-90-djibouti\/","url_meta":{"origin":6476,"position":1},"title":"Oraci\u00f3n para que Dios bendiga a las familias, las naciones y el mundo, d\u00eda 92, Yibuti","author":"myallaboutyou","date":"abril 3, 2026","format":false,"excerpt":"The prayer expresses gratitude to God for daily blessings, seeks protection and guidance for loved ones, and implores peace and unity for Djibouti and its diverse communities. It highlights the importance of faith, especially within a predominantly Muslim context, and calls for compassion, understanding, and healing for all individuals in\u2026","rel":"","context":"En &quot;2026&quot;","block_context":{"text":"2026","link":"https:\/\/my-all-about-you.com\/es\/category\/the-3-am-prayer\/2026\/"},"img":{"alt_text":"Prayer for God's blessings on families and nations in Djibouti, Day 106.","src":"https:\/\/i0.wp.com\/my-all-about-you.com\/wp-content\/uploads\/2025\/03\/create-a-highly-detailed-and-emotionally-resonant-featured-image-for-2.png?fit=1024%2C768&ssl=1&resize=350%2C200","width":350,"height":200,"srcset":"https:\/\/i0.wp.com\/my-all-about-you.com\/wp-content\/uploads\/2025\/03\/create-a-highly-detailed-and-emotionally-resonant-featured-image-for-2.png?fit=1024%2C768&ssl=1&resize=350%2C200 1x, https:\/\/i0.wp.com\/my-all-about-you.com\/wp-content\/uploads\/2025\/03\/create-a-highly-detailed-and-emotionally-resonant-featured-image-for-2.png?fit=1024%2C768&ssl=1&resize=525%2C300 1.5x, https:\/\/i0.wp.com\/my-all-about-you.com\/wp-content\/uploads\/2025\/03\/create-a-highly-detailed-and-emotionally-resonant-featured-image-for-2.png?fit=1024%2C768&ssl=1&resize=700%2C400 2x"},"classes":[]},{"id":13585,"url":"https:\/\/my-all-about-you.com\/es\/2026\/04\/04\/a-prayer-for-gods-blessings-on-families-nations-and-the-world-day-90-djibouti-2\/","url_meta":{"origin":6476,"position":2},"title":"Oraci\u00f3n para que Dios bendiga a las familias, las naciones y el mundo, d\u00eda 93, Yibuti","author":"myallaboutyou","date":"abril 4, 2026","format":false,"excerpt":"The prayer expresses gratitude to God for daily blessings, seeks protection and guidance for loved ones, and implores peace and unity for Djibouti and its diverse communities. It highlights the importance of faith, especially within a predominantly Muslim context, and calls for compassion, understanding, and healing for all individuals in\u2026","rel":"","context":"En &quot;2026&quot;","block_context":{"text":"2026","link":"https:\/\/my-all-about-you.com\/es\/category\/the-3-am-prayer\/2026\/"},"img":{"alt_text":"Prayer for God's blessings on families and nations in Djibouti, Day 106.","src":"https:\/\/i0.wp.com\/my-all-about-you.com\/wp-content\/uploads\/2025\/03\/create-a-highly-detailed-and-emotionally-resonant-featured-image-for-2.png?fit=1024%2C768&ssl=1&resize=350%2C200","width":350,"height":200,"srcset":"https:\/\/i0.wp.com\/my-all-about-you.com\/wp-content\/uploads\/2025\/03\/create-a-highly-detailed-and-emotionally-resonant-featured-image-for-2.png?fit=1024%2C768&ssl=1&resize=350%2C200 1x, https:\/\/i0.wp.com\/my-all-about-you.com\/wp-content\/uploads\/2025\/03\/create-a-highly-detailed-and-emotionally-resonant-featured-image-for-2.png?fit=1024%2C768&ssl=1&resize=525%2C300 1.5x, https:\/\/i0.wp.com\/my-all-about-you.com\/wp-content\/uploads\/2025\/03\/create-a-highly-detailed-and-emotionally-resonant-featured-image-for-2.png?fit=1024%2C768&ssl=1&resize=700%2C400 2x"},"classes":[]},{"id":13623,"url":"https:\/\/my-all-about-you.com\/es\/2026\/04\/05\/a-prayer-for-gods-blessings-on-families-nations-and-the-world-day-92-dominica\/","url_meta":{"origin":6476,"position":3},"title":"Oraci\u00f3n para que Dios bendiga a las familias, las naciones y el mundo, d\u00eda 94, Dominica","author":"myallaboutyou","date":"abril 5, 2026","format":false,"excerpt":"The prayer expresses gratitude to God for daily blessings, seeks protection and guidance for loved ones, and implores peace and unity for Djibouti and its diverse communities. It highlights the importance of faith, especially within a predominantly Muslim context, and calls for compassion, understanding, and healing for all individuals in\u2026","rel":"","context":"En &quot;2026&quot;","block_context":{"text":"2026","link":"https:\/\/my-all-about-you.com\/es\/category\/the-3-am-prayer\/2026\/"},"img":{"alt_text":"Waterfall cascading through lush green jungle in Dominica.","src":"https:\/\/i0.wp.com\/my-all-about-you.com\/wp-content\/uploads\/2025\/03\/image-3.png?fit=1024%2C768&ssl=1&resize=350%2C200","width":350,"height":200,"srcset":"https:\/\/i0.wp.com\/my-all-about-you.com\/wp-content\/uploads\/2025\/03\/image-3.png?fit=1024%2C768&ssl=1&resize=350%2C200 1x, https:\/\/i0.wp.com\/my-all-about-you.com\/wp-content\/uploads\/2025\/03\/image-3.png?fit=1024%2C768&ssl=1&resize=525%2C300 1.5x, https:\/\/i0.wp.com\/my-all-about-you.com\/wp-content\/uploads\/2025\/03\/image-3.png?fit=1024%2C768&ssl=1&resize=700%2C400 2x"},"classes":[]},{"id":6614,"url":"https:\/\/my-all-about-you.com\/es\/2025\/03\/20\/eliminate-distractions-a-guide-to-spiritual-focus\/","url_meta":{"origin":6476,"position":4},"title":"Elimina las distracciones: una gu\u00eda para el enfoque espiritual.","author":"myallaboutyou","date":"marzo 20, 2025","format":false,"excerpt":"Creating intentional prayer times throughout the day fosters a profound connection with the Blessed Trinity. Morning to night, these sacred pauses deepen our focus on the Father, Son, and Holy Spirit, transforming life's chaos into a meaningful journey filled with peace, purpose, and an abiding love that enriches our relationships\u2026","rel":"","context":"En &quot;Character&quot;","block_context":{"text":"Character","link":"https:\/\/my-all-about-you.com\/es\/category\/character\/"},"img":{"alt_text":"","src":"https:\/\/i0.wp.com\/my-all-about-you.com\/wp-content\/uploads\/2025\/03\/image-20.png?fit=1024%2C768&ssl=1&resize=350%2C200","width":350,"height":200,"srcset":"https:\/\/i0.wp.com\/my-all-about-you.com\/wp-content\/uploads\/2025\/03\/image-20.png?fit=1024%2C768&ssl=1&resize=350%2C200 1x, https:\/\/i0.wp.com\/my-all-about-you.com\/wp-content\/uploads\/2025\/03\/image-20.png?fit=1024%2C768&ssl=1&resize=525%2C300 1.5x, https:\/\/i0.wp.com\/my-all-about-you.com\/wp-content\/uploads\/2025\/03\/image-20.png?fit=1024%2C768&ssl=1&resize=700%2C400 2x"},"classes":[]},{"id":4256,"url":"https:\/\/my-all-about-you.com\/es\/2024\/12\/07\/a-prayer-for-gods-blessings-on-families-nations-and-the-world-day-12-angola\/","url_meta":{"origin":6476,"position":5},"title":"A Prayer for God\u2019s Blessings on Families, Nations, and the World, Day 12, Angola","author":"myallaboutyou","date":"diciembre 7, 2024","format":false,"excerpt":"The prayer expresses gratitude to God for daily blessings and seeks protection and guidance for family, friends, and the nation. It emphasizes the importance of being a guiding light for others, healing for the sick, and support for those in need. Special mention is made for the Angolan people, with\u2026","rel":"","context":"En &quot;Character&quot;","block_context":{"text":"Character","link":"https:\/\/my-all-about-you.com\/es\/category\/character\/"},"img":{"alt_text":"A group of Angolan women wearing colorful traditional clothing walking together along a sunlit road.","src":"https:\/\/i0.wp.com\/my-all-about-you.com\/wp-content\/uploads\/2024\/12\/angola.png?fit=940%2C788&ssl=1&resize=350%2C200","width":350,"height":200,"srcset":"https:\/\/i0.wp.com\/my-all-about-you.com\/wp-content\/uploads\/2024\/12\/angola.png?fit=940%2C788&ssl=1&resize=350%2C200 1x, https:\/\/i0.wp.com\/my-all-about-you.com\/wp-content\/uploads\/2024\/12\/angola.png?fit=940%2C788&ssl=1&resize=525%2C300 1.5x, https:\/\/i0.wp.com\/my-all-about-you.com\/wp-content\/uploads\/2024\/12\/angola.png?fit=940%2C788&ssl=1&resize=700%2C400 2x"},"classes":[]}],"jetpack_featured_media_url":"https:\/\/i0.wp.com\/my-all-about-you.com\/wp-content\/uploads\/2025\/03\/create-a-highly-detailed-and-emotionally-resonant-featured-image-for-2.png?fit=1024%2C768&ssl=1","_links":{"self":[{"href":"https:\/\/my-all-about-you.com\/es\/wp-json\/wp\/v2\/posts\/6476","targetHints":{"allow":["GET"]}}],"collection":[{"href":"https:\/\/my-all-about-you.com\/es\/wp-json\/wp\/v2\/posts"}],"about":[{"href":"https:\/\/my-all-about-you.com\/es\/wp-json\/wp\/v2\/types\/post"}],"author":[{"embeddable":true,"href":"https:\/\/my-all-about-you.com\/es\/wp-json\/wp\/v2\/users\/132804860"}],"replies":[{"embeddable":true,"href":"https:\/\/my-all-about-you.com\/es\/wp-json\/wp\/v2\/comments?post=6476"}],"version-history":[{"count":5,"href":"https:\/\/my-all-about-you.com\/es\/wp-json\/wp\/v2\/posts\/6476\/revisions"}],"predecessor-version":[{"id":13553,"href":"https:\/\/my-all-about-you.com\/es\/wp-json\/wp\/v2\/posts\/6476\/revisions\/13553"}],"wp:featuredmedia":[{"embeddable":true,"href":"https:\/\/my-all-about-you.com\/es\/wp-json\/wp\/v2\/media\/6483"}],"wp:attachment":[{"href":"https:\/\/my-all-about-you.com\/es\/wp-json\/wp\/v2\/media?parent=6476"}],"wp:term":[{"taxonomy":"category","embeddable":true,"href":"https:\/\/my-all-about-you.com\/es\/wp-json\/wp\/v2\/categories?post=6476"},{"taxonomy":"post_tag","embeddable":true,"href":"https:\/\/my-all-about-you.com\/es\/wp-json\/wp\/v2\/tags?post=6476"}],"curies":[{"name":"wp","href":"https:\/\/api.w.org\/{rel}","templated":true}]}}