{"id":6431,"date":"2025-03-07T03:00:00","date_gmt":"2025-03-07T09:00:00","guid":{"rendered":"https:\/\/my-all-about-you.com\/?p=6431"},"modified":"2025-03-08T07:59:38","modified_gmt":"2025-03-08T13:59:38","slug":"a-prayer-for-gods-blessings-on-families-nations-and-the-world-day-101","status":"publish","type":"post","link":"https:\/\/my-all-about-you.com\/es\/2025\/03\/07\/a-prayer-for-gods-blessings-on-families-nations-and-the-world-day-101\/","title":{"rendered":"A Prayer for God\u2019s Blessings on Families, Nations, and the World, Day 102, Czech Republic"},"content":{"rendered":"<p class=\"wp-block-paragraph\">Querido Padre Celestial,<\/p>\n\n\n\n<p class=\"wp-block-paragraph\">Gracias por este d\u00eda. Gracias por todo lo que haces por m\u00ed cada d\u00eda, incluso por aquello que a veces no percibo. Gracias por cuidar de mi familia, amigos y conocidos. Te pido que los protejas y los gu\u00edes en esta vida. Tr\u00e1elos sanos y salvos de regreso a ti. Hazles saber que est\u00e1s ah\u00ed para ellos. Nunca permitas que olvide tu presencia en mi vida y gu\u00edame con seguridad a lo largo de ella.<\/p>\n\n\n\n<p class=\"wp-block-paragraph\">Se\u00f1or, te pido un favor. Abre los corazones de los j\u00f3venes a la sacralidad del matrimonio y a los dulces sonidos de los ni\u00f1os. Ay\u00fadalos a ver la belleza de estar con alguien a quien amas toda la vida. Perm\u00edteles experimentar las alegr\u00edas y las tristezas que se comparten con esa persona especial, as\u00ed como las alegr\u00edas y los desaf\u00edos que traen los hijos. <\/p>\n\n\n\n<p class=\"wp-block-paragraph\">Querido Padre Celestial, gu\u00edame para ser la luz que otros necesitan para encontrar el camino de regreso a Ti, sin ocultar jam\u00e1s mi luz. Concede paz interior a quienes la buscan. Pido Tu protecci\u00f3n y gu\u00eda para nuestro pa\u00eds, nuestros funcionarios pol\u00edticos, nuestro clero y todos en el mundo. Inspira a quienes ocupan puestos de influencia, incluyendo a nuestros l\u00edderes, artistas, deportistas y empresarios, a abrazar Tu amor y compartirlo con los dem\u00e1s, cumpliendo as\u00ed su papel como miembros de Tu familia. Ay\u00fadalos a aferrarse a Tu Palabra y\/o a volver a ella para que T\u00fa seas siempre su centro. Que su luz brille con intensidad, atrayendo a otros a Tu presencia. Ay\u00fadanos a vernos como T\u00fa nos ves.<\/p>\n\n\n\n<p class=\"wp-block-paragraph\">Te pido la conversi\u00f3n y la misericordia para todos los pecadores, y ten misericordia de las almas del purgatorio y de todos los fieles difuntos. Te ruego que sanes a los enfermos si es tu voluntad. Te ruego que ayudes a quienes atraviesan momentos dif\u00edciles. Ay\u00fadalos a caminar contigo a trav\u00e9s de las pruebas y tribulaciones de su vida. Gracias, Se\u00f1or, por la vida que me has dado. Te pido que tus \u00e1ngeles luchen con fiereza contra las fuerzas del mal que asolan nuestro mundo, incluyendo a los arc\u00e1ngeles de cada pa\u00eds. Por favor, trae tu paz a todos los pa\u00edses y pueblos.<\/p>\n\n\n\n<p class=\"has-dark-gray-blue-color has-text-color has-link-color wp-elements-1 wp-block-paragraph\"><strong>Heavenly Father, we thank You for the remarkable beauty and history of the Czech Republic. We are in awe of Prague, the enchanting capital that stands as a testament to human artistry and perseverance through the ages. We lift up <a href=\"https:\/\/www.ricksteves.com\/watch-read-listen\/read\/articles\/cobbled-charms-of-cesky-krumlov\" target=\"_blank\" rel=\"noopener\">\u010cesk\u00fd Krumlov<\/a>, with its fairy-tale charm, and praise You for the gifts of craftsmanship like Bohemian crystal, which reflects the creativity You have bestowed upon humanity. We rejoice in the healing waters of <a href=\"https:\/\/www.karlovyvary.cz\/en\" target=\"_blank\" rel=\"noopener\">Karlovy Vary<\/a> and the timeless artistry of the Astronomical Clock, both reminders of Your intricate design in nature and human innovation.<\/strong><\/p>\n\n\n\n<p class=\"has-dark-gray-blue-color has-text-color has-link-color wp-elements-2 wp-block-paragraph\"><strong>Bless the castles and ch\u00e2teaux that carry the stories of the past, and the Bohemian and Moravian landscapes that inspire the soul with their natural splendor. We give thanks for the traditional cuisine that brings people together in fellowship and the cultural symbols like the Lennon Wall that celebrate peace and freedom. May the beauty and legacy of this land be a source of inspiration, renewal, and joy to all who encounter it.<\/strong><\/p>\n\n\n\n<p class=\"has-dark-gray-blue-color has-text-color has-link-color wp-elements-3 wp-block-paragraph\">Agradecemos la oportunidad de dar gracias, adorar y vivir en armon\u00eda. Te damos humildemente gracias, Dios, por la interconexi\u00f3n de todas estas bendiciones. Que tu luz contin\u00fae gui\u00e1ndonos en nuestro camino de paz, comprensi\u00f3n y gratitud.<\/p>\n\n\n\n<p class=\"has-dark-gray-blue-color has-text-color has-link-color wp-elements-4 wp-block-paragraph\">Adem\u00e1s, confiamos en Tu apoyo para quienes enfrentan los desaf\u00edos del alto costo de vida y el desempleo. Estas presiones financieras pueden ser considerables, pero confiamos en Ti. Estamos profundamente agradecidos por Tu amor y cuidado constantes, y te imploramos que les proporciones los recursos necesarios para que estas personas prosperen y alcancen la paz.<\/p>\n\n\n\n<p class=\"wp-block-paragraph\">Querido Se\u00f1or, te pedimos fervientemente que concedas paz a todas esas almas inquietas que est\u00e1n despiertas a esta hora de la noche. Buscamos tu ayuda divina para aquellos en la lista de oraci\u00f3n, incluyendo a cada persona querida mencionada anteriormente, as\u00ed como aquellos que aparecen en este sitio web. <a href=\"http:\/\/my-all-about-you.com\/es\/what-do-i-have-to-give\/prayer-requests\/\">lista de oraci\u00f3n<\/a>. Please include these individuals as well: Pope Francis, C Alford, J Hunt,  B Greco, C Garner, K Madere, B Duvic, R Martin, J Fontenot, K Nijoka, Q McMillan, N Casselberry, N Arceneaux those in hospitals and their families, and help teens grow closer to you, those with mental disabilities, those that are lost or confused about your existence, and people with Alzheimer and terminal illnesses and increase men and women entering the religious life.<\/p>\n\n\n\n<p class=\"wp-block-paragraph\">Te pedimos que llenes nuestros lugares de culto hasta rebosar y que las capillas de adoraci\u00f3n perpetua est\u00e9n llenas a cada hora del d\u00eda, todos los d\u00edas de la semana. Adem\u00e1s, te pedimos que protejas a nuestro clero. Dales la fuerza para seguir adelante y seguirte m\u00e1s de cerca, sin perder de vista la misi\u00f3n que les has encomendado. Elevamos cada intenci\u00f3n sincera y cada s\u00faplica silenciosa que llevamos dentro. En tu sagrado nombre, oramos. Te adoramos, y que con cada d\u00eda que pasa, nuestro amor por ti crezca cada vez m\u00e1s.<\/p>\n\n\n\n<p class=\"wp-block-paragraph\">Am\u00e9n.<\/p>\n\n\n\n<figure class=\"wp-block-embed is-type-video is-provider-youtube wp-block-embed-youtube wp-embed-aspect-16-9 wp-has-aspect-ratio\"><div class=\"wp-block-embed__wrapper\">\n<span class=\"embed-youtube\" style=\"text-align:center; display: block;\"><iframe loading=\"lazy\" class=\"youtube-player\" width=\"640\" height=\"360\" src=\"https:\/\/www.youtube.com\/embed\/OkyWd9rFhg8?version=3&#038;rel=1&#038;showsearch=0&#038;showinfo=1&#038;iv_load_policy=1&#038;fs=1&#038;hl=es-MX&#038;autohide=2&#038;wmode=transparent\" allowfullscreen=\"true\" style=\"border:0;\" sandbox=\"allow-scripts allow-same-origin allow-popups allow-presentation allow-popups-to-escape-sandbox\"><\/iframe><\/span>\n<\/div><\/figure>","protected":false},"excerpt":{"rendered":"<p>This heartfelt prayer expresses gratitude for everyday blessings, seeking protection and guidance for loved ones, communities, and leaders. The author emphasizes the beauty of human connection, the importance of marriage, and the need for compassion towards those in need. Ultimately, it calls for peace, inspiration, and a deeper relationship with God.<\/p>","protected":false},"author":132804860,"featured_media":6438,"comment_status":"open","ping_status":"open","sticky":false,"template":"","format":"standard","meta":{"_coblocks_attr":"","_coblocks_dimensions":"","_coblocks_responsive_height":"","_coblocks_accordion_ie_support":"","_jetpack_newsletter_access":"","_jetpack_dont_email_post_to_subs":false,"_jetpack_newsletter_tier_id":0,"_jetpack_memberships_contains_paywalled_content":false,"_wpcom_ai_launchpad_first_post":false,"_jetpack_feature_clip_id":0,"_jetpack_memberships_contains_paid_content":false,"footnotes":"","jetpack_publicize_message":"{title}\n\n{excerpt}\n\n{url}","jetpack_publicize_feature_enabled":true,"jetpack_social_post_already_shared":false,"jetpack_social_options":{"image_generator_settings":{"template":"dois","default_image_id":0,"font":"","enabled":false},"version":2},"_wpas_customize_per_network":false,"jetpack_post_was_ever_published":false},"categories":[29924,86603,5411],"tags":[97525408,10051,345562,22733,785750961,7816,8329,239660,1911871,853,18637489,1549522],"class_list":["post-6431","post","type-post","status-publish","format-standard","has-post-thumbnail","hentry","category-countries","category-cultural-heritage","category-gratitude","tag-heavenlyfather","tag-bible","tag-bohemian","tag-czech-republic","tag-faith","tag-god","tag-jesus","tag-karlovy-vary","tag-moravian","tag-prayer","tag-rich-history","tag-cesky-krumlov"],"jetpack_publicize_connections":[],"jetpack_sharing_enabled":true,"jetpack_likes_enabled":true,"jetpack_shortlink":"https:\/\/wp.me\/p9vUsN-1FJ","jetpack-related-posts":[{"id":6440,"url":"https:\/\/my-all-about-you.com\/es\/2025\/03\/08\/a-prayer-for-gods-blessings-on-families-nations-and-the-world-day-101-czech-republic\/","url_meta":{"origin":6431,"position":0},"title":"A Prayer for God\u2019s Blessings on Families, Nations, and the World, Day 103, Czech Republic","author":"myallaboutyou","date":"marzo 8, 2025","format":false,"excerpt":"This heartfelt prayer expresses gratitude for everyday blessings, seeking protection and guidance for loved ones, communities, and leaders. The author emphasizes the beauty of human connection, the importance of marriage, and the need for compassion towards those in need. Ultimately, it calls for peace, inspiration, and a deeper relationship with\u2026","rel":"","context":"En &quot;Countries&quot;","block_context":{"text":"Countries","link":"https:\/\/my-all-about-you.com\/es\/category\/countries\/"},"img":{"alt_text":"Beautiful view of Czech Republic's historic town with churches and lush greenery during sunset.","src":"https:\/\/i0.wp.com\/my-all-about-you.com\/wp-content\/uploads\/2025\/03\/image.png?fit=1024%2C768&ssl=1&resize=350%2C200","width":350,"height":200,"srcset":"https:\/\/i0.wp.com\/my-all-about-you.com\/wp-content\/uploads\/2025\/03\/image.png?fit=1024%2C768&ssl=1&resize=350%2C200 1x, https:\/\/i0.wp.com\/my-all-about-you.com\/wp-content\/uploads\/2025\/03\/image.png?fit=1024%2C768&ssl=1&resize=525%2C300 1.5x, https:\/\/i0.wp.com\/my-all-about-you.com\/wp-content\/uploads\/2025\/03\/image.png?fit=1024%2C768&ssl=1&resize=700%2C400 2x"},"classes":[]},{"id":13488,"url":"https:\/\/my-all-about-you.com\/es\/2026\/03\/31\/a-prayer-for-gods-blessings-on-families-nations-and-the-world-day-87-czech-republic\/","url_meta":{"origin":6431,"position":1},"title":"Oraci\u00f3n para que Dios bendiga a las familias, las naciones y el mundo, d\u00eda 89, Rep\u00fablica Checa","author":"myallaboutyou","date":"marzo 31, 2026","format":false,"excerpt":"The prayer expresses gratitude to God for daily blessings, seeking protection and guidance for loved ones and the Czech Republic. It emphasizes the importance of faith, marriage, and unity, while praying for the healing of the sick and the conversion of sinners. The author calls for peace and support for\u2026","rel":"","context":"En &quot;2026&quot;","block_context":{"text":"2026","link":"https:\/\/my-all-about-you.com\/es\/category\/the-3-am-prayer\/2026\/"},"img":{"alt_text":"Beautiful view of Czech Republic's historic town with churches and lush greenery during sunset.","src":"https:\/\/i0.wp.com\/my-all-about-you.com\/wp-content\/uploads\/2025\/03\/image.png?fit=1024%2C768&ssl=1&resize=350%2C200","width":350,"height":200,"srcset":"https:\/\/i0.wp.com\/my-all-about-you.com\/wp-content\/uploads\/2025\/03\/image.png?fit=1024%2C768&ssl=1&resize=350%2C200 1x, https:\/\/i0.wp.com\/my-all-about-you.com\/wp-content\/uploads\/2025\/03\/image.png?fit=1024%2C768&ssl=1&resize=525%2C300 1.5x, https:\/\/i0.wp.com\/my-all-about-you.com\/wp-content\/uploads\/2025\/03\/image.png?fit=1024%2C768&ssl=1&resize=700%2C400 2x"},"classes":[]},{"id":13433,"url":"https:\/\/my-all-about-you.com\/es\/2026\/03\/28\/a-prayer-for-gods-blessings-on-families-nations-and-the-world-day-86-czech-republic\/","url_meta":{"origin":6431,"position":2},"title":"Oraci\u00f3n para que Dios bendiga a las familias, las naciones y el mundo, D\u00eda 88, Rep\u00fablica Checa","author":"myallaboutyou","date":"marzo 28, 2026","format":false,"excerpt":"The prayer expresses gratitude to God for daily blessings and seeks guidance and protection for individuals, families, and nations, especially Cuba. It highlights the importance of marriage, the youth, peace among people, and the need for support for those in distress. The prayer encourages faith, compassion, and unity through God\u2019s\u2026","rel":"","context":"En &quot;2026&quot;","block_context":{"text":"2026","link":"https:\/\/my-all-about-you.com\/es\/category\/the-3-am-prayer\/2026\/"},"img":{"alt_text":"Beautiful view of Czech Republic's historic town with churches and lush greenery during sunset.","src":"https:\/\/i0.wp.com\/my-all-about-you.com\/wp-content\/uploads\/2025\/03\/image.png?fit=1024%2C768&ssl=1&resize=350%2C200","width":350,"height":200,"srcset":"https:\/\/i0.wp.com\/my-all-about-you.com\/wp-content\/uploads\/2025\/03\/image.png?fit=1024%2C768&ssl=1&resize=350%2C200 1x, https:\/\/i0.wp.com\/my-all-about-you.com\/wp-content\/uploads\/2025\/03\/image.png?fit=1024%2C768&ssl=1&resize=525%2C300 1.5x, https:\/\/i0.wp.com\/my-all-about-you.com\/wp-content\/uploads\/2025\/03\/image.png?fit=1024%2C768&ssl=1&resize=700%2C400 2x"},"classes":[]},{"id":13264,"url":"https:\/\/my-all-about-you.com\/es\/2026\/03\/16\/a-prayer-for-gods-blessings-on-families-nations-and-the-world-day-74-republic-of-congo\/","url_meta":{"origin":6431,"position":3},"title":"Oraci\u00f3n para que Dios bendiga a las familias, las naciones y el mundo, D\u00eda 76, Rep\u00fablica del Congo","author":"myallaboutyou","date":"marzo 16, 2026","format":false,"excerpt":"The prayer expresses gratitude to God for daily blessings, asking for protection and guidance for loved ones and the nation of the Republic of the Congo. It highlights the beauty of relationships, calls for unity and healing in the world, and seeks support for those facing hardships. The prayer concludes\u2026","rel":"","context":"En &quot;2026&quot;","block_context":{"text":"2026","link":"https:\/\/my-all-about-you.com\/es\/category\/the-3-am-prayer\/2026\/"},"img":{"alt_text":"Tropical rainforest landscape of the Congo Basin in the Republic of the Congo","src":"https:\/\/i0.wp.com\/my-all-about-you.com\/wp-content\/uploads\/2026\/03\/Republic-of-Congo.png?fit=1200%2C670&ssl=1&resize=350%2C200","width":350,"height":200,"srcset":"https:\/\/i0.wp.com\/my-all-about-you.com\/wp-content\/uploads\/2026\/03\/Republic-of-Congo.png?fit=1200%2C670&ssl=1&resize=350%2C200 1x, https:\/\/i0.wp.com\/my-all-about-you.com\/wp-content\/uploads\/2026\/03\/Republic-of-Congo.png?fit=1200%2C670&ssl=1&resize=525%2C300 1.5x, https:\/\/i0.wp.com\/my-all-about-you.com\/wp-content\/uploads\/2026\/03\/Republic-of-Congo.png?fit=1200%2C670&ssl=1&resize=700%2C400 2x, https:\/\/i0.wp.com\/my-all-about-you.com\/wp-content\/uploads\/2026\/03\/Republic-of-Congo.png?fit=1200%2C670&ssl=1&resize=1050%2C600 3x"},"classes":[]},{"id":6041,"url":"https:\/\/my-all-about-you.com\/es\/2025\/02\/09\/a-prayer-for-gods-blessings-on-families-nations-and-the-world-day-75-central-african-republic\/","url_meta":{"origin":6431,"position":4},"title":"A Prayer for God\u2019s Blessings on Families, Nations, and the World, Day 75, Central African Republic","author":"myallaboutyou","date":"febrero 9, 2025","format":false,"excerpt":"The prayer expresses deep gratitude to God for daily blessings, family, and community. It seeks guidance for individuals and leaders, emphasizes the importance of marriage and children, and prays for protection over the Cayman Islands while acknowledging its beauty and history. The prayer also addresses personal struggles and the need\u2026","rel":"","context":"En &quot;Countries&quot;","block_context":{"text":"Countries","link":"https:\/\/my-all-about-you.com\/es\/category\/countries\/"},"img":{"alt_text":"Prayer for God's blessings on families, nations, and the world in the Central African Republic.","src":"https:\/\/i0.wp.com\/my-all-about-you.com\/wp-content\/uploads\/2025\/02\/image-15.png?fit=1024%2C768&ssl=1&resize=350%2C200","width":350,"height":200,"srcset":"https:\/\/i0.wp.com\/my-all-about-you.com\/wp-content\/uploads\/2025\/02\/image-15.png?fit=1024%2C768&ssl=1&resize=350%2C200 1x, https:\/\/i0.wp.com\/my-all-about-you.com\/wp-content\/uploads\/2025\/02\/image-15.png?fit=1024%2C768&ssl=1&resize=525%2C300 1.5x, https:\/\/i0.wp.com\/my-all-about-you.com\/wp-content\/uploads\/2025\/02\/image-15.png?fit=1024%2C768&ssl=1&resize=700%2C400 2x"},"classes":[]},{"id":6047,"url":"https:\/\/my-all-about-you.com\/es\/2025\/02\/10\/a-prayer-for-gods-blessings-on-families-nations-and-the-world-day-76-central-african-republic\/","url_meta":{"origin":6431,"position":5},"title":"A Prayer for God\u2019s Blessings on Families, Nations, and the World, Day 76, Central African Republic","author":"myallaboutyou","date":"febrero 10, 2025","format":false,"excerpt":"The prayer expresses gratitude to God for daily blessings and family protection, while seeking guidance for young people regarding marriage and family. It emphasizes the need for peace, healing, and mercy, particularly for those in difficulty and the Central African Republic. The prayer calls for unity, resilience, and divine assistance\u2026","rel":"","context":"En &quot;Countries&quot;","block_context":{"text":"Countries","link":"https:\/\/my-all-about-you.com\/es\/category\/countries\/"},"img":{"alt_text":"Prayer for God's blessings on families, nations, and the world in the Central African Republic.","src":"https:\/\/i0.wp.com\/my-all-about-you.com\/wp-content\/uploads\/2025\/02\/image-15.png?fit=1024%2C768&ssl=1&resize=350%2C200","width":350,"height":200,"srcset":"https:\/\/i0.wp.com\/my-all-about-you.com\/wp-content\/uploads\/2025\/02\/image-15.png?fit=1024%2C768&ssl=1&resize=350%2C200 1x, https:\/\/i0.wp.com\/my-all-about-you.com\/wp-content\/uploads\/2025\/02\/image-15.png?fit=1024%2C768&ssl=1&resize=525%2C300 1.5x, https:\/\/i0.wp.com\/my-all-about-you.com\/wp-content\/uploads\/2025\/02\/image-15.png?fit=1024%2C768&ssl=1&resize=700%2C400 2x"},"classes":[]}],"jetpack_featured_media_url":"https:\/\/i0.wp.com\/my-all-about-you.com\/wp-content\/uploads\/2025\/03\/image.png?fit=1024%2C768&ssl=1","_links":{"self":[{"href":"https:\/\/my-all-about-you.com\/es\/wp-json\/wp\/v2\/posts\/6431","targetHints":{"allow":["GET"]}}],"collection":[{"href":"https:\/\/my-all-about-you.com\/es\/wp-json\/wp\/v2\/posts"}],"about":[{"href":"https:\/\/my-all-about-you.com\/es\/wp-json\/wp\/v2\/types\/post"}],"author":[{"embeddable":true,"href":"https:\/\/my-all-about-you.com\/es\/wp-json\/wp\/v2\/users\/132804860"}],"replies":[{"embeddable":true,"href":"https:\/\/my-all-about-you.com\/es\/wp-json\/wp\/v2\/comments?post=6431"}],"version-history":[{"count":7,"href":"https:\/\/my-all-about-you.com\/es\/wp-json\/wp\/v2\/posts\/6431\/revisions"}],"predecessor-version":[{"id":6443,"href":"https:\/\/my-all-about-you.com\/es\/wp-json\/wp\/v2\/posts\/6431\/revisions\/6443"}],"wp:featuredmedia":[{"embeddable":true,"href":"https:\/\/my-all-about-you.com\/es\/wp-json\/wp\/v2\/media\/6438"}],"wp:attachment":[{"href":"https:\/\/my-all-about-you.com\/es\/wp-json\/wp\/v2\/media?parent=6431"}],"wp:term":[{"taxonomy":"category","embeddable":true,"href":"https:\/\/my-all-about-you.com\/es\/wp-json\/wp\/v2\/categories?post=6431"},{"taxonomy":"post_tag","embeddable":true,"href":"https:\/\/my-all-about-you.com\/es\/wp-json\/wp\/v2\/tags?post=6431"}],"curies":[{"name":"wp","href":"https:\/\/api.w.org\/{rel}","templated":true}]}}