{"id":6372,"date":"2025-02-28T03:00:00","date_gmt":"2025-02-28T09:00:00","guid":{"rendered":"https:\/\/my-all-about-you.com\/?p=6372"},"modified":"2025-02-28T04:20:24","modified_gmt":"2025-02-28T10:20:24","slug":"a-prayer-for-gods-blessings-on-families-nations-and-the-world-day-94-costa-rica","status":"publish","type":"post","link":"https:\/\/my-all-about-you.com\/es\/2025\/02\/28\/a-prayer-for-gods-blessings-on-families-nations-and-the-world-day-94-costa-rica\/","title":{"rendered":"A Prayer for God\u2019s Blessings on Families, Nations, and the World, Day 94, Costa Rica"},"content":{"rendered":"<p class=\"wp-block-paragraph\">Querido Padre Celestial,<\/p>\n\n\n\n<p class=\"wp-block-paragraph\">Gracias por este d\u00eda. Gracias por todo lo que haces por m\u00ed cada d\u00eda, incluso por aquello que a veces no percibo. Gracias por cuidar de mi familia, amigos y conocidos. Te pido que los protejas y los gu\u00edes en esta vida. Tr\u00e1elos sanos y salvos de regreso a ti. Hazles saber que est\u00e1s ah\u00ed para ellos. Nunca permitas que olvide tu presencia en mi vida y gu\u00edame con seguridad a lo largo de ella.<\/p>\n\n\n\n<p class=\"wp-block-paragraph\">Se\u00f1or, te pido un favor. Abre los corazones de los j\u00f3venes a la sacralidad del matrimonio y a los dulces sonidos de los ni\u00f1os. Ay\u00fadalos a ver la belleza de estar con alguien a quien amas toda la vida. Perm\u00edteles experimentar las alegr\u00edas y las tristezas que se comparten con esa persona especial, as\u00ed como las alegr\u00edas y los desaf\u00edos que traen los hijos. <\/p>\n\n\n\n<p class=\"wp-block-paragraph\">Querido Padre Celestial, gu\u00edame para ser la luz que otros necesitan para encontrar el camino de regreso a Ti, sin ocultar jam\u00e1s mi luz. Concede paz interior a quienes la buscan. Pido Tu protecci\u00f3n y gu\u00eda para nuestro pa\u00eds, nuestros funcionarios pol\u00edticos, nuestro clero y todos en el mundo. Inspira a quienes ocupan puestos de influencia, incluyendo a nuestros l\u00edderes, artistas, deportistas y empresarios, a abrazar Tu amor y compartirlo con los dem\u00e1s, cumpliendo as\u00ed su papel como miembros de Tu familia. Ay\u00fadalos a aferrarse a Tu Palabra y\/o a volver a ella para que T\u00fa seas siempre su centro. Que su luz brille con intensidad, atrayendo a otros a Tu presencia. Ay\u00fadanos a vernos como T\u00fa nos ves.<\/p>\n\n\n\n<p class=\"wp-block-paragraph\">Te pido la conversi\u00f3n y la misericordia para todos los pecadores, y ten misericordia de las almas del purgatorio y de todos los fieles difuntos. Te ruego que sanes a los enfermos si es tu voluntad. Te ruego que ayudes a quienes atraviesan momentos dif\u00edciles. Ay\u00fadalos a caminar contigo a trav\u00e9s de las pruebas y tribulaciones de su vida. Gracias, Se\u00f1or, por la vida que me has dado. Te pido que tus \u00e1ngeles luchen con fiereza contra las fuerzas del mal que asolan nuestro mundo, incluyendo a los arc\u00e1ngeles de cada pa\u00eds. Por favor, trae tu paz a todos los pa\u00edses y pueblos.<\/p>\n\n\n\n<p class=\"has-dark-gray-blue-color has-text-color has-link-color wp-elements-1 wp-block-paragraph\"><strong>Heavenly Father, we come before You with hearts full of gratitude for the abundant blessings You have poured out upon Costa Rica. We thank You for this beautiful land, rich in biodiversity, where Your creation flourishes in every corner. Thank You for the lush forests, the crystal-clear rivers, and the pristine beaches that remind us of Your majesty and creativity.<\/strong><\/p>\n\n\n\n<p class=\"has-dark-gray-blue-color has-text-color has-link-color wp-elements-2 wp-block-paragraph\"><strong>We are grateful for the <a href=\"https:\/\/nicoyapeninsula.com\/\" target=\"_blank\" rel=\"noopener\">Nicoya Peninsula,<\/a> a place where people live long, healthy lives, a true testament to Your gift of vitality. We thank You for the <a href=\"https:\/\/costarica.org\/cities\/orosi-valley\/\" target=\"_blank\" rel=\"noopener\">Orosi Valley<\/a>, where the richness of the soil nurtures thriving coffee plantations and where history lives on in the <a href=\"https:\/\/www.twoweeksincostarica.com\/iglesia-colonial-orosi\/\" target=\"_blank\" rel=\"noopener\">Church of San Jos\u00e9 de Orosi,<\/a> a place of peace and reflection.<\/strong><\/p>\n\n\n\n<p class=\"has-dark-gray-blue-color has-text-color has-link-color wp-elements-3 wp-block-paragraph\"><strong>We thank You for the wonder of <a href=\"https:\/\/www.visitcostarica.com\/where-to-go\/protected-areas\/cocos-island-national-park\" target=\"_blank\" rel=\"noopener\">Coco Island<\/a>, a protected haven for marine life, where we can witness Your incredible handiwork in the underwater world, from hammerhead sharks to rays that swim in the depths of the Pacific Ocean.<\/strong><\/p>\n\n\n\n<p class=\"has-dark-gray-blue-color has-text-color has-link-color wp-elements-4 wp-block-paragraph\"><strong>Lord, they are blessed to live in a land that celebrates life through its folk music, from the rhythmic beats of marimba to the dances of <a href=\"https:\/\/www.classpop.com\/magazine\/how-to-dance-cumbia\" target=\"_blank\" rel=\"noopener\">cumbia<\/a> that fill the air with joy. We thank You for the vibrant spirit of <a href=\"https:\/\/www.visitcostarica.com\/knowing-costa-rica\/san-jose\" target=\"_blank\" rel=\"noopener\">San Jos\u00e9,<\/a> where culture and history thrive in the heart of the country, reminding us of the importance of community and heritage.<\/strong><\/p>\n\n\n\n<p class=\"has-dark-gray-blue-color has-text-color has-link-color wp-elements-5 wp-block-paragraph\"><strong>Father, we also give thanks for the food that nourishes the Costa Rican people\u2014the fruits, vegetables, beans, rice, and the simple but deeply satisfying dishes like <a href=\"https:\/\/stripedspatula.com\/gallo-pinto\/\" target=\"_blank\" rel=\"noopener\">gallo pinto<\/a>, <a href=\"https:\/\/sukiatravel.com\/casado-to-ceviche-flavors-of-costa-rican-cuisine\/\" target=\"_blank\" rel=\"noopener\">casado, and ceviche<\/a>. We recognize these as gifts from Your hands, sustaining them physically and bringing them closer together as a people.<\/strong><\/p>\n\n\n\n<p class=\"has-dark-gray-blue-color has-text-color has-link-color wp-elements-6 wp-block-paragraph\"><strong>We praise You for the peace that resides in this land, for the natural beauty that surrounds everyone, and for the culture of kindness and hospitality that flows from the hearts of the Costa Rican people.<\/strong><\/p>\n\n\n\n<p class=\"has-dark-gray-blue-color has-text-color has-link-color wp-elements-7 wp-block-paragraph\"><strong>We ask for Your continued guidance, protection, and blessings upon this country. May it continue to be a beacon of sustainability, kindness, and gratitude. Thank You, Lord, for all the good gifts You have bestowed upon Costa Rica and for allowing them to be stewards of this precious land.<\/strong><\/p>\n\n\n\n<p class=\"has-dark-gray-blue-color has-text-color has-link-color wp-elements-8 wp-block-paragraph\">Agradecemos la oportunidad de dar gracias, adorar y vivir en armon\u00eda. Te damos humildemente gracias, Dios, por la interconexi\u00f3n de todas estas bendiciones. Que tu luz contin\u00fae gui\u00e1ndonos en nuestro camino de paz, comprensi\u00f3n y gratitud.<\/p>\n\n\n\n<p class=\"has-dark-gray-blue-color has-text-color has-link-color wp-elements-9 wp-block-paragraph\">Adem\u00e1s, confiamos en Tu apoyo para quienes enfrentan los desaf\u00edos del alto costo de vida y el desempleo. Estas presiones financieras pueden ser considerables, pero confiamos en Ti. Estamos profundamente agradecidos por Tu amor y cuidado constantes, y te imploramos que les proporciones los recursos necesarios para que estas personas prosperen y alcancen la paz.<\/p>\n\n\n\n<p class=\"wp-block-paragraph\">Querido Se\u00f1or, te pedimos fervientemente que concedas paz a todas esas almas inquietas que est\u00e1n despiertas a esta hora de la noche. Buscamos tu ayuda divina para aquellos en la lista de oraci\u00f3n, incluyendo a cada persona querida mencionada anteriormente, as\u00ed como aquellos que aparecen en este sitio web. <a href=\"http:\/\/my-all-about-you.com\/es\/what-do-i-have-to-give\/prayer-requests\/\">lista de oraci\u00f3n<\/a>. Please include these individuals as well: Pope Francis, R Neck, J Dillard, T Laborie, J McQueen, C Stanton, L Bridges, L Ross, M Efferson, and help teens grow closer to you, those with mental disabilities, those that are lost or confused about your existence, and people with Alzheimer and terminal illnesses and increase men and women entering the religious life.<\/p>\n\n\n\n<p class=\"wp-block-paragraph\">Te pedimos que llenes nuestros lugares de culto hasta rebosar y que las capillas de adoraci\u00f3n perpetua est\u00e9n llenas a cada hora del d\u00eda, todos los d\u00edas de la semana. Adem\u00e1s, te pedimos que protejas a nuestro clero. Dales la fuerza para seguir adelante y seguirte m\u00e1s de cerca, sin perder de vista la misi\u00f3n que les has encomendado. Elevamos cada intenci\u00f3n sincera y cada s\u00faplica silenciosa que llevamos dentro. En tu sagrado nombre, oramos. Te adoramos, y que con cada d\u00eda que pasa, nuestro amor por ti crezca cada vez m\u00e1s.<\/p>\n\n\n\n<p class=\"wp-block-paragraph\">Am\u00e9n.<\/p>\n\n\n\n<figure class=\"wp-block-embed is-type-video is-provider-youtube wp-block-embed-youtube wp-embed-aspect-16-9 wp-has-aspect-ratio\"><div class=\"wp-block-embed__wrapper\">\n<span class=\"embed-youtube\" style=\"text-align:center; display: block;\"><iframe loading=\"lazy\" class=\"youtube-player\" width=\"640\" height=\"360\" src=\"https:\/\/www.youtube.com\/embed\/ec4_LcSkTqE?version=3&#038;rel=1&#038;showsearch=0&#038;showinfo=1&#038;iv_load_policy=1&#038;fs=1&#038;hl=es-MX&#038;autohide=2&#038;wmode=transparent\" allowfullscreen=\"true\" style=\"border:0;\" sandbox=\"allow-scripts allow-same-origin allow-popups allow-presentation allow-popups-to-escape-sandbox\"><\/iframe><\/span>\n<\/div><\/figure>","protected":false},"excerpt":{"rendered":"<p>In gratitude, we thank God for the daily blessings in our lives, the beauty of Costa Rica, and the joy of community. We seek guidance for ourselves and others, especially the vulnerable. May we continue to shine His light, support those in need, and celebrate life&#8217;s richness with love and kindness.<\/p>","protected":false},"author":132804860,"featured_media":6358,"comment_status":"open","ping_status":"open","sticky":false,"template":"","format":"standard","meta":{"_coblocks_attr":"","_coblocks_dimensions":"","_coblocks_responsive_height":"","_coblocks_accordion_ie_support":"","_jetpack_newsletter_access":"","_jetpack_dont_email_post_to_subs":false,"_jetpack_newsletter_tier_id":0,"_jetpack_memberships_contains_paywalled_content":false,"_wpcom_ai_launchpad_first_post":false,"_jetpack_feature_clip_id":0,"_jetpack_memberships_contains_paid_content":false,"footnotes":"","jetpack_publicize_message":"{title}\n\n{excerpt}\n\n{url}","jetpack_publicize_feature_enabled":true,"jetpack_social_post_already_shared":false,"jetpack_social_options":{"image_generator_settings":{"template":"dois","default_image_id":0,"font":"","enabled":false},"version":2},"_wpas_customize_per_network":false,"jetpack_post_was_ever_published":false},"categories":[29924,86603,5411],"tags":[785751003,534306970,10051,778543671,778543672,4547078,9710,366165,199521,785750961,883013,1403931,8329,2534771,6110794,1276784,853],"class_list":["post-6372","post","type-post","status-publish","format-standard","has-post-thumbnail","hentry","category-countries","category-cultural-heritage","category-gratitude","tag-gratitude","tag-almighty-god-in-heaven","tag-bible","tag-casado-and-ceviche","tag-church-of-san-jose-de-orosi","tag-coco-island","tag-costa-rica","tag-cumbia","tag-economic-growth","tag-faith","tag-gallo-pinto","tag-high-cost-of-living","tag-jesus","tag-nicoya","tag-orosi-valley","tag-perpetual-adoration","tag-prayer"],"jetpack_publicize_connections":[],"jetpack_likes_enabled":true,"jetpack_sharing_enabled":true,"jetpack_shortlink":"https:\/\/wp.me\/p9vUsN-1EM","jetpack-related-posts":[{"id":6355,"url":"https:\/\/my-all-about-you.com\/es\/2025\/02\/27\/a-prayer-for-gods-blessings-on-families-nations-and-the-world-day-93-costa-rica\/","url_meta":{"origin":6372,"position":0},"title":"A Prayer for God\u2019s Blessings on Families, Nations, and the World, Day 93, Costa Rica","author":"myallaboutyou","date":"febrero 27, 2025","format":false,"excerpt":"The content is a heartfelt prayer expressing gratitude for daily blessings, seeking protection for loved ones, and guidance in marriage and parenthood. It emphasizes the appreciation for Costa Rica\u2019s natural beauty and biodiversity, while asking for peace and support for the vulnerable. The prayer also includes intentions for healing, church\u2026","rel":"","context":"En &quot;Countries&quot;","block_context":{"text":"Countries","link":"https:\/\/my-all-about-you.com\/es\/category\/countries\/"},"img":{"alt_text":"Beautiful Costa Rican coastline at sunset with ocean waves and tropical landscape.","src":"https:\/\/i0.wp.com\/my-all-about-you.com\/wp-content\/uploads\/2025\/02\/image-50.png?fit=1024%2C768&ssl=1&resize=350%2C200","width":350,"height":200,"srcset":"https:\/\/i0.wp.com\/my-all-about-you.com\/wp-content\/uploads\/2025\/02\/image-50.png?fit=1024%2C768&ssl=1&resize=350%2C200 1x, https:\/\/i0.wp.com\/my-all-about-you.com\/wp-content\/uploads\/2025\/02\/image-50.png?fit=1024%2C768&ssl=1&resize=525%2C300 1.5x, https:\/\/i0.wp.com\/my-all-about-you.com\/wp-content\/uploads\/2025\/02\/image-50.png?fit=1024%2C768&ssl=1&resize=700%2C400 2x"},"classes":[]},{"id":13297,"url":"https:\/\/my-all-about-you.com\/es\/2026\/03\/20\/a-prayer-for-gods-blessings-on-families-nations-and-the-world-day-78-costa-rica\/","url_meta":{"origin":6372,"position":1},"title":"A Prayer for God\u2019s Blessings on Families, Nations, and the World, Day 80, Costa Rica","author":"myallaboutyou","date":"marzo 20, 2026","format":false,"excerpt":"The prayer expresses gratitude for divine support, seeking guidance and protection for loved ones, the community, and global leaders. It emphasizes the importance of appreciating marriage and family, advocating for peace and compassion among all people. The writer requests mercy for sinners, healing for the sick, and a stronger faith\u2026","rel":"","context":"En &quot;2026&quot;","block_context":{"text":"2026","link":"https:\/\/my-all-about-you.com\/es\/category\/the-3-am-prayer\/2026\/"},"img":{"alt_text":"Beautiful Costa Rican coastline at sunset with ocean waves and tropical landscape.","src":"https:\/\/i0.wp.com\/my-all-about-you.com\/wp-content\/uploads\/2025\/02\/image-50.png?fit=1024%2C768&ssl=1&resize=350%2C200","width":350,"height":200,"srcset":"https:\/\/i0.wp.com\/my-all-about-you.com\/wp-content\/uploads\/2025\/02\/image-50.png?fit=1024%2C768&ssl=1&resize=350%2C200 1x, https:\/\/i0.wp.com\/my-all-about-you.com\/wp-content\/uploads\/2025\/02\/image-50.png?fit=1024%2C768&ssl=1&resize=525%2C300 1.5x, https:\/\/i0.wp.com\/my-all-about-you.com\/wp-content\/uploads\/2025\/02\/image-50.png?fit=1024%2C768&ssl=1&resize=700%2C400 2x"},"classes":[]},{"id":13300,"url":"https:\/\/my-all-about-you.com\/es\/2026\/03\/21\/a-prayer-for-gods-blessings-on-families-nations-and-the-world-day-79-costa-rica\/","url_meta":{"origin":6372,"position":2},"title":"A Prayer for God\u2019s Blessings on Families, Nations, and the World, Day 81, Costa Rica","author":"myallaboutyou","date":"marzo 21, 2026","format":false,"excerpt":"The content is a heartfelt prayer expressing gratitude to God for daily blessings, seeking guidance and protection for loved ones, leaders, and the world. It emphasizes the importance of faith, marriage, and community, while asking for mercy and healing for those in need. The prayer calls for peace and unity\u2026","rel":"","context":"En &quot;2026&quot;","block_context":{"text":"2026","link":"https:\/\/my-all-about-you.com\/es\/category\/the-3-am-prayer\/2026\/"},"img":{"alt_text":"Beautiful Costa Rican coastline at sunset with ocean waves and tropical landscape.","src":"https:\/\/i0.wp.com\/my-all-about-you.com\/wp-content\/uploads\/2025\/02\/image-50.png?fit=1024%2C768&ssl=1&resize=350%2C200","width":350,"height":200,"srcset":"https:\/\/i0.wp.com\/my-all-about-you.com\/wp-content\/uploads\/2025\/02\/image-50.png?fit=1024%2C768&ssl=1&resize=350%2C200 1x, https:\/\/i0.wp.com\/my-all-about-you.com\/wp-content\/uploads\/2025\/02\/image-50.png?fit=1024%2C768&ssl=1&resize=525%2C300 1.5x, https:\/\/i0.wp.com\/my-all-about-you.com\/wp-content\/uploads\/2025\/02\/image-50.png?fit=1024%2C768&ssl=1&resize=700%2C400 2x"},"classes":[]},{"id":6614,"url":"https:\/\/my-all-about-you.com\/es\/2025\/03\/20\/eliminate-distractions-a-guide-to-spiritual-focus\/","url_meta":{"origin":6372,"position":3},"title":"Elimina las distracciones: una gu\u00eda para el enfoque espiritual.","author":"myallaboutyou","date":"marzo 20, 2025","format":false,"excerpt":"Creating intentional prayer times throughout the day fosters a profound connection with the Blessed Trinity. Morning to night, these sacred pauses deepen our focus on the Father, Son, and Holy Spirit, transforming life's chaos into a meaningful journey filled with peace, purpose, and an abiding love that enriches our relationships\u2026","rel":"","context":"En &quot;Character&quot;","block_context":{"text":"Character","link":"https:\/\/my-all-about-you.com\/es\/category\/character\/"},"img":{"alt_text":"","src":"https:\/\/i0.wp.com\/my-all-about-you.com\/wp-content\/uploads\/2025\/03\/image-20.png?fit=1024%2C768&ssl=1&resize=350%2C200","width":350,"height":200,"srcset":"https:\/\/i0.wp.com\/my-all-about-you.com\/wp-content\/uploads\/2025\/03\/image-20.png?fit=1024%2C768&ssl=1&resize=350%2C200 1x, https:\/\/i0.wp.com\/my-all-about-you.com\/wp-content\/uploads\/2025\/03\/image-20.png?fit=1024%2C768&ssl=1&resize=525%2C300 1.5x, https:\/\/i0.wp.com\/my-all-about-you.com\/wp-content\/uploads\/2025\/03\/image-20.png?fit=1024%2C768&ssl=1&resize=700%2C400 2x"},"classes":[]},{"id":5392,"url":"https:\/\/my-all-about-you.com\/es\/2025\/01\/12\/a-prayer-for-gods-blessings-on-families-nations-and-the-world-day-48-bermuda\/","url_meta":{"origin":6372,"position":4},"title":"A Prayer for God\u2019s Blessings on Families, Nations, and the World, Day 48, Bermuda","author":"myallaboutyou","date":"enero 12, 2025","format":false,"excerpt":"The prayer expresses gratitude to God for daily blessings, seeking protection and guidance for loved ones, and a deeper appreciation for marriage and family. It calls for economic stability and health for the people of Bermuda, while imploring divine assistance for those in need. Overall, it emphasizes unity, love, and\u2026","rel":"","context":"En &quot;Adventure&quot;","block_context":{"text":"Adventure","link":"https:\/\/my-all-about-you.com\/es\/category\/adventure\/"},"img":{"alt_text":"","src":"https:\/\/i0.wp.com\/my-all-about-you.com\/wp-content\/uploads\/2025\/01\/bermuda.png?fit=940%2C788&ssl=1&resize=350%2C200","width":350,"height":200,"srcset":"https:\/\/i0.wp.com\/my-all-about-you.com\/wp-content\/uploads\/2025\/01\/bermuda.png?fit=940%2C788&ssl=1&resize=350%2C200 1x, https:\/\/i0.wp.com\/my-all-about-you.com\/wp-content\/uploads\/2025\/01\/bermuda.png?fit=940%2C788&ssl=1&resize=525%2C300 1.5x, https:\/\/i0.wp.com\/my-all-about-you.com\/wp-content\/uploads\/2025\/01\/bermuda.png?fit=940%2C788&ssl=1&resize=700%2C400 2x"},"classes":[]},{"id":6041,"url":"https:\/\/my-all-about-you.com\/es\/2025\/02\/09\/a-prayer-for-gods-blessings-on-families-nations-and-the-world-day-75-central-african-republic\/","url_meta":{"origin":6372,"position":5},"title":"A Prayer for God\u2019s Blessings on Families, Nations, and the World, Day 75, Central African Republic","author":"myallaboutyou","date":"febrero 9, 2025","format":false,"excerpt":"The prayer expresses deep gratitude to God for daily blessings, family, and community. It seeks guidance for individuals and leaders, emphasizes the importance of marriage and children, and prays for protection over the Cayman Islands while acknowledging its beauty and history. The prayer also addresses personal struggles and the need\u2026","rel":"","context":"En &quot;Countries&quot;","block_context":{"text":"Countries","link":"https:\/\/my-all-about-you.com\/es\/category\/countries\/"},"img":{"alt_text":"Prayer for God's blessings on families, nations, and the world in the Central African Republic.","src":"https:\/\/i0.wp.com\/my-all-about-you.com\/wp-content\/uploads\/2025\/02\/image-15.png?fit=1024%2C768&ssl=1&resize=350%2C200","width":350,"height":200,"srcset":"https:\/\/i0.wp.com\/my-all-about-you.com\/wp-content\/uploads\/2025\/02\/image-15.png?fit=1024%2C768&ssl=1&resize=350%2C200 1x, https:\/\/i0.wp.com\/my-all-about-you.com\/wp-content\/uploads\/2025\/02\/image-15.png?fit=1024%2C768&ssl=1&resize=525%2C300 1.5x, https:\/\/i0.wp.com\/my-all-about-you.com\/wp-content\/uploads\/2025\/02\/image-15.png?fit=1024%2C768&ssl=1&resize=700%2C400 2x"},"classes":[]}],"jetpack_featured_media_url":"https:\/\/i0.wp.com\/my-all-about-you.com\/wp-content\/uploads\/2025\/02\/image-50.png?fit=1024%2C768&ssl=1","_links":{"self":[{"href":"https:\/\/my-all-about-you.com\/es\/wp-json\/wp\/v2\/posts\/6372","targetHints":{"allow":["GET"]}}],"collection":[{"href":"https:\/\/my-all-about-you.com\/es\/wp-json\/wp\/v2\/posts"}],"about":[{"href":"https:\/\/my-all-about-you.com\/es\/wp-json\/wp\/v2\/types\/post"}],"author":[{"embeddable":true,"href":"https:\/\/my-all-about-you.com\/es\/wp-json\/wp\/v2\/users\/132804860"}],"replies":[{"embeddable":true,"href":"https:\/\/my-all-about-you.com\/es\/wp-json\/wp\/v2\/comments?post=6372"}],"version-history":[{"count":6,"href":"https:\/\/my-all-about-you.com\/es\/wp-json\/wp\/v2\/posts\/6372\/revisions"}],"predecessor-version":[{"id":6408,"href":"https:\/\/my-all-about-you.com\/es\/wp-json\/wp\/v2\/posts\/6372\/revisions\/6408"}],"wp:featuredmedia":[{"embeddable":true,"href":"https:\/\/my-all-about-you.com\/es\/wp-json\/wp\/v2\/media\/6358"}],"wp:attachment":[{"href":"https:\/\/my-all-about-you.com\/es\/wp-json\/wp\/v2\/media?parent=6372"}],"wp:term":[{"taxonomy":"category","embeddable":true,"href":"https:\/\/my-all-about-you.com\/es\/wp-json\/wp\/v2\/categories?post=6372"},{"taxonomy":"post_tag","embeddable":true,"href":"https:\/\/my-all-about-you.com\/es\/wp-json\/wp\/v2\/tags?post=6372"}],"curies":[{"name":"wp","href":"https:\/\/api.w.org\/{rel}","templated":true}]}}