{"id":6021,"date":"2025-02-08T06:00:00","date_gmt":"2025-02-08T12:00:00","guid":{"rendered":"https:\/\/my-all-about-you.com\/?p=6021"},"modified":"2026-08-24T19:16:43","modified_gmt":"2026-08-25T00:16:43","slug":"the-importance-of-rest-7-types-to-rejuvenate-your-life","status":"publish","type":"post","link":"https:\/\/my-all-about-you.com\/es\/2025\/02\/08\/the-importance-of-rest-7-types-to-rejuvenate-your-life\/","title":{"rendered":"La importancia del descanso: 7 tipos para rejuvenecer tu vida."},"content":{"rendered":"<blockquote class=\"wp-block-quote is-layout-flow wp-block-quote-is-layout-flow\">\n<p class=\"has-text-align-center wp-block-paragraph\">\u201cNos creaste para ti, Se\u00f1or, y nuestro coraz\u00f3n est\u00e1 inquieto hasta que encuentra descanso en ti.\u201d<\/p>\n\n\n\n<p class=\"has-text-align-center wp-block-paragraph\">\u2014 San Agust\u00edn de Hipona, Confesiones<\/p>\n<\/blockquote>\n\n\n\n<p class=\"wp-block-paragraph\"><strong>La gu\u00eda esencial para el descanso: por qu\u00e9 lo necesitamos y c\u00f3mo conseguirlo.<\/strong><\/p>\n\n\n\n<p class=\"wp-block-paragraph\">En nuestro mundo acelerado, es f\u00e1cil pasar por alto la importancia del descanso. Sin embargo, el descanso es esencial para nuestro bienestar f\u00edsico y espiritual. No se trata solo de dormir, sino de darle a nuestra mente, cuerpo y alma la oportunidad de recargarse y rejuvenecer. Exploremos los diferentes tipos de descanso y por qu\u00e9 son tan importantes, buscando siempre honrar el plan de Dios para el descanso.<\/p>\n\n\n\n<p class=\"wp-block-paragraph\"><strong>Por qu\u00e9 el descanso es importante<\/strong><\/p>\n\n\n\n<p class=\"wp-block-paragraph\">El descanso es fundamental por varias razones. Ayuda a nuestro cuerpo a recuperarse del estr\u00e9s y las tensiones de la vida diaria, mejora nuestra funci\u00f3n cognitiva, eleva nuestro estado de \u00e1nimo y optimiza nuestra salud en general. Sin un descanso adecuado, podemos sentirnos agotados, irritables y menos productivos. Es un ingrediente clave para una vida equilibrada y saludable. El verdadero descanso consiste en encontrar paz y satisfacci\u00f3n, aline\u00e1ndonos con nuestro prop\u00f3sito m\u00e1s profundo y nuestra conexi\u00f3n con Dios. Se trata de hallar ese espacio sereno y humilde donde podemos relajarnos y aligerar nuestras cargas. Cuando abordamos nuestro trabajo con amor, este se transforma en una forma de descanso, brind\u00e1ndonos plenitud y alegr\u00eda.<\/p>\n\n\n\n<p class=\"wp-block-paragraph\"><strong>Tipos de descanso<\/strong><\/p>\n\n\n\n<ol start=\"1\" class=\"wp-block-list\">\n<li><strong>Descanso f\u00edsico<\/strong>Este es el tipo de descanso m\u00e1s obvio e incluye formas tanto pasivas como activas. El descanso pasivo consiste en dormir y recostarse, mientras que el descanso activo incluye actividades suaves como estiramientos o un paseo tranquilo que ayudan a relajar los m\u00fasculos. Al descansar, podemos recordar que nuestros cuerpos son templos del Esp\u00edritu Santo y merecen cuidado y renovaci\u00f3n.<\/li>\n\n\n\n<li><strong>Descanso mental<\/strong>\u00a1Nuestra mente tambi\u00e9n necesita descansos! El descanso mental implica tomar breves pausas a lo largo del d\u00eda, practicar la atenci\u00f3n plena en el presente o realizar actividades que no requieran una concentraci\u00f3n intensa, como leer un libro o escuchar m\u00fasica. Podemos encontrar consuelo en las Escrituras y la oraci\u00f3n, permitiendo que la palabra de Dios refresque nuestra mente.<\/li>\n\n\n\n<li><strong>Descanso sensorial<\/strong>En nuestra era digital, estamos constantemente bombardeados por est\u00edmulos sensoriales provenientes de pantallas, luces y sonidos. El descanso sensorial implica desconectarse, atenuar las luces y disfrutar de momentos de tranquilidad lejos de la sobrecarga sensorial. Abraza la quietud y recuerda que Dios habla en los momentos de silencio.<\/li>\n\n\n\n<li><strong>Descanso emocional<\/strong>Esto implica darnos el espacio para expresar y procesar nuestras emociones. Podemos lograrlo hablando con un amigo o con Dios, escribiendo un diario o simplemente permiti\u00e9ndonos sentir sin juzgarnos. Confiar nuestras emociones a Dios y buscar su consuelo puede brindarnos una paz profunda.<\/li>\n\n\n\n<li><strong>Descanso social<\/strong>A veces, necesitamos un respiro de las interacciones sociales, sobre todo si nos agotan. El descanso social implica pasar tiempo a solas o con personas que no nos exigen mucha energ\u00eda, lo que nos ayuda a recargar nuestras pilas sociales. Jes\u00fas sol\u00eda retirarse a lugares tranquilos para orar, record\u00e1ndonos la importancia de la soledad.<\/li>\n\n\n\n<li><strong>Descanso creativo<\/strong>Para quienes se dedican constantemente a resolver problemas o a generar nuevas ideas, el descanso creativo es fundamental. Esto puede implicar participar en actividades que nos inspiren sin necesidad de crear, como apreciar el arte, la naturaleza o la m\u00fasica. En esos momentos, podemos maravillarnos ante la creaci\u00f3n de Dios y sentirnos inspirados.<\/li>\n\n\n\n<li><strong>Descanso espiritual<\/strong>El descanso espiritual consiste en encontrar consuelo y refugio en nuestra relaci\u00f3n con Dios. Se trata de confiarle nuestras cargas, dejar ir nuestras ansiedades y abrazar su paz. La oraci\u00f3n, la meditaci\u00f3n en las Escrituras, la adoraci\u00f3n y el tiempo de quietud con el Se\u00f1or son maneras de experimentar el descanso espiritual. Cuando depositamos nuestra confianza en el plan y el tiempo de Dios, podemos liberar nuestros miedos y ansiedades, encontrando una profunda sensaci\u00f3n de paz y descanso.<\/li>\n<\/ol>\n\n\n\n<blockquote class=\"wp-block-quote is-layout-flow wp-block-quote-is-layout-flow\">\n<p class=\"has-text-align-center wp-block-paragraph\">\u201cEl amor convierte el trabajo en descanso.\u201d<\/p>\n\n\n\n<p class=\"has-text-align-center wp-block-paragraph\">Santa Teresa de \u00c1vila<\/p>\n<\/blockquote>\n\n\n\n<p class=\"wp-block-paragraph\"><strong>Satisfacer nuestras necesidades de descanso<\/strong><\/p>\n\n\n\n<p class=\"wp-block-paragraph\">Encontrar el equilibrio adecuado entre estos tipos de descanso puede marcar una gran diferencia en nuestro bienestar general. Aqu\u00ed tienes algunos consejos para ayudarte a incorporar m\u00e1s descanso a tu vida:<\/p>\n\n\n\n<ul class=\"wp-block-list\">\n<li><strong>Prioriza el sue\u00f1o.<\/strong>Intenta dormir entre 7 y 9 horas de sue\u00f1o reparador cada noche. Crea una rutina para antes de acostarte que le indique a tu cuerpo que es hora de relajarse.<\/li>\n\n\n\n<li><strong>T\u00f3mate descansos<\/strong>Programa breves descansos a lo largo del d\u00eda para desconectar del trabajo o de las pantallas. Incluso una pausa de cinco minutos puede ser revitalizante.<\/li>\n\n\n\n<li><strong>Desenchufar<\/strong>Establece l\u00edmites con tus dispositivos. Designa momentos o zonas libres de tecnolog\u00eda en tu hogar para reducir la sobrecarga sensorial.<\/li>\n\n\n\n<li><strong>Expr\u00e9sate<\/strong>Busca maneras saludables de canalizar tus emociones, ya sea hablando con el Se\u00f1or o con otro amigo, escribiendo en un diario o dedic\u00e1ndote a un pasatiempo creativo.<\/li>\n\n\n\n<li><strong>Buscar el equilibrio<\/strong>Presta atenci\u00f3n a c\u00f3mo los diferentes tipos de descanso afectan tus niveles de energ\u00eda y tu estado de \u00e1nimo. Adapta tu rutina para asegurarte de descansar lo suficiente.<\/li>\n<\/ul>\n\n\n\n<p class=\"wp-block-paragraph\">Recuerda que el descanso no es un lujo, sino una necesidad. Al comprender y priorizar los diferentes tipos de descanso, incluyendo el descanso espiritual en nuestro Se\u00f1or, podemos llevar una vida m\u00e1s feliz, saludable y equilibrada. El verdadero descanso llega cuando encontramos paz y satisfacci\u00f3n en nuestro interior, en sinton\u00eda con nuestro prop\u00f3sito m\u00e1s profundo y nuestra conexi\u00f3n con Dios. Adopta un enfoque amable y humilde hacia el descanso, aligera tus cargas y perm\u00edtete relajarte de verdad: \u00a1te lo mereces!<\/p>\n\n\n\n<blockquote class=\"wp-block-quote is-layout-flow wp-block-quote-is-layout-flow\">\n<p class=\"has-text-align-center wp-block-paragraph\">Llevad mi yugo sobre vosotros y aprended de m\u00ed, que soy manso y humilde de coraz\u00f3n, y hallar\u00e9is descanso para vuestras almas. Porque mi yugo es f\u00e1cil y mi carga es ligera.<\/p>\n\n\n\n<p class=\"has-text-align-center wp-block-paragraph\">Mateo 11:29-30<\/p>\n<\/blockquote>\n\n\n\n<p class=\"wp-block-paragraph\"><\/p>","protected":false},"excerpt":{"rendered":"<p>Rest is essential for our physical, emotional, and spiritual well-being. It encompasses physical, mental, sensory, emotional, social, creative, and spiritual aspects. Prioritizing various types of rest can enhance health, productivity, and fulfillment. True rest aligns us with God, fosters balance, and allows deeper connections with ourselves and our spirituality.<\/p>","protected":false},"author":132804860,"featured_media":6028,"comment_status":"open","ping_status":"open","sticky":false,"template":"","format":"standard","meta":{"_coblocks_attr":"","_coblocks_dimensions":"","_coblocks_responsive_height":"","_coblocks_accordion_ie_support":"","_jetpack_newsletter_access":"","_jetpack_dont_email_post_to_subs":false,"_jetpack_newsletter_tier_id":0,"_jetpack_memberships_contains_paywalled_content":false,"_wpcom_ai_launchpad_first_post":false,"_jetpack_feature_clip_id":0,"_jetpack_memberships_contains_paid_content":false,"footnotes":"","jetpack_publicize_message":"{title}\n\n{excerpt}\n\n{url}","jetpack_publicize_feature_enabled":true,"jetpack_social_post_already_shared":false,"jetpack_social_options":{"image_generator_settings":{"template":"dois","default_image_id":0,"font":"","enabled":false},"version":2},"_wpas_customize_per_network":false,"jetpack_post_was_ever_published":false},"categories":[5173,15314,15433],"tags":[34102948,53765395,7455126,15200502,15200501,5074395,3902436,254298814,29877825,2372811,349],"class_list":["post-6021","post","type-post","status-publish","format-standard","has-post-thumbnail","hentry","category-christian-living","category-rest","category-wellness","tag-creative-rest","tag-emotional-rest","tag-matthew-1129-30","tag-mental-rest","tag-physical-rest","tag-saint-augustine-of-hippo","tag-saint-teresa-of-avila","tag-sensory-rest","tag-social-rest","tag-spiritual-rest","tag-writing"],"jetpack_publicize_connections":[],"jetpack_sharing_enabled":true,"jetpack_likes_enabled":true,"jetpack_shortlink":"https:\/\/wp.me\/p9vUsN-1z7","jetpack-related-posts":[{"id":625,"url":"https:\/\/my-all-about-you.com\/es\/2018\/08\/28\/st-augustine-the-son-of-tears\/","url_meta":{"origin":6021,"position":0},"title":"St Augustine, the Son of Tears \u2014","author":"myallaboutyou","date":"agosto 28, 2018","format":"quote","excerpt":"In Son of Tears, I pause with Augustine in the moment when his heart finally breaks open before God \u2014 not in despair, but in recognition. Fra Angelico\u2019s painting reveals a deeper truth beneath his tears: the quiet way grace moves when our strength ends, and the hidden power of\u2026","rel":"","context":"En &quot;Art &amp; Culture&quot;","block_context":{"text":"Art &amp; Culture","link":"https:\/\/my-all-about-you.com\/es\/category\/art-culture\/"},"img":{"alt_text":"Saint Augustine in pink robes praying with hands covering face in a traditional setting.","src":"https:\/\/i0.wp.com\/my-all-about-you.com\/wp-content\/uploads\/2018\/08\/create-a-highly-detailed-high-resolution-image-inspired-by-fra-angelicos.png?fit=1024%2C768&ssl=1&resize=350%2C200","width":350,"height":200,"srcset":"https:\/\/i0.wp.com\/my-all-about-you.com\/wp-content\/uploads\/2018\/08\/create-a-highly-detailed-high-resolution-image-inspired-by-fra-angelicos.png?fit=1024%2C768&ssl=1&resize=350%2C200 1x, https:\/\/i0.wp.com\/my-all-about-you.com\/wp-content\/uploads\/2018\/08\/create-a-highly-detailed-high-resolution-image-inspired-by-fra-angelicos.png?fit=1024%2C768&ssl=1&resize=525%2C300 1.5x, https:\/\/i0.wp.com\/my-all-about-you.com\/wp-content\/uploads\/2018\/08\/create-a-highly-detailed-high-resolution-image-inspired-by-fra-angelicos.png?fit=1024%2C768&ssl=1&resize=700%2C400 2x"},"classes":[]},{"id":11941,"url":"https:\/\/my-all-about-you.com\/es\/2026\/01\/25\/happiness-and-the-deeper-longing-of-the-heart\/","url_meta":{"origin":6021,"position":1},"title":"La felicidad y el anhelo m\u00e1s profundo del coraz\u00f3n","author":"myallaboutyou","date":"enero 25, 2026","format":false,"excerpt":"Anhelamos algo m\u00e1s que placer o \u00e9xito. Debajo de cada deseo se esconde un anhelo m\u00e1s profundo: un anhelo de pertenencia, comuni\u00f3n y del Dios que cre\u00f3 nuestros corazones para s\u00ed mismo.","rel":"","context":"En &quot;Everyday Devotion&quot;","block_context":{"text":"Everyday Devotion","link":"https:\/\/my-all-about-you.com\/es\/category\/everyday-devotion\/"},"img":{"alt_text":"A sunlit small-town street with a tree-lined sidewalk, a red brick building, and a quiet park bench under golden hour light.","src":"https:\/\/i0.wp.com\/my-all-about-you.com\/wp-content\/uploads\/2026\/01\/a-quiet-small-town-r.png?fit=1200%2C800&ssl=1&resize=350%2C200","width":350,"height":200,"srcset":"https:\/\/i0.wp.com\/my-all-about-you.com\/wp-content\/uploads\/2026\/01\/a-quiet-small-town-r.png?fit=1200%2C800&ssl=1&resize=350%2C200 1x, https:\/\/i0.wp.com\/my-all-about-you.com\/wp-content\/uploads\/2026\/01\/a-quiet-small-town-r.png?fit=1200%2C800&ssl=1&resize=525%2C300 1.5x, https:\/\/i0.wp.com\/my-all-about-you.com\/wp-content\/uploads\/2026\/01\/a-quiet-small-town-r.png?fit=1200%2C800&ssl=1&resize=700%2C400 2x, https:\/\/i0.wp.com\/my-all-about-you.com\/wp-content\/uploads\/2026\/01\/a-quiet-small-town-r.png?fit=1200%2C800&ssl=1&resize=1050%2C600 3x"},"classes":[]},{"id":6603,"url":"https:\/\/my-all-about-you.com\/es\/2025\/03\/18\/tea-and-contemplation-reflecting-on-our-lives-and-the-passion-of-jesus-christ\/","url_meta":{"origin":6021,"position":2},"title":"Tea and Contemplation: Reflecting on Our Lives and the Passion of Jesus Christ","author":"myallaboutyou","date":"marzo 18, 2025","format":false,"excerpt":"In the sacred stillness of quiet moments, we encounter profound reflections on the Passion of Christ. With a warm cup of tea and chocolate, we contemplate His unimaginable suffering and love. At Golgotha, Jesus endured betrayal to grant us grace and redemption, inviting us to lay our burdens at the\u2026","rel":"","context":"En &quot;Catholic&quot;","block_context":{"text":"Catholic","link":"https:\/\/my-all-about-you.com\/es\/category\/catholic\/"},"img":{"alt_text":"","src":"https:\/\/i0.wp.com\/my-all-about-you.com\/wp-content\/uploads\/2025\/03\/image-18.png?fit=1024%2C768&ssl=1&resize=350%2C200","width":350,"height":200,"srcset":"https:\/\/i0.wp.com\/my-all-about-you.com\/wp-content\/uploads\/2025\/03\/image-18.png?fit=1024%2C768&ssl=1&resize=350%2C200 1x, https:\/\/i0.wp.com\/my-all-about-you.com\/wp-content\/uploads\/2025\/03\/image-18.png?fit=1024%2C768&ssl=1&resize=525%2C300 1.5x, https:\/\/i0.wp.com\/my-all-about-you.com\/wp-content\/uploads\/2025\/03\/image-18.png?fit=1024%2C768&ssl=1&resize=700%2C400 2x"},"classes":[]},{"id":15617,"url":"https:\/\/my-all-about-you.com\/es\/2026\/07\/20\/the-mountain-was-never-the-point-a-reflection-on-petrarchs-birthday\/","url_meta":{"origin":6021,"position":3},"title":"La monta\u00f1a nunca fue lo importante: una reflexi\u00f3n sobre el cumplea\u00f1os de Petrarca.","author":"myallaboutyou","date":"julio 20, 2026","format":false,"excerpt":"On his 1336 climb of Mont Ventoux, Petrarch opened Augustine's Confessions at the summit and was struck by a line about people admiring mountains while forgetting to look at themselves. A Monday reflection on inward attention.","rel":"","context":"En &quot;Personal Formation&quot;","block_context":{"text":"Personal Formation","link":"https:\/\/my-all-about-you.com\/es\/category\/personal-formation\/"},"img":{"alt_text":"An open book resting on a sunlit wooden table beside a window, with softly blurred green hills and blue sky in the distance.","src":"https:\/\/i0.wp.com\/my-all-about-you.com\/wp-content\/uploads\/2026\/07\/image-1.png?fit=1200%2C960&ssl=1&resize=350%2C200","width":350,"height":200,"srcset":"https:\/\/i0.wp.com\/my-all-about-you.com\/wp-content\/uploads\/2026\/07\/image-1.png?fit=1200%2C960&ssl=1&resize=350%2C200 1x, https:\/\/i0.wp.com\/my-all-about-you.com\/wp-content\/uploads\/2026\/07\/image-1.png?fit=1200%2C960&ssl=1&resize=525%2C300 1.5x, https:\/\/i0.wp.com\/my-all-about-you.com\/wp-content\/uploads\/2026\/07\/image-1.png?fit=1200%2C960&ssl=1&resize=700%2C400 2x, https:\/\/i0.wp.com\/my-all-about-you.com\/wp-content\/uploads\/2026\/07\/image-1.png?fit=1200%2C960&ssl=1&resize=1050%2C600 3x"},"classes":[]},{"id":371,"url":"https:\/\/my-all-about-you.com\/es\/2018\/02\/05\/please-dont-judge-me\/","url_meta":{"origin":6021,"position":4},"title":"Please Don&#8217;t Judge Me!","author":"myallaboutyou","date":"febrero 5, 2018","format":false,"excerpt":"A recent discussion highlights why someone faithful to Christ may abstain from communion, emphasizing the importance of understanding various personal reasons beyond sin. Reverence, self-examination, and practices like mortification can motivate this choice. Ultimately, the external perception may not reflect inner intentions, warranting compassion rather than judgment.","rel":"","context":"En &quot;Faith&quot;","block_context":{"text":"Faith","link":"https:\/\/my-all-about-you.com\/es\/category\/faith\/"},"img":{"alt_text":"","src":"https:\/\/i0.wp.com\/my-all-about-you.com\/wp-content\/uploads\/2018\/02\/pictures-of-jesus-blind-man-thanks-reverence.jpg?fit=1200%2C800&ssl=1&resize=350%2C200","width":350,"height":200,"srcset":"https:\/\/i0.wp.com\/my-all-about-you.com\/wp-content\/uploads\/2018\/02\/pictures-of-jesus-blind-man-thanks-reverence.jpg?fit=1200%2C800&ssl=1&resize=350%2C200 1x, https:\/\/i0.wp.com\/my-all-about-you.com\/wp-content\/uploads\/2018\/02\/pictures-of-jesus-blind-man-thanks-reverence.jpg?fit=1200%2C800&ssl=1&resize=525%2C300 1.5x, https:\/\/i0.wp.com\/my-all-about-you.com\/wp-content\/uploads\/2018\/02\/pictures-of-jesus-blind-man-thanks-reverence.jpg?fit=1200%2C800&ssl=1&resize=700%2C400 2x, https:\/\/i0.wp.com\/my-all-about-you.com\/wp-content\/uploads\/2018\/02\/pictures-of-jesus-blind-man-thanks-reverence.jpg?fit=1200%2C800&ssl=1&resize=1050%2C600 3x"},"classes":[]},{"id":11648,"url":"https:\/\/my-all-about-you.com\/es\/2025\/12\/29\/where-the-heart-learns-to-rest\/","url_meta":{"origin":6021,"position":5},"title":"Where the Heart Learns to Rest","author":"myallaboutyou","date":"diciembre 29, 2025","format":false,"excerpt":"A gentle welcome to all who arrive here\u2014those who have walked this path for years and those newly visiting. This space is devoted to Christian reflection, quiet prayer, and the faithful work God accomplishes in ordinary days. Come in, rest awhile, and continue the journey with us.","rel":"","context":"En &quot;Journey Ahead&quot;","block_context":{"text":"Journey Ahead","link":"https:\/\/my-all-about-you.com\/es\/category\/journey-ahead\/"},"img":{"alt_text":"Sunlit garden bench with a warm cup of tea beside a winding path, surrounded by flowers in early morning light.","src":"https:\/\/i0.wp.com\/my-all-about-you.com\/wp-content\/uploads\/2025\/12\/Devotion.png?fit=1200%2C800&ssl=1&resize=350%2C200","width":350,"height":200,"srcset":"https:\/\/i0.wp.com\/my-all-about-you.com\/wp-content\/uploads\/2025\/12\/Devotion.png?fit=1200%2C800&ssl=1&resize=350%2C200 1x, https:\/\/i0.wp.com\/my-all-about-you.com\/wp-content\/uploads\/2025\/12\/Devotion.png?fit=1200%2C800&ssl=1&resize=525%2C300 1.5x, https:\/\/i0.wp.com\/my-all-about-you.com\/wp-content\/uploads\/2025\/12\/Devotion.png?fit=1200%2C800&ssl=1&resize=700%2C400 2x, https:\/\/i0.wp.com\/my-all-about-you.com\/wp-content\/uploads\/2025\/12\/Devotion.png?fit=1200%2C800&ssl=1&resize=1050%2C600 3x"},"classes":[]}],"jetpack_featured_media_url":"https:\/\/i0.wp.com\/my-all-about-you.com\/wp-content\/uploads\/2025\/02\/image-13.png?fit=1024%2C768&ssl=1","_links":{"self":[{"href":"https:\/\/my-all-about-you.com\/es\/wp-json\/wp\/v2\/posts\/6021","targetHints":{"allow":["GET"]}}],"collection":[{"href":"https:\/\/my-all-about-you.com\/es\/wp-json\/wp\/v2\/posts"}],"about":[{"href":"https:\/\/my-all-about-you.com\/es\/wp-json\/wp\/v2\/types\/post"}],"author":[{"embeddable":true,"href":"https:\/\/my-all-about-you.com\/es\/wp-json\/wp\/v2\/users\/132804860"}],"replies":[{"embeddable":true,"href":"https:\/\/my-all-about-you.com\/es\/wp-json\/wp\/v2\/comments?post=6021"}],"version-history":[{"count":8,"href":"https:\/\/my-all-about-you.com\/es\/wp-json\/wp\/v2\/posts\/6021\/revisions"}],"predecessor-version":[{"id":6030,"href":"https:\/\/my-all-about-you.com\/es\/wp-json\/wp\/v2\/posts\/6021\/revisions\/6030"}],"wp:featuredmedia":[{"embeddable":true,"href":"https:\/\/my-all-about-you.com\/es\/wp-json\/wp\/v2\/media\/6028"}],"wp:attachment":[{"href":"https:\/\/my-all-about-you.com\/es\/wp-json\/wp\/v2\/media?parent=6021"}],"wp:term":[{"taxonomy":"category","embeddable":true,"href":"https:\/\/my-all-about-you.com\/es\/wp-json\/wp\/v2\/categories?post=6021"},{"taxonomy":"post_tag","embeddable":true,"href":"https:\/\/my-all-about-you.com\/es\/wp-json\/wp\/v2\/tags?post=6021"}],"curies":[{"name":"wp","href":"https:\/\/api.w.org\/{rel}","templated":true}]}}