{"id":3665,"date":"2024-11-05T19:01:35","date_gmt":"2024-11-06T01:01:35","guid":{"rendered":"https:\/\/my-all-about-you.com\/?p=3665"},"modified":"2024-11-05T19:01:35","modified_gmt":"2024-11-06T01:01:35","slug":"american-football-day","status":"publish","type":"post","link":"https:\/\/my-all-about-you.com\/es\/2024\/11\/05\/american-football-day\/","title":{"rendered":"D\u00eda del F\u00fatbol Americano"},"content":{"rendered":"<p class=\"wp-block-paragraph\">En Willow Creek, un peque\u00f1o pueblo donde el f\u00fatbol era m\u00e1s que un simple juego, el 5 de noviembre era el d\u00eda m\u00e1s esperado del a\u00f1o: <strong>D\u00eda del F\u00fatbol Americano<\/strong>. No se trataba solo de los profesionales o de los equipos universitarios, sino de los Wildcats locales, el coraz\u00f3n de la comunidad.<\/p>\n\n\n\n<p class=\"wp-block-paragraph\">El entrenador Danny Lawson hab\u00eda dirigido a los Willow Creek Wildcats durante veinte a\u00f1os, y este a\u00f1o, el equipo ten\u00eda la oportunidad de ganar el campeonato estatal. Todo el pueblo hab\u00eda salido a celebrar, haciendo una barbacoa en el estacionamiento, asando perritos calientes y ondeando pancartas.<\/p>\n\n\n\n<p class=\"wp-block-paragraph\">Los Wildcats se enfrentaban a sus ac\u00e9rrimos rivales, los Jackson City Tigers. El partido estaba empatado a 14-14 al descanso, y la tensi\u00f3n era palpable. Pero el entrenador D no estaba preocupado. En el vestuario, no habl\u00f3 de jugadas ni estrategias; les record\u00f3 a sus jugadores lo que realmente estaba en juego: <strong>Familia, orgullo y tradici\u00f3n.<\/strong>.<\/p>\n\n\n\n<p class=\"wp-block-paragraph\">Cuando el partido entraba en sus \u00faltimos minutos, los Wildcats perd\u00edan por tres puntos. A falta de poco menos de dos minutos, el mariscal de campo Luke Carter lider\u00f3 la \u00faltima ofensiva. Con el reloj a punto de agotarse, Luke lanz\u00f3 un pase perfecto al receptor Jake Thompson, quien lo atrap\u00f3 justo en la zona de anotaci\u00f3n.<\/p>\n\n\n\n<p class=\"wp-block-paragraph\">Touchdown. Ganan los Wildcats.<\/p>\n\n\n\n<p class=\"wp-block-paragraph\">El estadio estall\u00f3 de j\u00fabilo. Los aficionados invadieron el campo, abraz\u00e1ndose, llorando y coreando: &quot;\u00a1Vamos, Wildcats!&quot;. Willow Creek hab\u00eda ganado el campeonato estatal, pero era m\u00e1s que un t\u00edtulo: era una celebraci\u00f3n de todo lo que el f\u00fatbol americano significaba para ellos.<\/p>\n\n\n\n<p class=\"wp-block-paragraph\">M\u00e1s tarde, bajo las estrellas, todo el pueblo se reuni\u00f3 para celebrar: familias, amigos y vecinos unidos por la pasi\u00f3n por el f\u00fatbol americano. En el D\u00eda del F\u00fatbol Americano, este deporte no era solo un juego; era el alma de Willow Creek, y esta victoria ser\u00eda recordada por generaciones.<\/p>\n\n\n\n<p class=\"has-text-align-center wp-block-paragraph\"><strong>\u00a1Feliz D\u00eda del F\u00fatbol Americano!<\/strong><\/p>\n\n\n\n<p class=\"wp-block-paragraph\"><\/p>\n\n\n\n<p class=\"wp-block-paragraph\"><\/p>","protected":false},"excerpt":{"rendered":"<p>En Willow Creek, el D\u00eda del F\u00fatbol Americano es una tradici\u00f3n muy arraigada que une a la comunidad en torno a los Wildcats. Bajo la direcci\u00f3n del entrenador Danny Lawson, el equipo se alza victorioso con el campeonato estatal frente a sus rivales, encarnando la familia, el orgullo y la tradici\u00f3n. La victoria no es solo un t\u00edtulo; consolida al f\u00fatbol americano como el coraz\u00f3n del pueblo para las generaciones venideras.<\/p>","protected":false},"author":132804860,"featured_media":3668,"comment_status":"open","ping_status":"open","sticky":false,"template":"","format":"standard","meta":{"_coblocks_attr":"","_coblocks_dimensions":"","_coblocks_responsive_height":"","_coblocks_accordion_ie_support":"","_jetpack_newsletter_access":"","_jetpack_dont_email_post_to_subs":false,"_jetpack_newsletter_tier_id":0,"_jetpack_memberships_contains_paywalled_content":false,"_wpcom_ai_launchpad_first_post":false,"_jetpack_feature_clip_id":0,"_jetpack_memberships_contains_paid_content":false,"footnotes":"","jetpack_publicize_message":"{title}\n\n{excerpt}\n\n{url}","jetpack_publicize_feature_enabled":true,"jetpack_social_post_already_shared":false,"jetpack_social_options":{"image_generator_settings":{"template":"dois","default_image_id":0,"font":"","enabled":false},"version":2},"_wpas_customize_per_network":false,"jetpack_post_was_ever_published":false},"categories":[8792,9466,14469,58815],"tags":[415921481,5232,1134,14314036,92491037,12158798,111488,42681,775792723,36910,67,307590081,775792729],"class_list":["post-3665","post","type-post","status-publish","format-standard","has-post-thumbnail","hentry","category-adventure","category-character","category-festivals-events","category-tales","tag-american-football-day","tag-college-football","tag-football","tag-football-community","tag-football-pride","tag-football-story","tag-high-school-football","tag-ncaa","tag-november-5th-football-celebration","tag-sec","tag-sports","tag-state-championship-football","tag-willow-creek-football"],"jetpack_publicize_connections":[],"jetpack_likes_enabled":true,"jetpack_sharing_enabled":true,"jetpack_shortlink":"https:\/\/wp.me\/p9vUsN-X7","jetpack-related-posts":[{"id":11068,"url":"https:\/\/my-all-about-you.com\/es\/2025\/11\/26\/what-tree-would-you-be-a-symbolic-journey-into-identity-meaning\/","url_meta":{"origin":3665,"position":0},"title":"\u00bfQu\u00e9 \u00e1rbol ser\u00edas? Un viaje simb\u00f3lico hacia la identidad y el significado.","author":"myallaboutyou","date":"noviembre 26, 2025","format":false,"excerpt":"Have you ever wondered what kind of tree you would be? Oak, willow, pine, maple\u2014each carries its own quiet wisdom and symbolic personality. This post explores what different trees represent, why people connect to certain ones, and how to discover your unique \u201ctree personality.\u201d At the end, enjoy a family-friendly\u2026","rel":"","context":"En &quot;Creative ideas&quot;","block_context":{"text":"Creative ideas","link":"https:\/\/my-all-about-you.com\/es\/category\/creative-ideas\/"},"img":{"alt_text":"A soft watercolor illustration of a sunlit forest featuring a variety of trees\u2014oak, pine, cherry blossom, willow, maple, palm, and birch\u2014painted in warm golden light with gentle pastel greens and pinks.","src":"https:\/\/i0.wp.com\/my-all-about-you.com\/wp-content\/uploads\/2025\/11\/trees.png?fit=1200%2C800&ssl=1&resize=350%2C200","width":350,"height":200,"srcset":"https:\/\/i0.wp.com\/my-all-about-you.com\/wp-content\/uploads\/2025\/11\/trees.png?fit=1200%2C800&ssl=1&resize=350%2C200 1x, https:\/\/i0.wp.com\/my-all-about-you.com\/wp-content\/uploads\/2025\/11\/trees.png?fit=1200%2C800&ssl=1&resize=525%2C300 1.5x, https:\/\/i0.wp.com\/my-all-about-you.com\/wp-content\/uploads\/2025\/11\/trees.png?fit=1200%2C800&ssl=1&resize=700%2C400 2x, https:\/\/i0.wp.com\/my-all-about-you.com\/wp-content\/uploads\/2025\/11\/trees.png?fit=1200%2C800&ssl=1&resize=1050%2C600 3x"},"classes":[]},{"id":2265,"url":"https:\/\/my-all-about-you.com\/es\/2025\/02\/05\/saint-for-friday-february-5th-2021-saint-agatha\/","url_meta":{"origin":3665,"position":1},"title":"Saint for Friday, February 5th, 2021, Saint Agatha","author":"myallaboutyou","date":"febrero 5, 2025","format":false,"excerpt":"Saint Agatha, patron saint of Sicily, bellfounders, breast cancer, rape victims, and wet nurses, is a symbol of compassion and protection. Celebrated especially in Palermo, she inspires hope in those facing adversity, fostering community resilience through local traditions and annual festivals, revered in both Catholic and Orthodox faiths.","rel":"","context":"En &quot;Catholic&quot;","block_context":{"text":"Catholic","link":"https:\/\/my-all-about-you.com\/es\/category\/catholic\/"},"img":{"alt_text":"","src":"https:\/\/i0.wp.com\/my-all-about-you.com\/wp-content\/uploads\/2021\/02\/saint-agatha.2..png?fit=1080%2C1080&ssl=1&resize=350%2C200","width":350,"height":200,"srcset":"https:\/\/i0.wp.com\/my-all-about-you.com\/wp-content\/uploads\/2021\/02\/saint-agatha.2..png?fit=1080%2C1080&ssl=1&resize=350%2C200 1x, https:\/\/i0.wp.com\/my-all-about-you.com\/wp-content\/uploads\/2021\/02\/saint-agatha.2..png?fit=1080%2C1080&ssl=1&resize=525%2C300 1.5x, https:\/\/i0.wp.com\/my-all-about-you.com\/wp-content\/uploads\/2021\/02\/saint-agatha.2..png?fit=1080%2C1080&ssl=1&resize=700%2C400 2x, https:\/\/i0.wp.com\/my-all-about-you.com\/wp-content\/uploads\/2021\/02\/saint-agatha.2..png?fit=1080%2C1080&ssl=1&resize=1050%2C600 3x"},"classes":[]},{"id":4198,"url":"https:\/\/my-all-about-you.com\/es\/2024\/12\/05\/celebrate-sinterklaas-eve-in-denmark\/","url_meta":{"origin":3665,"position":2},"title":"Celebrate Sinterklaas Eve in Denmark!","author":"myallaboutyou","date":"diciembre 5, 2024","format":false,"excerpt":"On December 5th, Danish kids can\u2019t contain their excitement for Sinterklaas, the gift-giving bishop who\u2019s more famous than Santa at a candy convention! Families sing songs, share stories, and devour gingerbread while stuffing their stockings, all to spread joy faster than Sinterklaas can ride his steed. Let the festivities begin!","rel":"","context":"En &quot;Baking and Cooking&quot;","block_context":{"text":"Baking and Cooking","link":"https:\/\/my-all-about-you.com\/es\/category\/baking-and-cooking\/"},"img":{"alt_text":"","src":"https:\/\/i0.wp.com\/my-all-about-you.com\/wp-content\/uploads\/2024\/12\/sinterklaus-1.png?fit=1200%2C839&ssl=1&resize=350%2C200","width":350,"height":200,"srcset":"https:\/\/i0.wp.com\/my-all-about-you.com\/wp-content\/uploads\/2024\/12\/sinterklaus-1.png?fit=1200%2C839&ssl=1&resize=350%2C200 1x, https:\/\/i0.wp.com\/my-all-about-you.com\/wp-content\/uploads\/2024\/12\/sinterklaus-1.png?fit=1200%2C839&ssl=1&resize=525%2C300 1.5x, https:\/\/i0.wp.com\/my-all-about-you.com\/wp-content\/uploads\/2024\/12\/sinterklaus-1.png?fit=1200%2C839&ssl=1&resize=700%2C400 2x, https:\/\/i0.wp.com\/my-all-about-you.com\/wp-content\/uploads\/2024\/12\/sinterklaus-1.png?fit=1200%2C839&ssl=1&resize=1050%2C600 3x"},"classes":[]},{"id":9559,"url":"https:\/\/my-all-about-you.com\/es\/2025\/11\/05\/celebrate-your-radiance-national-love-your-red-hair-day\/","url_meta":{"origin":3665,"position":3},"title":"Celebrate Your Radiance: National Love Your Red Hair Day","author":"myallaboutyou","date":"noviembre 5, 2025","format":false,"excerpt":"Celebrate the fiery beauty of red hair this November 5th with jewelry and color palettes that enhance your glow. From gold accents to jewel tones, this guide helps redheads embrace their unique style and radiate confidence","rel":"","context":"En &quot;Featured&quot;","block_context":{"text":"Featured","link":"https:\/\/my-all-about-you.com\/es\/category\/featured\/"},"img":{"alt_text":"\u201cWoman with red hair sweeping it back from her face, showcasing gold and gemstone jewelry that complements her vibrant locks.\u201d","src":"https:\/\/i0.wp.com\/my-all-about-you.com\/wp-content\/uploads\/2025\/10\/red-head.png?fit=833%2C468&ssl=1&resize=350%2C200","width":350,"height":200,"srcset":"https:\/\/i0.wp.com\/my-all-about-you.com\/wp-content\/uploads\/2025\/10\/red-head.png?fit=833%2C468&ssl=1&resize=350%2C200 1x, https:\/\/i0.wp.com\/my-all-about-you.com\/wp-content\/uploads\/2025\/10\/red-head.png?fit=833%2C468&ssl=1&resize=525%2C300 1.5x, https:\/\/i0.wp.com\/my-all-about-you.com\/wp-content\/uploads\/2025\/10\/red-head.png?fit=833%2C468&ssl=1&resize=700%2C400 2x"},"classes":[]},{"id":2252,"url":"https:\/\/my-all-about-you.com\/es\/2025\/02\/07\/national-wear-red-day\/","url_meta":{"origin":3665,"position":4},"title":"National Wear Red Day","author":"myallaboutyou","date":"febrero 7, 2025","format":false,"excerpt":"February 5th is National Wear Red Day for American Heart Month. Twelve symptoms which should be never ignored: Anxiety Chest discomfort Cough Dizziness Fatigue Nausea or Lack of appetite Pain in other parts of the body Rapid or Irregular Pulse Shortness of breath Sweating Swelling Weakness It is a good\u2026","rel":"","context":"En &quot;Anatomy&quot;","block_context":{"text":"Anatomy","link":"https:\/\/my-all-about-you.com\/es\/category\/anatomy\/"},"img":{"alt_text":"","src":"https:\/\/i0.wp.com\/my-all-about-you.com\/wp-content\/uploads\/2021\/02\/february-5-is-national-wearredday-dyk-heart-disease-is-a-leading-cause-of-death-in-the-us_-were-joining-40thehearttruth-this-heartmonth-to-spread-the-word-that-when-we-take-time-daily-to.jpg?fit=800%2C800&ssl=1&resize=350%2C200","width":350,"height":200,"srcset":"https:\/\/i0.wp.com\/my-all-about-you.com\/wp-content\/uploads\/2021\/02\/february-5-is-national-wearredday-dyk-heart-disease-is-a-leading-cause-of-death-in-the-us_-were-joining-40thehearttruth-this-heartmonth-to-spread-the-word-that-when-we-take-time-daily-to.jpg?fit=800%2C800&ssl=1&resize=350%2C200 1x, https:\/\/i0.wp.com\/my-all-about-you.com\/wp-content\/uploads\/2021\/02\/february-5-is-national-wearredday-dyk-heart-disease-is-a-leading-cause-of-death-in-the-us_-were-joining-40thehearttruth-this-heartmonth-to-spread-the-word-that-when-we-take-time-daily-to.jpg?fit=800%2C800&ssl=1&resize=525%2C300 1.5x, https:\/\/i0.wp.com\/my-all-about-you.com\/wp-content\/uploads\/2021\/02\/february-5-is-national-wearredday-dyk-heart-disease-is-a-leading-cause-of-death-in-the-us_-were-joining-40thehearttruth-this-heartmonth-to-spread-the-word-that-when-we-take-time-daily-to.jpg?fit=800%2C800&ssl=1&resize=700%2C400 2x"},"classes":[]},{"id":10123,"url":"https:\/\/my-all-about-you.com\/es\/2025\/10\/27\/saints-cyril-and-methodius-apostles-of-the-slavs-and-patrons-of-slovakia\/","url_meta":{"origin":3665,"position":5},"title":"Saints Cyril and Methodius: Apostles of the Slavs and Patrons of Slovakia","author":"myallaboutyou","date":"octubre 27, 2025","format":false,"excerpt":"Every July 5th, Slovakia honors Saints Cyril and Methodius\u2014not just as missionaries, but as cultural architects who gave the Slavic people the gift of faith in their own language. Their legacy continues to shape the nation\u2019s spiritual and cultural identity.","rel":"","context":"En &quot;Early Church History&quot;","block_context":{"text":"Early Church History","link":"https:\/\/my-all-about-you.com\/es\/category\/early-church-history\/"},"img":{"alt_text":"","src":"https:\/\/i0.wp.com\/my-all-about-you.com\/wp-content\/uploads\/2025\/10\/pexels-photo-23996237.jpeg?fit=900%2C1200&ssl=1&resize=350%2C200","width":350,"height":200,"srcset":"https:\/\/i0.wp.com\/my-all-about-you.com\/wp-content\/uploads\/2025\/10\/pexels-photo-23996237.jpeg?fit=900%2C1200&ssl=1&resize=350%2C200 1x, https:\/\/i0.wp.com\/my-all-about-you.com\/wp-content\/uploads\/2025\/10\/pexels-photo-23996237.jpeg?fit=900%2C1200&ssl=1&resize=525%2C300 1.5x, https:\/\/i0.wp.com\/my-all-about-you.com\/wp-content\/uploads\/2025\/10\/pexels-photo-23996237.jpeg?fit=900%2C1200&ssl=1&resize=700%2C400 2x"},"classes":[]}],"jetpack_featured_media_url":"https:\/\/i0.wp.com\/my-all-about-you.com\/wp-content\/uploads\/2024\/11\/image-3.png?fit=1024%2C768&ssl=1","_links":{"self":[{"href":"https:\/\/my-all-about-you.com\/es\/wp-json\/wp\/v2\/posts\/3665","targetHints":{"allow":["GET"]}}],"collection":[{"href":"https:\/\/my-all-about-you.com\/es\/wp-json\/wp\/v2\/posts"}],"about":[{"href":"https:\/\/my-all-about-you.com\/es\/wp-json\/wp\/v2\/types\/post"}],"author":[{"embeddable":true,"href":"https:\/\/my-all-about-you.com\/es\/wp-json\/wp\/v2\/users\/132804860"}],"replies":[{"embeddable":true,"href":"https:\/\/my-all-about-you.com\/es\/wp-json\/wp\/v2\/comments?post=3665"}],"version-history":[{"count":3,"href":"https:\/\/my-all-about-you.com\/es\/wp-json\/wp\/v2\/posts\/3665\/revisions"}],"predecessor-version":[{"id":3669,"href":"https:\/\/my-all-about-you.com\/es\/wp-json\/wp\/v2\/posts\/3665\/revisions\/3669"}],"wp:featuredmedia":[{"embeddable":true,"href":"https:\/\/my-all-about-you.com\/es\/wp-json\/wp\/v2\/media\/3668"}],"wp:attachment":[{"href":"https:\/\/my-all-about-you.com\/es\/wp-json\/wp\/v2\/media?parent=3665"}],"wp:term":[{"taxonomy":"category","embeddable":true,"href":"https:\/\/my-all-about-you.com\/es\/wp-json\/wp\/v2\/categories?post=3665"},{"taxonomy":"post_tag","embeddable":true,"href":"https:\/\/my-all-about-you.com\/es\/wp-json\/wp\/v2\/tags?post=3665"}],"curies":[{"name":"wp","href":"https:\/\/api.w.org\/{rel}","templated":true}]}}