{"id":2848,"date":"2024-09-16T10:00:00","date_gmt":"2024-09-16T15:00:00","guid":{"rendered":"https:\/\/my-all-about-you.com\/?p=2848"},"modified":"2024-09-16T19:28:10","modified_gmt":"2024-09-17T00:28:10","slug":"enduring-influence-of-the-mayflower-and-its-passengers","status":"publish","type":"post","link":"https:\/\/my-all-about-you.com\/es\/2024\/09\/16\/enduring-influence-of-the-mayflower-and-its-passengers\/","title":{"rendered":"Enduring Influence of the Mayflower and its Passengers"},"content":{"rendered":"<p class=\"wp-block-paragraph\">On September 16, 1620, the Mayflower set sail from Plymouth, England, carrying 102 passengers seeking a new life in the Americas. The ship&#8217;s passengers, known as the Pilgrims, sought religious freedom and the opportunity to establish a new society based on their beliefs. Their journey was arduous, lasting over two months in difficult conditions. On December 21, 1620, the Mayflower finally reached the shores of Cape Cod, marking the beginning of the Pilgrims&#8217; new chapter in the New World. The establishment of a permanent settlement in Massachusetts would pave the way for significant events in American history, including the development of the Plymouth Colony and the interaction between the European settlers and the indigenous peoples. The reasons for their voyage were deeply rooted in their desire for religious autonomy, economic opportunities, and the pursuit of a better life for themselves and future generations.<\/p>\n\n\n\n<ul class=\"wp-block-list\">\n<li>Religious Freedom<\/li>\n\n\n\n<li>Economic Opportunities<\/li>\n\n\n\n<li>Preservation of the English Identity<\/li>\n\n\n\n<li>New Opportunities<\/li>\n<\/ul>\n\n\n\n<p class=\"wp-block-paragraph\">They boldly crafted the Mayflower Compact, laying the groundwork for self-governance and democratic principles to guide the Pilgrims&#8217; community. This historic document introduced the concept of representative government, empowering the people to choose representatives for effective governance. Every signer pledged to uphold the laws and decisions of the governing body, fostering order and harmony. The Pilgrims&#8217; unwavering dedication to democracy, self-governance, and the principles of liberty and equality continues to resonate today, shaping the enduring legacy of the first European settlement and its influence on later colonies.<\/p>\n\n\n\n<p class=\"wp-block-paragraph\">The United States would not be the great nation it is today without those settlers coming to this new nation in search of a better life.  <\/p>\n\n\n\n<p class=\"has-text-align-center has-x-large-font-size wp-block-paragraph\">Happy Mayflower Day!<\/p>\n\n\n\n<p class=\"wp-block-paragraph\">#HappyMayflowerDay #Pligrims<\/p>\n\n\n\n<p class=\"wp-block-paragraph\"><\/p>\n\n\n\n<p class=\"wp-block-paragraph\"><\/p>","protected":false},"excerpt":{"rendered":"<p>In 1620, the Mayflower carried 102 Pilgrims from England to America for religious freedom and economic opportunities. Upon reaching Cape Cod, they established the Plymouth Colony, laying the foundation for American history. The Mayflower Compact introduced self-governance and democratic principles, shaping the enduring legacy of the first European settlement.<\/p>","protected":false},"author":132804860,"featured_media":2850,"comment_status":"open","ping_status":"open","sticky":false,"template":"","format":"standard","meta":{"_coblocks_attr":"","_coblocks_dimensions":"","_coblocks_responsive_height":"","_coblocks_accordion_ie_support":"","_jetpack_newsletter_access":"","_jetpack_dont_email_post_to_subs":false,"_jetpack_newsletter_tier_id":0,"_jetpack_memberships_contains_paywalled_content":false,"_wpcom_ai_launchpad_first_post":false,"_jetpack_feature_clip_id":0,"_jetpack_memberships_contains_paid_content":false,"footnotes":"","jetpack_publicize_message":"{title}\n\n{excerpt}\n\n{url}","jetpack_publicize_feature_enabled":true,"jetpack_social_post_already_shared":false,"jetpack_social_options":{"image_generator_settings":{"template":"dois","default_image_id":0,"font":"","enabled":false},"version":2},"_wpas_customize_per_network":false,"jetpack_post_was_ever_published":false},"categories":[1342,401,8853],"tags":[4291832,9637809,52509,7063790,11148577,28532014,125334,3041333],"class_list":["post-2848","post","type-post","status-publish","format-standard","has-post-thumbnail","hentry","category-education","category-faith","category-holiday","tag-democratic-principles","tag-economic-opportunities","tag-mayflower","tag-mayflower-compact","tag-mayflower-day","tag-plymouth-england","tag-republic","tag-self-goverance"],"jetpack_publicize_connections":[],"jetpack_likes_enabled":true,"jetpack_sharing_enabled":true,"jetpack_shortlink":"https:\/\/wp.me\/p9vUsN-JW","jetpack-related-posts":[{"id":11079,"url":"https:\/\/my-all-about-you.com\/es\/2025\/11\/27\/a-thanksgiving-rooted-in-gratitude-from-pilgrims-to-a-national-day-of-thanks\/","url_meta":{"origin":2848,"position":0},"title":"Un D\u00eda de Acci\u00f3n de Gracias basado en la gratitud: De los peregrinos a un D\u00eda Nacional de Agradecimiento","author":"myallaboutyou","date":"noviembre 27, 2025","format":false,"excerpt":"Una breve reflexi\u00f3n sobre los or\u00edgenes del D\u00eda de Acci\u00f3n de Gracias \u2014desde el humilde banquete de gratitud de los peregrinos hasta el llamamiento de Lincoln a un D\u00eda Nacional de Acci\u00f3n de Gracias\u2014 y por qu\u00e9 detenerse a reconocer las bendiciones de Dios sigue siendo importante hoy en d\u00eda.","rel":"","context":"En &quot;American History&quot;","block_context":{"text":"American History","link":"https:\/\/my-all-about-you.com\/es\/category\/american-history\/"},"img":{"alt_text":"A rustic Thanksgiving scene showing autumn leaves, pumpkins, candles, and a Pilgrim hat beside an open book, symbolizing the early history of Thanksgiving and a spirit of gratitude.","src":"https:\/\/i0.wp.com\/my-all-about-you.com\/wp-content\/uploads\/2025\/11\/thanksgiving-1.png?fit=940%2C788&ssl=1&resize=350%2C200","width":350,"height":200,"srcset":"https:\/\/i0.wp.com\/my-all-about-you.com\/wp-content\/uploads\/2025\/11\/thanksgiving-1.png?fit=940%2C788&ssl=1&resize=350%2C200 1x, https:\/\/i0.wp.com\/my-all-about-you.com\/wp-content\/uploads\/2025\/11\/thanksgiving-1.png?fit=940%2C788&ssl=1&resize=525%2C300 1.5x, https:\/\/i0.wp.com\/my-all-about-you.com\/wp-content\/uploads\/2025\/11\/thanksgiving-1.png?fit=940%2C788&ssl=1&resize=700%2C400 2x"},"classes":[]},{"id":10154,"url":"https:\/\/my-all-about-you.com\/es\/2025\/10\/28\/immaculate-purity-on-mount-zvir-the-apparitions-of-litmanova\/","url_meta":{"origin":2848,"position":1},"title":"Pureza inmaculada en el monte Zvir: Las apariciones de Litmanov\u00e1","author":"myallaboutyou","date":"octubre 28, 2025","format":false,"excerpt":"On a quiet mountain in Slovakia, two young girls encountered the Virgin Mary under the title \u201cImmaculate Purity.\u201d Between 1990 and 1995, these apparitions on Mount Zvir invited pilgrims into a life of prayer, simplicity, and spiritual renewal. This post traces the story of Litmanov\u00e1 and the gentle call to\u2026","rel":"","context":"En &quot;Marian Apparitions&quot;","block_context":{"text":"Marian Apparitions","link":"https:\/\/my-all-about-you.com\/es\/category\/marian-apparitions\/"},"img":{"alt_text":"A small white chapel nestled in a misty forest on Mount Zvir, Slovakia, with a winding path leading through the meadow\u2014evoking purity, pilgrimage, and spiritual quiet.","src":"https:\/\/i0.wp.com\/my-all-about-you.com\/wp-content\/uploads\/2025\/10\/immaculate-purity.png?fit=1200%2C800&ssl=1&resize=350%2C200","width":350,"height":200,"srcset":"https:\/\/i0.wp.com\/my-all-about-you.com\/wp-content\/uploads\/2025\/10\/immaculate-purity.png?fit=1200%2C800&ssl=1&resize=350%2C200 1x, https:\/\/i0.wp.com\/my-all-about-you.com\/wp-content\/uploads\/2025\/10\/immaculate-purity.png?fit=1200%2C800&ssl=1&resize=525%2C300 1.5x, https:\/\/i0.wp.com\/my-all-about-you.com\/wp-content\/uploads\/2025\/10\/immaculate-purity.png?fit=1200%2C800&ssl=1&resize=700%2C400 2x, https:\/\/i0.wp.com\/my-all-about-you.com\/wp-content\/uploads\/2025\/10\/immaculate-purity.png?fit=1200%2C800&ssl=1&resize=1050%2C600 3x"},"classes":[]},{"id":9328,"url":"https:\/\/my-all-about-you.com\/es\/2025\/09\/23\/the-power-of-kneeling-pilgrimage\/","url_meta":{"origin":2848,"position":2},"title":"The Power of Kneeling Pilgrimage","author":"myallaboutyou","date":"septiembre 23, 2025","format":false,"excerpt":"A quiet reflection on Portugal\u2019s kneeling pilgrimage at Fatima, where devotion meets surrender. Through prayer, Gal\u00e3o, and saintly wisdom, we explore what it means to teach the heart and tend the soul.","rel":"","context":"En &quot;Cultural Devotion&quot;","block_context":{"text":"Cultural Devotion","link":"https:\/\/my-all-about-you.com\/es\/category\/cultural-devotion\/"},"img":{"alt_text":"Praying person in church during quiet moment, reflecting faith and spirituality.","src":"https:\/\/i0.wp.com\/my-all-about-you.com\/wp-content\/uploads\/2025\/09\/pexels-photo-8468583.jpeg?fit=800%2C1200&ssl=1&resize=350%2C200","width":350,"height":200,"srcset":"https:\/\/i0.wp.com\/my-all-about-you.com\/wp-content\/uploads\/2025\/09\/pexels-photo-8468583.jpeg?fit=800%2C1200&ssl=1&resize=350%2C200 1x, https:\/\/i0.wp.com\/my-all-about-you.com\/wp-content\/uploads\/2025\/09\/pexels-photo-8468583.jpeg?fit=800%2C1200&ssl=1&resize=525%2C300 1.5x, https:\/\/i0.wp.com\/my-all-about-you.com\/wp-content\/uploads\/2025\/09\/pexels-photo-8468583.jpeg?fit=800%2C1200&ssl=1&resize=700%2C400 2x"},"classes":[]},{"id":15856,"url":"https:\/\/my-all-about-you.com\/es\/2026\/08\/01\/a-prayer-for-gods-blessings-on-families-nations-and-the-world-day-205-malta\/","url_meta":{"origin":2848,"position":3},"title":"Oraci\u00f3n para que Dios bendiga a las familias, las naciones y el mundo, d\u00eda 205, Malta","author":"myallaboutyou","date":"agosto 1, 2026","format":false,"excerpt":"The prayer expresses gratitude to God for daily blessings and seeks protection and guidance for family, friends, and the world. It emphasizes the importance of faith, marriage, and community support, especially in Mali. The prayer calls for peace, healing, and understanding among people, reflecting a deep devotion and hope for\u2026","rel":"","context":"En &quot;2026&quot;","block_context":{"text":"2026","link":"https:\/\/my-all-about-you.com\/es\/category\/the-3-am-prayer\/2026\/"},"img":{"alt_text":"Night view of Malta marina with boats and historic cityscape.","src":"https:\/\/i0.wp.com\/my-all-about-you.com\/wp-content\/uploads\/2025\/07\/pexels-photo-28539462.jpeg?fit=1200%2C927&ssl=1&resize=350%2C200","width":350,"height":200,"srcset":"https:\/\/i0.wp.com\/my-all-about-you.com\/wp-content\/uploads\/2025\/07\/pexels-photo-28539462.jpeg?fit=1200%2C927&ssl=1&resize=350%2C200 1x, https:\/\/i0.wp.com\/my-all-about-you.com\/wp-content\/uploads\/2025\/07\/pexels-photo-28539462.jpeg?fit=1200%2C927&ssl=1&resize=525%2C300 1.5x, https:\/\/i0.wp.com\/my-all-about-you.com\/wp-content\/uploads\/2025\/07\/pexels-photo-28539462.jpeg?fit=1200%2C927&ssl=1&resize=700%2C400 2x, https:\/\/i0.wp.com\/my-all-about-you.com\/wp-content\/uploads\/2025\/07\/pexels-photo-28539462.jpeg?fit=1200%2C927&ssl=1&resize=1050%2C600 3x"},"classes":[]},{"id":10989,"url":"https:\/\/my-all-about-you.com\/es\/2025\/12\/24\/a-prayer-for-gods-blessings-on-families-nations-and-the-world-day-376-vatican-city\/","url_meta":{"origin":2848,"position":4},"title":"A Prayer for God\u2019s Blessings on Families, Nations, and the World, Day 376, Vatican City","author":"myallaboutyou","date":"diciembre 24, 2025","format":false,"excerpt":"The prayer expresses deep gratitude to God for daily blessings and seeks protection and guidance for loved ones, leaders, and the world. It emphasizes the importance of marriage, faith, and community, and implores divine intervention for the sick, marginalized, and those in distress. The plea culminates in a request for\u2026","rel":"","context":"En &quot;Across Borders&quot;","block_context":{"text":"Across Borders","link":"https:\/\/my-all-about-you.com\/es\/category\/faith\/across-borders\/"},"img":{"alt_text":"","src":"https:\/\/i0.wp.com\/my-all-about-you.com\/wp-content\/uploads\/2025\/11\/pexels-photo-2787074.jpeg?fit=900%2C1200&ssl=1&resize=350%2C200","width":350,"height":200,"srcset":"https:\/\/i0.wp.com\/my-all-about-you.com\/wp-content\/uploads\/2025\/11\/pexels-photo-2787074.jpeg?fit=900%2C1200&ssl=1&resize=350%2C200 1x, https:\/\/i0.wp.com\/my-all-about-you.com\/wp-content\/uploads\/2025\/11\/pexels-photo-2787074.jpeg?fit=900%2C1200&ssl=1&resize=525%2C300 1.5x, https:\/\/i0.wp.com\/my-all-about-you.com\/wp-content\/uploads\/2025\/11\/pexels-photo-2787074.jpeg?fit=900%2C1200&ssl=1&resize=700%2C400 2x"},"classes":[]},{"id":10639,"url":"https:\/\/my-all-about-you.com\/es\/2025\/11\/19\/a-prayer-for-gods-blessings-on-families-nations-and-the-world-day-341-syria\/","url_meta":{"origin":2848,"position":5},"title":"Oraci\u00f3n para que Dios bendiga a las familias, las naciones y el mundo, d\u00eda 341, Siria","author":"myallaboutyou","date":"noviembre 19, 2025","format":false,"excerpt":"The content is a heartfelt prayer expressing gratitude to God for daily blessings, seeking protection and guidance for loved ones, and calling for peace and understanding among people. It highlights the importance of faith, marriage, and community support, and involves specific prayers for individuals, leaders, and the nation of Switzerland.","rel":"","context":"En &quot;Across Borders&quot;","block_context":{"text":"Across Borders","link":"https:\/\/my-all-about-you.com\/es\/category\/faith\/across-borders\/"},"img":{"alt_text":"","src":"https:\/\/i0.wp.com\/my-all-about-you.com\/wp-content\/uploads\/2025\/11\/pexels-photo-2004821.jpeg?fit=1200%2C800&ssl=1&resize=350%2C200","width":350,"height":200,"srcset":"https:\/\/i0.wp.com\/my-all-about-you.com\/wp-content\/uploads\/2025\/11\/pexels-photo-2004821.jpeg?fit=1200%2C800&ssl=1&resize=350%2C200 1x, https:\/\/i0.wp.com\/my-all-about-you.com\/wp-content\/uploads\/2025\/11\/pexels-photo-2004821.jpeg?fit=1200%2C800&ssl=1&resize=525%2C300 1.5x, https:\/\/i0.wp.com\/my-all-about-you.com\/wp-content\/uploads\/2025\/11\/pexels-photo-2004821.jpeg?fit=1200%2C800&ssl=1&resize=700%2C400 2x, https:\/\/i0.wp.com\/my-all-about-you.com\/wp-content\/uploads\/2025\/11\/pexels-photo-2004821.jpeg?fit=1200%2C800&ssl=1&resize=1050%2C600 3x"},"classes":[]}],"jetpack_featured_media_url":"https:\/\/i0.wp.com\/my-all-about-you.com\/wp-content\/uploads\/2024\/09\/mayflower-year-1620-sailing-to-the-americas-needs-to-be.png?fit=1024%2C768&ssl=1","_links":{"self":[{"href":"https:\/\/my-all-about-you.com\/es\/wp-json\/wp\/v2\/posts\/2848","targetHints":{"allow":["GET"]}}],"collection":[{"href":"https:\/\/my-all-about-you.com\/es\/wp-json\/wp\/v2\/posts"}],"about":[{"href":"https:\/\/my-all-about-you.com\/es\/wp-json\/wp\/v2\/types\/post"}],"author":[{"embeddable":true,"href":"https:\/\/my-all-about-you.com\/es\/wp-json\/wp\/v2\/users\/132804860"}],"replies":[{"embeddable":true,"href":"https:\/\/my-all-about-you.com\/es\/wp-json\/wp\/v2\/comments?post=2848"}],"version-history":[{"count":10,"href":"https:\/\/my-all-about-you.com\/es\/wp-json\/wp\/v2\/posts\/2848\/revisions"}],"predecessor-version":[{"id":2862,"href":"https:\/\/my-all-about-you.com\/es\/wp-json\/wp\/v2\/posts\/2848\/revisions\/2862"}],"wp:featuredmedia":[{"embeddable":true,"href":"https:\/\/my-all-about-you.com\/es\/wp-json\/wp\/v2\/media\/2850"}],"wp:attachment":[{"href":"https:\/\/my-all-about-you.com\/es\/wp-json\/wp\/v2\/media?parent=2848"}],"wp:term":[{"taxonomy":"category","embeddable":true,"href":"https:\/\/my-all-about-you.com\/es\/wp-json\/wp\/v2\/categories?post=2848"},{"taxonomy":"post_tag","embeddable":true,"href":"https:\/\/my-all-about-you.com\/es\/wp-json\/wp\/v2\/tags?post=2848"}],"curies":[{"name":"wp","href":"https:\/\/api.w.org\/{rel}","templated":true}]}}