{"id":16593,"date":"2026-09-03T03:00:00","date_gmt":"2026-09-03T08:00:00","guid":{"rendered":"https:\/\/my-all-about-you.com\/?p=16593"},"modified":"2026-09-03T18:48:54","modified_gmt":"2026-09-03T23:48:54","slug":"a-prayer-for-gods-blessings-on-families-nations-and-the-world-day-236-netherland","status":"publish","type":"post","link":"https:\/\/my-all-about-you.com\/es\/2026\/09\/03\/a-prayer-for-gods-blessings-on-families-nations-and-the-world-day-236-netherland\/","title":{"rendered":"Oraci\u00f3n para que Dios bendiga a las familias, las naciones y el mundo, d\u00eda 236, Pa\u00edses Bajos"},"content":{"rendered":"<p class=\"has-text-color has-link-color wp-elements-1 wp-block-paragraph\" style=\"color:#0c0000\">Querido Padre Celestial,<\/p>\n\n\n\n<p class=\"wp-block-paragraph\">Gracias por este d\u00eda. Gracias por todo lo que haces por m\u00ed cada d\u00eda, incluso por aquello que a veces no percibo. Gracias por cuidar de mi familia, amigos y conocidos. Te pido que los protejas, los gu\u00edes en esta vida y los lleves sanos y salvos a tu lado. Hazles saber que siempre est\u00e1s con ellos. Nunca permitas que olvide tu presencia en mi vida y gu\u00edame con seguridad a trav\u00e9s de ella.<\/p>\n\n\n\n<p class=\"wp-block-paragraph\">Se\u00f1or, humildemente te pido tu favor. Toca los corazones de los j\u00f3venes. Ay\u00fadalos a apreciar el sagrado don del matrimonio. Que valoren los delicados sonidos de los ni\u00f1os. Ilumina su visi\u00f3n para que vean la profunda belleza de compartir la vida con alguien a quien aman profundamente. Que est\u00e9n abiertos a las alegr\u00edas y tristezas que conlleva el v\u00ednculo matrimonial. Que tambi\u00e9n acojan las alegr\u00edas y los desaf\u00edos \u00fanicos que los hijos traen a sus vidas.<\/p>\n\n\n\n<p class=\"wp-block-paragraph\">Querido Padre Celestial, gu\u00edame para ser la luz que otros necesitan para encontrar el camino de regreso a Ti, sin ocultar jam\u00e1s mi luz. Concede paz interior a quienes la buscan. Pido Tu protecci\u00f3n y gu\u00eda para nuestro pa\u00eds, nuestros funcionarios pol\u00edticos, nuestro clero y la gente de todo el mundo. Inspira a quienes ocupan puestos de influencia. Anima a nuestros l\u00edderes, artistas, atletas y empresarios a abrazar Tu amor. Ay\u00fadalos a reflejarlo a los dem\u00e1s como miembros de Tu familia. Que su luz brille con intensidad, atrayendo a otros a Tu presencia. Ay\u00fadanos a vernos los unos a los otros como T\u00fa nos ves.<\/p>\n\n\n\n<p class=\"wp-block-paragraph\">Te pido conversi\u00f3n y misericordia para todos los pecadores, y misericordia para las almas del purgatorio. Oro con alegr\u00eda por la sanaci\u00f3n de los enfermos, confiando en Tu voluntad. Ayuda a quienes atraviesan las pruebas y tribulaciones de la vida, mostr\u00e1ndoles la luz y la fortaleza para seguir adelante. Gracias, Se\u00f1or, por la vida abundante que me has dado. Te pido que Tus \u00e1ngeles nos protejan con fiereza de las fuerzas del mal que amenazan nuestro mundo, incluyendo a los arc\u00e1ngeles designados para cada naci\u00f3n. Lleva Tu paz a cada pa\u00eds y a cada pueblo.<br><strong><br>Querido Padre Celestial, camino contigo ahora por los Pa\u00edses Bajos, por las calles hist\u00f3ricas de \u00c1msterdam, por los bulliciosos puertos de R\u00f3terdam y por barrios donde la vida est\u00e1 marcada por el agua, el viento y la perseverancia silenciosa. Comenzamos en \u00c1msterdam, donde los creyentes se re\u00fanen para adorarte con reverencia y buscar tu fortaleza. Bendice a todos los que vienen con peticiones, gratitud y esperanza.<\/strong><\/p>\n\n\n\n<p class=\"wp-block-paragraph\"><strong>Nos trasladamos a Rotterdam, donde la sequ\u00eda ha obligado al cierre sin precedentes de todas las compuertas, un momento hist\u00f3rico que pone de manifiesto la fragilidad de las reservas de agua dulce y la valent\u00eda de quienes las protegen. Padre Celestial, derrama tu misericordia sobre esta regi\u00f3n, protegi\u00e9ndola de la intrusi\u00f3n de agua salada y guiando cada decisi\u00f3n tomada para salvaguardar la tierra.<\/strong><\/p>\n\n\n\n<p class=\"wp-block-paragraph\"><strong>Viajamos a barrios vulnerables de Enschede, Doetinchem y Nijverdal, donde las lluvias torrenciales han inundado viviendas, provocado el cierre de urgencias hospitalarias e incluso dejado sin luz a miles de personas. Padre, consuela a las familias desplazadas, sana a los afectados por la humedad y el moho, y fortalece a las comunidades que a\u00fan se recuperan de estas tormentas.<\/strong><\/p>\n\n\n\n<p class=\"wp-block-paragraph\"><strong>Hacemos una pausa para recordar a la mujer que falleci\u00f3 en las recientes y severas tormentas el\u00e9ctricas, y a las numerosas familias que sufrieron da\u00f1os a causa de los rayos, el granizo y los vientos destructivos. Padre, consuela a los afligidos, protege a los vulnerables y calma las tormentas que amenazan esta tierra.<\/strong><\/p>\n\n\n\n<p class=\"wp-block-paragraph\"><strong>Honramos a los creyentes que adoran con sinceridad, cuya devoci\u00f3n se eleva como incienso a trav\u00e9s de los canales y los campos. Y Mar\u00eda, dulce Madre de los Pa\u00edses Bajos, Madre del peregrino, Madre del camino esperanzador que camina con esta naci\u00f3n como T\u00fa caminaste con tu Hijo.<\/strong><\/p>\n\n\n\n<p class=\"wp-block-paragraph\"><strong>Que los Pa\u00edses Bajos se mantengan en Tu paz. Que sus creyentes se fortalezcan. Que su futuro brille con la esperanza del Evangelio y el valor de quienes te aman profundamente.<\/strong><\/p>\n\n\n\n<p class=\"wp-block-paragraph\">Querido Se\u00f1or, te imploramos con alegr\u00eda que rodees con tu paz a todas las almas inquietas que est\u00e1n despiertas en la quietud de esta noche, Makenna, M\/M Ben, Brad, M\/M George, Rhonda, Tommy, Eris, Eva, Aline y todas las personas alrededor del mundo y aquellos en el <a href=\"https:\/\/my-all-about-you.com\/es\/what-do-i-have-to-give\/prayer-requests\/\" data-type=\"link\" data-id=\"https:\/\/my-all-about-you.com\/what-do-i-have-to-give\/prayer-requests\/\">lista de oraci\u00f3n<\/a>. Recordamos especialmente a los necesitados: a los exhaustos que encuentran descanso en las calles, bajo los puentes, en los hospitales, y a sus familias, sabiendo que la esperanza y la sanaci\u00f3n est\u00e1n a su alcance.<\/p>\n\n\n\n<p class=\"wp-block-paragraph\">Se\u00f1or, intercede por todos los pueblos. Mu\u00e9strales c\u00f3mo resolver sus diferencias sin peleas, disturbios ni da\u00f1o mutuo. Abre nuestros ojos a la belleza de ponerte a Ti en primer lugar en nuestras vidas y vivir juntos en paz.<br>Bendice el trabajo de nuestras manos. Gu\u00edanos en el cuidado del mundo que nos has confiado. Que todo trabajo se realice con dignidad, honestidad y amor.<br>Ojal\u00e1 todos comprendamos que las diferentes opiniones no tienen por qu\u00e9 dividirnos, sino que pueden conducirnos a una comprensi\u00f3n m\u00e1s profunda.<\/p>\n\n\n\n<p class=\"wp-block-paragraph\">Gracias, Se\u00f1or, por estar en nuestras vidas. Tu presencia es la belleza que vemos en ellas.<\/p>\n\n\n\n<p class=\"wp-block-paragraph\">Nos presentamos ante Ti buscando tu gu\u00eda para el Papa Le\u00f3n XIV. Haz de \u00e9l un instrumento puro, lleno de tu Esp\u00edritu Santo. Que ninguna influencia mundana aparte su coraz\u00f3n de Ti. Que cada palabra que pronuncie refleje tu verdad y est\u00e9 en consonancia con la Sagrada Escritura. Que su voluntad se someta plenamente a la tuya, y que tus \u00e1ngeles lo protejan de todo mal.<\/p>\n\n\n\n<p class=\"wp-block-paragraph\">Te pedimos que nuestros lugares de culto est\u00e9n siempre llenos y que las capillas de adoraci\u00f3n perpetua nunca est\u00e9n vac\u00edas. Protege a nuestro clero, fortal\u00e9celo y ay\u00fadalo a permanecer fiel a la misi\u00f3n que le has encomendado.<\/p>\n\n\n\n<p class=\"wp-block-paragraph\">Elevamos cada intenci\u00f3n, expresada o no, que albergamos en nuestros corazones.<br>En tu santo nombre oramos. Te adoramos y que nuestro amor por ti crezca cada d\u00eda m\u00e1s.<\/p>\n\n\n\n<p class=\"wp-block-paragraph\">S\u00e9 salado.<\/p>\n\n\n\n<p class=\"has-text-color has-link-color wp-elements-2 wp-block-paragraph\" style=\"color:#0c0000\">Am\u00e9n.<\/p>\n\n\n\n<h2 class=\"wp-block-heading\">Oraciones desde 2025<\/h2>\n\n\n\n<p class=\"wp-block-paragraph\">Ir a:<\/p>\n\n\n\n<p class=\"wp-block-paragraph\"><a href=\"https:\/\/my-all-about-you.com\/es\/2025\/08\/20\/a-prayer-for-gods-blessings-on-families-nations-and-the-world-day-252-netherlands\/\" target=\"_blank\" data-type=\"post\" data-id=\"8586\" rel=\"noreferrer noopener\">Pa\u00edses Bajos<\/a> \u2013 3 am Primera oraci\u00f3n<\/p>\n\n\n\n<p class=\"wp-block-paragraph\"><a href=\"https:\/\/my-all-about-you.com\/es\/2025\/08\/21\/a-prayer-for-gods-blessings-on-families-nations-and-the-world-day-253-netherlands\/\" target=\"_blank\" data-type=\"post\" data-id=\"8599\" rel=\"noreferrer noopener\">Pa\u00edses Bajos<\/a> \u2013 3 am Primera oraci\u00f3n<\/p>\n\n\n\n<p class=\"wp-block-paragraph\"><a href=\"https:\/\/wp.me\/p9vUsN-Z3\" data-type=\"link\" data-id=\"https:\/\/wp.me\/p9vUsN-Z3\" target=\"_blank\" rel=\"noopener\">Comprender el insomnio nocturno: una perspectiva espiritual<\/a><\/p>\n\n\n<div id=\"mapsvg-126\" data-id=\"126\" class=\"mapsvg\" data-autoload=\"true\" data-load-db=\"true\" data-loading-text=\"Loading map...\" style=\"width: 100%; height: 0; padding-bottom: 64.57%\"><\/div>\n\n\n\n<p class=\"wp-block-paragraph\">A medida que avance el a\u00f1o, este mapa se ir\u00e1 completando con los pa\u00edses por los que oramos. Cada lugar marcado representa un momento de intercesi\u00f3n compartido. Al hacer clic en los diferentes lugares, se mostrar\u00e1 informaci\u00f3n sobre el pa\u00eds. Esto sucede a medida que oramos por cada pa\u00eds.<\/p>\n\n\n\n<p class=\"wp-block-paragraph\">***********<\/p>\n\n\n\n<figure class=\"wp-block-embed is-type-video is-provider-youtube wp-block-embed-youtube wp-embed-aspect-16-9 wp-has-aspect-ratio\"><div class=\"wp-block-embed__wrapper\">\n<span class=\"embed-youtube\" style=\"text-align:center; display: block;\"><iframe loading=\"lazy\" class=\"youtube-player\" width=\"640\" height=\"360\" src=\"https:\/\/www.youtube.com\/embed\/WlEgeQXoP1U?version=3&#038;rel=1&#038;showsearch=0&#038;showinfo=1&#038;iv_load_policy=1&#038;fs=1&#038;hl=es-MX&#038;autohide=2&#038;wmode=transparent\" allowfullscreen=\"true\" style=\"border:0;\" sandbox=\"allow-scripts allow-same-origin allow-popups allow-presentation allow-popups-to-escape-sandbox\"><\/iframe><\/span>\n<\/div><\/figure>","protected":false},"excerpt":{"rendered":"<p>In a heartfelt prayer, the author expresses gratitude to God for daily blessings, seeks protection and guidance for family, friends, and communities, and asks for mercy and healing for those in need. They focus on the Netherlands facing drought challenges, while also praying for global peace, unity, and the strength of faith.<\/p>","protected":false},"author":132804860,"featured_media":8604,"comment_status":"open","ping_status":"open","sticky":false,"template":"","format":"standard","meta":{"_coblocks_attr":"","_coblocks_dimensions":"","_coblocks_responsive_height":"","_coblocks_accordion_ie_support":"","_jetpack_newsletter_access":"","_jetpack_dont_email_post_to_subs":false,"_jetpack_newsletter_tier_id":0,"_jetpack_memberships_contains_paywalled_content":false,"_wpcom_ai_launchpad_first_post":false,"_jetpack_feature_clip_id":0,"_jetpack_memberships_contains_paid_content":false,"footnotes":"","jetpack_publicize_message":"A Pilgrim\u2019s Blessing from the Heart of the Netherlands**\n\nDear friends,\n\nThe Netherlands is a land where faith feels steady and enduring \u2014 where parishes pray with devotion, where drought reshapes daily life, and where storms remind us of our need for God\u2019s protection.\n\nToday\u2019s blessing moves like a pilgrim through Amsterdam\u2019s historic churches,\ninto Rotterdam\u2019s drought\u2011stricken waterways,\nand across vulnerable neighborhoods\nthat keep the Netherlands\u2019 Catholic heart alive.\n\nIf you\u2019re longing for a blessing that feels reverent, compassionate, and deeply rooted,\nthe Netherlands welcomes you with open hands.\n\nWith grace,\nAll About You\n\nhttps:\/\/wp.me\/p9vUsN-4jD","jetpack_publicize_feature_enabled":true,"jetpack_social_post_already_shared":true,"jetpack_social_options":{"image_generator_settings":{"template":"dois","default_image_id":0,"font":"","enabled":true,"token":"eyJpbWciOiJodHRwczpcL1wvbXktYWxsLWFib3V0LXlvdS5jb21cL3dwLWNvbnRlbnRcL3VwbG9hZHNcLzIwMjVcLzA4XC9jaGpwZG1mMHpzOXNjaTlwYndmbnp4bXZkMnZpYzJsMHpzOHltZGl6bHRleWwyeHlsMjF2Ym5veG9kbTNuZHU0bHdsdHl3ZGxsbXB3encud2VicCIsInR4dCI6IkEgUHJheWVyIGZvciBHb2RcdTIwMTlzIEJsZXNzaW5ncyBvbiBGYW1pbGllcywgTmF0aW9ucywgYW5kIHRoZSBXb3JsZCwgRGF5IDIzNiwgTmV0aGVybGFuZCIsInRlbXBsYXRlIjoiZG9pcyIsImZvbnQiOiIiLCJibG9nX2lkIjoxNDA1OTIyNDF9.5qv4DhRG80kym7hM4QLXzxQkdZJtWQrRG54nm7Z9N3EMQ"},"version":2},"_wpas_customize_per_network":false,"jetpack_post_was_ever_published":false},"categories":[401,785751595,785751535,9626488,785751596,785610602],"tags":[785751282,784606842,785751539,785751597,785751537,785751546,2465,785751541,785751538],"class_list":["post-16593","post","type-post","status-publish","format-standard","has-post-thumbnail","hentry","category-faith","category-global-prayer-mission","category-intercessory-prayer","category-prayer-devotion","category-prayer-for-nations","category-the-3-am-prayer","tag-785751282","tag-3-am-prayers-for-nations","tag-catholic-prayer","tag-global-prayer-mission","tag-insomnia-prayer","tag-intercessory-prayer","tag-netherlands","tag-prayer-for-peace","tag-watch-and-pray"],"jetpack_publicize_connections":[],"jetpack_sharing_enabled":true,"jetpack_likes_enabled":true,"jetpack_shortlink":"https:\/\/wp.me\/p9vUsN-4jD","jetpack-related-posts":[{"id":16582,"url":"https:\/\/my-all-about-you.com\/es\/2026\/09\/02\/a-prayer-for-gods-blessings-on-families-nations-and-the-world-day-235-netherland\/","url_meta":{"origin":16593,"position":0},"title":"Oraci\u00f3n para que Dios bendiga a las familias, las naciones y el mundo, d\u00eda 235, Pa\u00edses Bajos","author":"myallaboutyou","date":"septiembre 2, 2026","format":false,"excerpt":"In a heartfelt prayer, the author expresses gratitude to God for daily blessings, seeks protection and guidance for family, friends, and communities, and asks for mercy and healing for those in need. They focus on the Netherlands facing drought challenges, while also praying for global peace, unity, and the strength\u2026","rel":"","context":"En &quot;Faith&quot;","block_context":{"text":"Faith","link":"https:\/\/my-all-about-you.com\/es\/category\/faith\/"},"img":{"alt_text":"Child praying with head bowed, wearing a bonnet in a cozy home setting in the Netherlands","src":"https:\/\/i0.wp.com\/my-all-about-you.com\/wp-content\/uploads\/2025\/08\/chjpdmf0zs9sci9pbwfnzxmvd2vic2l0zs8ymdizlteyl2xyl21vbnoxodm3ndu4lwltywdllmpwzw.webp?fit=808%2C1024&ssl=1&resize=350%2C200","width":350,"height":200,"srcset":"https:\/\/i0.wp.com\/my-all-about-you.com\/wp-content\/uploads\/2025\/08\/chjpdmf0zs9sci9pbwfnzxmvd2vic2l0zs8ymdizlteyl2xyl21vbnoxodm3ndu4lwltywdllmpwzw.webp?fit=808%2C1024&ssl=1&resize=350%2C200 1x, https:\/\/i0.wp.com\/my-all-about-you.com\/wp-content\/uploads\/2025\/08\/chjpdmf0zs9sci9pbwfnzxmvd2vic2l0zs8ymdizlteyl2xyl21vbnoxodm3ndu4lwltywdllmpwzw.webp?fit=808%2C1024&ssl=1&resize=525%2C300 1.5x, https:\/\/i0.wp.com\/my-all-about-you.com\/wp-content\/uploads\/2025\/08\/chjpdmf0zs9sci9pbwfnzxmvd2vic2l0zs8ymdizlteyl2xyl21vbnoxodm3ndu4lwltywdllmpwzw.webp?fit=808%2C1024&ssl=1&resize=700%2C400 2x"},"classes":[]},{"id":13282,"url":"https:\/\/my-all-about-you.com\/es\/2026\/03\/18\/a-prayer-for-gods-blessings-on-families-nations-and-the-world-day-76-democratic-republic-of-congo\/","url_meta":{"origin":16593,"position":1},"title":"Oraci\u00f3n para que Dios bendiga a las familias, las naciones y el mundo, D\u00eda 78, Rep\u00fablica Democr\u00e1tica del Congo","author":"myallaboutyou","date":"marzo 18, 2026","format":false,"excerpt":"The prayer expresses deep gratitude to God for daily blessings, protection, and guidance for loved ones and the world. It emphasizes the importance of cherishing marriage, supporting youth, and fostering peace. The prayer also implores divine assistance for communities, leaders, and those in need, while acknowledging the beauty of the\u2026","rel":"","context":"En &quot;2026&quot;","block_context":{"text":"2026","link":"https:\/\/my-all-about-you.com\/es\/category\/the-3-am-prayer\/2026\/"},"img":{"alt_text":"Beautiful sunset illuminating the Congo's natural scenery and tropical forest.","src":"https:\/\/i0.wp.com\/my-all-about-you.com\/wp-content\/uploads\/2025\/02\/congo.png?fit=940%2C788&ssl=1&resize=350%2C200","width":350,"height":200,"srcset":"https:\/\/i0.wp.com\/my-all-about-you.com\/wp-content\/uploads\/2025\/02\/congo.png?fit=940%2C788&ssl=1&resize=350%2C200 1x, https:\/\/i0.wp.com\/my-all-about-you.com\/wp-content\/uploads\/2025\/02\/congo.png?fit=940%2C788&ssl=1&resize=525%2C300 1.5x, https:\/\/i0.wp.com\/my-all-about-you.com\/wp-content\/uploads\/2025\/02\/congo.png?fit=940%2C788&ssl=1&resize=700%2C400 2x"},"classes":[]},{"id":13288,"url":"https:\/\/my-all-about-you.com\/es\/2026\/03\/19\/a-prayer-for-gods-blessings-on-families-nations-and-the-world-day-77-democratic-republic-of-congo\/","url_meta":{"origin":16593,"position":2},"title":"Oraci\u00f3n para que Dios bendiga a las familias, las naciones y el mundo, D\u00eda 79, Rep\u00fablica Democr\u00e1tica del Congo","author":"myallaboutyou","date":"marzo 19, 2026","format":false,"excerpt":"The content is a heartfelt prayer expressing gratitude and seeking guidance from God. It includes requests for protection and support for family, friends, and community. The prayer emphasizes the importance of marriage, compassion for the suffering, and the need for peace and understanding in the world. It also honors faith\u2026","rel":"","context":"En &quot;2026&quot;","block_context":{"text":"2026","link":"https:\/\/my-all-about-you.com\/es\/category\/the-3-am-prayer\/2026\/"},"img":{"alt_text":"Beautiful sunset illuminating the Congo's natural scenery and tropical forest.","src":"https:\/\/i0.wp.com\/my-all-about-you.com\/wp-content\/uploads\/2025\/02\/congo.png?fit=940%2C788&ssl=1&resize=350%2C200","width":350,"height":200,"srcset":"https:\/\/i0.wp.com\/my-all-about-you.com\/wp-content\/uploads\/2025\/02\/congo.png?fit=940%2C788&ssl=1&resize=350%2C200 1x, https:\/\/i0.wp.com\/my-all-about-you.com\/wp-content\/uploads\/2025\/02\/congo.png?fit=940%2C788&ssl=1&resize=525%2C300 1.5x, https:\/\/i0.wp.com\/my-all-about-you.com\/wp-content\/uploads\/2025\/02\/congo.png?fit=940%2C788&ssl=1&resize=700%2C400 2x"},"classes":[]},{"id":13300,"url":"https:\/\/my-all-about-you.com\/es\/2026\/03\/21\/a-prayer-for-gods-blessings-on-families-nations-and-the-world-day-79-costa-rica\/","url_meta":{"origin":16593,"position":3},"title":"Oraci\u00f3n para que Dios bendiga a las familias, las naciones y el mundo, D\u00eda 81, Costa Rica","author":"myallaboutyou","date":"marzo 21, 2026","format":false,"excerpt":"The content is a heartfelt prayer expressing gratitude to God for daily blessings, seeking guidance and protection for loved ones, leaders, and the world. It emphasizes the importance of faith, marriage, and community, while asking for mercy and healing for those in need. The prayer calls for peace and unity\u2026","rel":"","context":"En &quot;2026&quot;","block_context":{"text":"2026","link":"https:\/\/my-all-about-you.com\/es\/category\/the-3-am-prayer\/2026\/"},"img":{"alt_text":"Beautiful Costa Rican coastline at sunset with ocean waves and tropical landscape.","src":"https:\/\/i0.wp.com\/my-all-about-you.com\/wp-content\/uploads\/2025\/02\/image-50.png?fit=1024%2C768&ssl=1&resize=350%2C200","width":350,"height":200,"srcset":"https:\/\/i0.wp.com\/my-all-about-you.com\/wp-content\/uploads\/2025\/02\/image-50.png?fit=1024%2C768&ssl=1&resize=350%2C200 1x, https:\/\/i0.wp.com\/my-all-about-you.com\/wp-content\/uploads\/2025\/02\/image-50.png?fit=1024%2C768&ssl=1&resize=525%2C300 1.5x, https:\/\/i0.wp.com\/my-all-about-you.com\/wp-content\/uploads\/2025\/02\/image-50.png?fit=1024%2C768&ssl=1&resize=700%2C400 2x"},"classes":[]},{"id":16609,"url":"https:\/\/my-all-about-you.com\/es\/2026\/09\/04\/a-prayer-for-gods-blessings-on-families-nations-and-the-world-day-237-new-zealand\/","url_meta":{"origin":16593,"position":4},"title":"A Prayer for God\u2019s Blessings on Families, Nations, and the World, Day 237, New Zealand","author":"myallaboutyou","date":"septiembre 4, 2026","format":false,"excerpt":"In a heartfelt prayer, the author expresses gratitude to God for daily blessings, seeks protection and guidance for family, friends, and communities, and asks for mercy and healing for those in need. They focus on the Netherlands facing drought challenges, while also praying for global peace, unity, and the strength\u2026","rel":"","context":"En &quot;Faith&quot;","block_context":{"text":"Faith","link":"https:\/\/my-all-about-you.com\/es\/category\/faith\/"},"img":{"alt_text":"Charming hobbit house with round door and lush garden setting in New Zealand","src":"https:\/\/i0.wp.com\/my-all-about-you.com\/wp-content\/uploads\/2025\/08\/pexels-photo-2259917.jpeg?fit=1200%2C847&ssl=1&resize=350%2C200","width":350,"height":200,"srcset":"https:\/\/i0.wp.com\/my-all-about-you.com\/wp-content\/uploads\/2025\/08\/pexels-photo-2259917.jpeg?fit=1200%2C847&ssl=1&resize=350%2C200 1x, https:\/\/i0.wp.com\/my-all-about-you.com\/wp-content\/uploads\/2025\/08\/pexels-photo-2259917.jpeg?fit=1200%2C847&ssl=1&resize=525%2C300 1.5x, https:\/\/i0.wp.com\/my-all-about-you.com\/wp-content\/uploads\/2025\/08\/pexels-photo-2259917.jpeg?fit=1200%2C847&ssl=1&resize=700%2C400 2x, https:\/\/i0.wp.com\/my-all-about-you.com\/wp-content\/uploads\/2025\/08\/pexels-photo-2259917.jpeg?fit=1200%2C847&ssl=1&resize=1050%2C600 3x"},"classes":[]},{"id":13297,"url":"https:\/\/my-all-about-you.com\/es\/2026\/03\/20\/a-prayer-for-gods-blessings-on-families-nations-and-the-world-day-78-costa-rica\/","url_meta":{"origin":16593,"position":5},"title":"Oraci\u00f3n para que Dios bendiga a las familias, las naciones y el mundo, D\u00eda 80, Costa Rica","author":"myallaboutyou","date":"marzo 20, 2026","format":false,"excerpt":"The prayer expresses gratitude for divine support, seeking guidance and protection for loved ones, the community, and global leaders. It emphasizes the importance of appreciating marriage and family, advocating for peace and compassion among all people. The writer requests mercy for sinners, healing for the sick, and a stronger faith\u2026","rel":"","context":"En &quot;2026&quot;","block_context":{"text":"2026","link":"https:\/\/my-all-about-you.com\/es\/category\/the-3-am-prayer\/2026\/"},"img":{"alt_text":"Beautiful Costa Rican coastline at sunset with ocean waves and tropical landscape.","src":"https:\/\/i0.wp.com\/my-all-about-you.com\/wp-content\/uploads\/2025\/02\/image-50.png?fit=1024%2C768&ssl=1&resize=350%2C200","width":350,"height":200,"srcset":"https:\/\/i0.wp.com\/my-all-about-you.com\/wp-content\/uploads\/2025\/02\/image-50.png?fit=1024%2C768&ssl=1&resize=350%2C200 1x, https:\/\/i0.wp.com\/my-all-about-you.com\/wp-content\/uploads\/2025\/02\/image-50.png?fit=1024%2C768&ssl=1&resize=525%2C300 1.5x, https:\/\/i0.wp.com\/my-all-about-you.com\/wp-content\/uploads\/2025\/02\/image-50.png?fit=1024%2C768&ssl=1&resize=700%2C400 2x"},"classes":[]}],"jetpack_featured_media_url":"https:\/\/i0.wp.com\/my-all-about-you.com\/wp-content\/uploads\/2025\/08\/chjpdmf0zs9sci9pbwfnzxmvd2vic2l0zs8ymdizlteyl2xyl21vbnoxodm3ndu4lwltywdllmpwzw.webp?fit=808%2C1024&ssl=1","_links":{"self":[{"href":"https:\/\/my-all-about-you.com\/es\/wp-json\/wp\/v2\/posts\/16593","targetHints":{"allow":["GET"]}}],"collection":[{"href":"https:\/\/my-all-about-you.com\/es\/wp-json\/wp\/v2\/posts"}],"about":[{"href":"https:\/\/my-all-about-you.com\/es\/wp-json\/wp\/v2\/types\/post"}],"author":[{"embeddable":true,"href":"https:\/\/my-all-about-you.com\/es\/wp-json\/wp\/v2\/users\/132804860"}],"replies":[{"embeddable":true,"href":"https:\/\/my-all-about-you.com\/es\/wp-json\/wp\/v2\/comments?post=16593"}],"version-history":[{"count":6,"href":"https:\/\/my-all-about-you.com\/es\/wp-json\/wp\/v2\/posts\/16593\/revisions"}],"predecessor-version":[{"id":16600,"href":"https:\/\/my-all-about-you.com\/es\/wp-json\/wp\/v2\/posts\/16593\/revisions\/16600"}],"wp:featuredmedia":[{"embeddable":true,"href":"https:\/\/my-all-about-you.com\/es\/wp-json\/wp\/v2\/media\/8604"}],"wp:attachment":[{"href":"https:\/\/my-all-about-you.com\/es\/wp-json\/wp\/v2\/media?parent=16593"}],"wp:term":[{"taxonomy":"category","embeddable":true,"href":"https:\/\/my-all-about-you.com\/es\/wp-json\/wp\/v2\/categories?post=16593"},{"taxonomy":"post_tag","embeddable":true,"href":"https:\/\/my-all-about-you.com\/es\/wp-json\/wp\/v2\/tags?post=16593"}],"curies":[{"name":"wp","href":"https:\/\/api.w.org\/{rel}","templated":true}]}}