{"id":16426,"date":"2026-08-29T03:00:00","date_gmt":"2026-08-29T08:00:00","guid":{"rendered":"https:\/\/my-all-about-you.com\/?p=16426"},"modified":"2026-08-30T13:00:09","modified_gmt":"2026-08-30T18:00:09","slug":"a-prayer-for-gods-blessings-on-families-nations-and-the-world-day-232-nauru","status":"publish","type":"post","link":"https:\/\/my-all-about-you.com\/es\/2026\/08\/29\/a-prayer-for-gods-blessings-on-families-nations-and-the-world-day-232-nauru\/","title":{"rendered":"Oraci\u00f3n para que Dios bendiga a las familias, las naciones y el mundo, d\u00eda 232, Nauru"},"content":{"rendered":"<p class=\"has-text-color has-link-color wp-elements-1 wp-block-paragraph\" style=\"color:#0c0000\">Querido Padre Celestial,<\/p>\n\n\n\n<p class=\"wp-block-paragraph\">Gracias por este d\u00eda. Gracias por todo lo que haces por m\u00ed cada d\u00eda, incluso por aquello que a veces no percibo. Gracias por cuidar de mi familia, amigos y conocidos. Te pido que los protejas, los gu\u00edes en esta vida y los lleves sanos y salvos a tu lado. Hazles saber que siempre est\u00e1s con ellos. Nunca permitas que olvide tu presencia en mi vida y gu\u00edame con seguridad a trav\u00e9s de ella.<\/p>\n\n\n\n<p class=\"wp-block-paragraph\">Se\u00f1or, humildemente te pido tu favor. Toca los corazones de los j\u00f3venes. Ay\u00fadalos a apreciar el sagrado don del matrimonio. Que valoren los delicados sonidos de los ni\u00f1os. Ilumina su visi\u00f3n para que vean la profunda belleza de compartir la vida con alguien a quien aman profundamente. Que est\u00e9n abiertos a las alegr\u00edas y tristezas que conlleva el v\u00ednculo matrimonial. Que tambi\u00e9n acojan las alegr\u00edas y los desaf\u00edos \u00fanicos que los hijos traen a sus vidas.<\/p>\n\n\n\n<p class=\"wp-block-paragraph\">Querido Padre Celestial, gu\u00edame para ser la luz que otros necesitan para encontrar el camino de regreso a Ti, sin ocultar jam\u00e1s mi luz. Concede paz interior a quienes la buscan. Pido Tu protecci\u00f3n y gu\u00eda para nuestro pa\u00eds, nuestros funcionarios pol\u00edticos, nuestro clero y la gente de todo el mundo. Inspira a quienes ocupan puestos de influencia. Anima a nuestros l\u00edderes, artistas, atletas y empresarios a abrazar Tu amor. Ay\u00fadalos a reflejarlo a los dem\u00e1s como miembros de Tu familia. Que su luz brille con intensidad, atrayendo a otros a Tu presencia. Ay\u00fadanos a vernos los unos a los otros como T\u00fa nos ves.<\/p>\n\n\n\n<p class=\"wp-block-paragraph\">Te pido conversi\u00f3n y misericordia para todos los pecadores, y misericordia para las almas del purgatorio. Oro con alegr\u00eda por la sanaci\u00f3n de los enfermos, confiando en Tu voluntad. Ayuda a quienes atraviesan las pruebas y tribulaciones de la vida, mostr\u00e1ndoles la luz y la fortaleza para seguir adelante. Gracias, Se\u00f1or, por la vida abundante que me has dado. Te pido que Tus \u00e1ngeles nos protejan con fiereza de las fuerzas del mal que amenazan nuestro mundo, incluyendo a los arc\u00e1ngeles designados para cada naci\u00f3n. Lleva Tu paz a cada pa\u00eds y a cada pueblo.<br><strong><br>Querido Padre Celestial, Nauru se alza ante Ti como una peque\u00f1a joya en las olas del Pac\u00edfico, resplandeciente con Tu gloria, con vientos que traen un ritmo ancestral y gente cuyos corazones albergan gentileza, resistencia y una fe profunda.<\/strong><\/p>\n\n\n\n<p class=\"wp-block-paragraph\"><strong>Bendice esta tierra donde la Iglesia Cat\u00f3lica creci\u00f3 gracias al valor misionero, donde sacerdotes y religiosas cruzaron vastos oc\u00e9anos para llevar Tu Palabra a comunidades insulares arraigadas en la familia y la tradici\u00f3n. Bendice la Di\u00f3cesis de Tarawa y Nauru, a sus sacerdotes, religiosos y fieles laicos, que sirven con humildad, alegr\u00eda y devoci\u00f3n inquebrantable.<\/strong><\/p>\n\n\n\n<p class=\"wp-block-paragraph\"><strong>Bendice a las familias que oran juntas, a los j\u00f3venes que buscan tu gu\u00eda y a los ancianos que preservan la cultura con sabidur\u00eda y gracia. Bendice a los pescadores, maestros, trabajadores y a todos los que trabajan cerca del mar y la costa.<\/strong><\/p>\n\n\n\n<p class=\"wp-block-paragraph\"><strong>Y Mar\u00eda, Nuestra Se\u00f1ora del Pac\u00edfico, Madre del viajero del oc\u00e9ano, protectora gentil de todos los que navegan, trabajan y tienen esperanza, envuelve a Nauru en Tu manto tan suavemente como la luz de la luna sobre la laguna.<\/strong><\/p>\n\n\n\n<p class=\"wp-block-paragraph\"><strong>Que Tu paz repose sobre Nauru. Que Tu amor fortalezca a su gente. Que su fe brille con la belleza de la devoci\u00f3n silenciosa.<\/strong><\/p>\n\n\n\n<p class=\"wp-block-paragraph\">Se\u00f1or, te imploramos con alegr\u00eda que rodees con tu paz a todas las almas inquietas que velan en la quietud de esta noche: Nicholas, Lauren, Rachel, Mac, Eugenie, Freddy, Caryn y todas las personas del mundo. Recordamos especialmente a quienes lo necesitan: a los cansados que encuentran descanso en las calles, bajo los puentes, en los hospitales, y a sus familias, sabiendo que la esperanza y la sanaci\u00f3n est\u00e1n a su alcance.<\/p>\n\n\n\n<p class=\"wp-block-paragraph\">Se\u00f1or, intercede por todos los pueblos. Mu\u00e9strales c\u00f3mo resolver sus diferencias sin peleas, disturbios ni da\u00f1o mutuo. Abre nuestros ojos a la belleza de ponerte a Ti en primer lugar en nuestras vidas y vivir juntos en paz.<br>Bendice el trabajo de nuestras manos. Gu\u00edanos en el cuidado del mundo que nos has confiado. Que todo trabajo se realice con dignidad, honestidad y amor.<br>Ojal\u00e1 todos comprendamos que las diferentes opiniones no tienen por qu\u00e9 dividirnos, sino que pueden conducirnos a una comprensi\u00f3n m\u00e1s profunda.<\/p>\n\n\n\n<p class=\"wp-block-paragraph\">Gracias, Se\u00f1or, por estar en nuestras vidas. Tu presencia es la belleza que vemos en ellas.<\/p>\n\n\n\n<p class=\"wp-block-paragraph\">Nos presentamos ante Ti buscando tu gu\u00eda para el Papa Le\u00f3n XIV. Haz de \u00e9l un instrumento puro, lleno de tu Esp\u00edritu Santo. Que ninguna influencia mundana aparte su coraz\u00f3n de Ti. Que cada palabra que pronuncie refleje tu verdad y est\u00e9 en consonancia con la Sagrada Escritura. Que su voluntad se someta plenamente a la tuya, y que tus \u00e1ngeles lo protejan de todo mal.<\/p>\n\n\n\n<p class=\"wp-block-paragraph\">Te pedimos que nuestros lugares de culto est\u00e9n siempre llenos y que las capillas de adoraci\u00f3n perpetua nunca est\u00e9n vac\u00edas. Protege a nuestro clero, fortal\u00e9celo y ay\u00fadalo a permanecer fiel a la misi\u00f3n que le has encomendado.<\/p>\n\n\n\n<p class=\"wp-block-paragraph\">Elevamos cada intenci\u00f3n, expresada o no, que albergamos en nuestros corazones.<br>En tu santo nombre oramos. Te adoramos y que nuestro amor por ti crezca cada d\u00eda m\u00e1s.<\/p>\n\n\n\n<p class=\"wp-block-paragraph\">S\u00e9 salado.<\/p>\n\n\n\n<p class=\"has-text-color has-link-color wp-elements-2 wp-block-paragraph\" style=\"color:#0c0000\">Am\u00e9n.<\/p>\n\n\n\n<h2 class=\"wp-block-heading\">Oraciones desde 2025<\/h2>\n\n\n\n<p class=\"wp-block-paragraph\">Ir a:<\/p>\n\n\n\n<p class=\"wp-block-paragraph\"><a href=\"https:\/\/my-all-about-you.com\/es\/2025\/08\/17\/a-prayer-for-gods-blessings-on-families-nations-and-the-world-day-249-nauru\/\" target=\"_blank\" data-type=\"post\" data-id=\"8548\" rel=\"noreferrer noopener\">Nauru<\/a> \u2013 3 am Primera oraci\u00f3n<\/p>\n\n\n\n<p class=\"wp-block-paragraph\"><a href=\"https:\/\/wp.me\/p9vUsN-Z3\" data-type=\"link\" data-id=\"https:\/\/wp.me\/p9vUsN-Z3\" target=\"_blank\" rel=\"noopener\">Comprender el insomnio nocturno: una perspectiva espiritual<\/a><\/p>\n\n\n<div id=\"mapsvg-124\" data-id=\"124\" class=\"mapsvg\" data-autoload=\"true\" data-load-db=\"true\" data-loading-text=\"Loading map...\" style=\"width: 100%; height: 0; padding-bottom: 64.57%\"><\/div>\n\n\n\n<p class=\"wp-block-paragraph\">A medida que avance el a\u00f1o, este mapa se ir\u00e1 completando con los pa\u00edses por los que oramos. Cada lugar marcado representa un momento de intercesi\u00f3n compartido. Al hacer clic en los diferentes lugares, se mostrar\u00e1 informaci\u00f3n sobre el pa\u00eds. Esto sucede a medida que oramos por cada pa\u00eds.<\/p>\n\n\n\n<p class=\"wp-block-paragraph\">************<\/p>\n\n\n\n<figure class=\"wp-block-embed is-type-video is-provider-youtube wp-block-embed-youtube wp-embed-aspect-16-9 wp-has-aspect-ratio\"><div class=\"wp-block-embed__wrapper\">\n<span class=\"embed-youtube\" style=\"text-align:center; display: block;\"><iframe loading=\"lazy\" class=\"youtube-player\" width=\"640\" height=\"360\" src=\"https:\/\/www.youtube.com\/embed\/5-zjRP7si9Y?version=3&#038;rel=1&#038;showsearch=0&#038;showinfo=1&#038;iv_load_policy=1&#038;fs=1&#038;hl=es-MX&#038;autohide=2&#038;wmode=transparent\" allowfullscreen=\"true\" style=\"border:0;\" sandbox=\"allow-scripts allow-same-origin allow-popups allow-presentation allow-popups-to-escape-sandbox\"><\/iframe><\/span>\n<\/div><\/figure>","protected":false},"excerpt":{"rendered":"<p>Today\u2019s 3 a.m. prayer lifts Nauru before God, asking Him to bless its families, young people, elders, workers, clergy, and lay faithful. We also pray for peace, healing, conversion, the souls in purgatory, and protection for people throughout the world.<\/p>","protected":false},"author":132804860,"featured_media":8552,"comment_status":"open","ping_status":"open","sticky":false,"template":"","format":"standard","meta":{"_coblocks_attr":"","_coblocks_dimensions":"","_coblocks_responsive_height":"","_coblocks_accordion_ie_support":"","_jetpack_newsletter_access":"","_jetpack_dont_email_post_to_subs":false,"_jetpack_newsletter_tier_id":0,"_jetpack_memberships_contains_paywalled_content":false,"_wpcom_ai_launchpad_first_post":false,"_jetpack_feature_clip_id":0,"_jetpack_memberships_contains_paid_content":false,"footnotes":"","jetpack_publicize_message":"A Gentle Ocean Blessing from Nauru**\n\nDear friends,\n\nSome lands carry faith with quiet beauty \u2014 through small island parishes, missionary foundations, and families who worship with deep devotion. Nauru is such a place.\n\nToday\u2019s blessing carries the warmth of Pacific prayer,\nthe strength of close\u2011knit communities,\nand the tender protection of Mary\nover a people rich in simplicity and hope.\n\nIf your heart longs for a blessing shaped by peace, gentleness, and quiet holiness,\nNauru offers it with grace.\n\nWith peace,\nAll About You\n\nhttps:\/\/wp.me\/p9vUsN-4gW","jetpack_publicize_feature_enabled":true,"jetpack_social_post_already_shared":true,"jetpack_social_options":{"image_generator_settings":{"template":"dois","default_image_id":0,"font":"","enabled":true,"token":"eyJpbWciOiJodHRwczpcL1wvaTAud3AuY29tXC9teS1hbGwtYWJvdXQteW91LmNvbVwvd3AtY29udGVudFwvdXBsb2Fkc1wvMjAyNVwvMDhcL2NoanBkbWYwenM5c2NpOXBid2ZuenhtdmQydmljMmwwenM4eW1kaXlsdGV5bDJwdnlqazFvczFsYmd2dHp3NTBsd210bWRhMG5zNXFjZ2Mud2VicD9maXQ9MTAyNCUyQzY4MyZzc2w9MSIsInR4dCI6IkEgUHJheWVyIGZvciBHb2RcdTIwMTlzIEJsZXNzaW5ncyBvbiBGYW1pbGllcywgTmF0aW9ucywgYW5kIHRoZSBXb3JsZCwgRGF5IDIzMiwgTmF1cnUiLCJ0ZW1wbGF0ZSI6ImRvaXMiLCJmb250IjoiIiwiYmxvZ19pZCI6MTQwNTkyMjQxfQ.Giy9v9RUToHeNstBiKjFUKEiCy_9m7iu55rdgD7VubQMQ"},"version":2},"_wpas_customize_per_network":false,"jetpack_post_was_ever_published":false},"categories":[785751281,8792,401,785751595,785751535,9626488,785751596,785610602],"tags":[784606842,785751539,785751597,785751537,785751546,235598,785751541,785751538],"class_list":["post-16426","post","type-post","status-publish","format-standard","has-post-thumbnail","hentry","category-785751281","category-adventure","category-faith","category-global-prayer-mission","category-intercessory-prayer","category-prayer-devotion","category-prayer-for-nations","category-the-3-am-prayer","tag-3-am-prayers-for-nations","tag-catholic-prayer","tag-global-prayer-mission","tag-insomnia-prayer","tag-intercessory-prayer","tag-nauru","tag-prayer-for-peace","tag-watch-and-pray"],"jetpack_publicize_connections":[],"jetpack_sharing_enabled":true,"jetpack_likes_enabled":true,"jetpack_shortlink":"https:\/\/wp.me\/p9vUsN-4gW","jetpack-related-posts":[{"id":15147,"url":"https:\/\/my-all-about-you.com\/es\/2026\/06\/27\/a-prayer-for-gods-blessings-on-families-nations-and-the-world-day-170-kiribati\/","url_meta":{"origin":16426,"position":0},"title":"Oraci\u00f3n para que Dios bendiga a las familias, las naciones y el mundo, d\u00eda 171, Kiribati","author":"myallaboutyou","date":"junio 27, 2026","format":false,"excerpt":"The prayer expresses gratitude for daily blessings and seeks divine protection for family, friends, and global leaders. It emphasizes the importance of marriage, family, and community in Kenya, praying for the Catholic Church\u2019s growth and resilience. The plea includes healing for the sick and promotes peace and understanding among all\u2026","rel":"","context":"En &quot;2026&quot;","block_context":{"text":"2026","link":"https:\/\/my-all-about-you.com\/es\/category\/the-3-am-prayer\/2026\/"},"img":{"alt_text":"Family ho lding hands at sunset on a tropical beach with palm tree in Kiribati.","src":"https:\/\/i0.wp.com\/my-all-about-you.com\/wp-content\/uploads\/2025\/06\/image-22.png?fit=1024%2C768&ssl=1&resize=350%2C200","width":350,"height":200,"srcset":"https:\/\/i0.wp.com\/my-all-about-you.com\/wp-content\/uploads\/2025\/06\/image-22.png?fit=1024%2C768&ssl=1&resize=350%2C200 1x, https:\/\/i0.wp.com\/my-all-about-you.com\/wp-content\/uploads\/2025\/06\/image-22.png?fit=1024%2C768&ssl=1&resize=525%2C300 1.5x, https:\/\/i0.wp.com\/my-all-about-you.com\/wp-content\/uploads\/2025\/06\/image-22.png?fit=1024%2C768&ssl=1&resize=700%2C400 2x"},"classes":[]},{"id":13282,"url":"https:\/\/my-all-about-you.com\/es\/2026\/03\/18\/a-prayer-for-gods-blessings-on-families-nations-and-the-world-day-76-democratic-republic-of-congo\/","url_meta":{"origin":16426,"position":1},"title":"Oraci\u00f3n para que Dios bendiga a las familias, las naciones y el mundo, D\u00eda 78, Rep\u00fablica Democr\u00e1tica del Congo","author":"myallaboutyou","date":"marzo 18, 2026","format":false,"excerpt":"The prayer expresses deep gratitude to God for daily blessings, protection, and guidance for loved ones and the world. It emphasizes the importance of cherishing marriage, supporting youth, and fostering peace. The prayer also implores divine assistance for communities, leaders, and those in need, while acknowledging the beauty of the\u2026","rel":"","context":"En &quot;2026&quot;","block_context":{"text":"2026","link":"https:\/\/my-all-about-you.com\/es\/category\/the-3-am-prayer\/2026\/"},"img":{"alt_text":"Beautiful sunset illuminating the Congo's natural scenery and tropical forest.","src":"https:\/\/i0.wp.com\/my-all-about-you.com\/wp-content\/uploads\/2025\/02\/congo.png?fit=940%2C788&ssl=1&resize=350%2C200","width":350,"height":200,"srcset":"https:\/\/i0.wp.com\/my-all-about-you.com\/wp-content\/uploads\/2025\/02\/congo.png?fit=940%2C788&ssl=1&resize=350%2C200 1x, https:\/\/i0.wp.com\/my-all-about-you.com\/wp-content\/uploads\/2025\/02\/congo.png?fit=940%2C788&ssl=1&resize=525%2C300 1.5x, https:\/\/i0.wp.com\/my-all-about-you.com\/wp-content\/uploads\/2025\/02\/congo.png?fit=940%2C788&ssl=1&resize=700%2C400 2x"},"classes":[]},{"id":13288,"url":"https:\/\/my-all-about-you.com\/es\/2026\/03\/19\/a-prayer-for-gods-blessings-on-families-nations-and-the-world-day-77-democratic-republic-of-congo\/","url_meta":{"origin":16426,"position":2},"title":"Oraci\u00f3n para que Dios bendiga a las familias, las naciones y el mundo, D\u00eda 79, Rep\u00fablica Democr\u00e1tica del Congo","author":"myallaboutyou","date":"marzo 19, 2026","format":false,"excerpt":"The content is a heartfelt prayer expressing gratitude and seeking guidance from God. It includes requests for protection and support for family, friends, and community. The prayer emphasizes the importance of marriage, compassion for the suffering, and the need for peace and understanding in the world. It also honors faith\u2026","rel":"","context":"En &quot;2026&quot;","block_context":{"text":"2026","link":"https:\/\/my-all-about-you.com\/es\/category\/the-3-am-prayer\/2026\/"},"img":{"alt_text":"Beautiful sunset illuminating the Congo's natural scenery and tropical forest.","src":"https:\/\/i0.wp.com\/my-all-about-you.com\/wp-content\/uploads\/2025\/02\/congo.png?fit=940%2C788&ssl=1&resize=350%2C200","width":350,"height":200,"srcset":"https:\/\/i0.wp.com\/my-all-about-you.com\/wp-content\/uploads\/2025\/02\/congo.png?fit=940%2C788&ssl=1&resize=350%2C200 1x, https:\/\/i0.wp.com\/my-all-about-you.com\/wp-content\/uploads\/2025\/02\/congo.png?fit=940%2C788&ssl=1&resize=525%2C300 1.5x, https:\/\/i0.wp.com\/my-all-about-you.com\/wp-content\/uploads\/2025\/02\/congo.png?fit=940%2C788&ssl=1&resize=700%2C400 2x"},"classes":[]},{"id":13300,"url":"https:\/\/my-all-about-you.com\/es\/2026\/03\/21\/a-prayer-for-gods-blessings-on-families-nations-and-the-world-day-79-costa-rica\/","url_meta":{"origin":16426,"position":3},"title":"Oraci\u00f3n para que Dios bendiga a las familias, las naciones y el mundo, D\u00eda 81, Costa Rica","author":"myallaboutyou","date":"marzo 21, 2026","format":false,"excerpt":"The content is a heartfelt prayer expressing gratitude to God for daily blessings, seeking guidance and protection for loved ones, leaders, and the world. It emphasizes the importance of faith, marriage, and community, while asking for mercy and healing for those in need. The prayer calls for peace and unity\u2026","rel":"","context":"En &quot;2026&quot;","block_context":{"text":"2026","link":"https:\/\/my-all-about-you.com\/es\/category\/the-3-am-prayer\/2026\/"},"img":{"alt_text":"Beautiful Costa Rican coastline at sunset with ocean waves and tropical landscape.","src":"https:\/\/i0.wp.com\/my-all-about-you.com\/wp-content\/uploads\/2025\/02\/image-50.png?fit=1024%2C768&ssl=1&resize=350%2C200","width":350,"height":200,"srcset":"https:\/\/i0.wp.com\/my-all-about-you.com\/wp-content\/uploads\/2025\/02\/image-50.png?fit=1024%2C768&ssl=1&resize=350%2C200 1x, https:\/\/i0.wp.com\/my-all-about-you.com\/wp-content\/uploads\/2025\/02\/image-50.png?fit=1024%2C768&ssl=1&resize=525%2C300 1.5x, https:\/\/i0.wp.com\/my-all-about-you.com\/wp-content\/uploads\/2025\/02\/image-50.png?fit=1024%2C768&ssl=1&resize=700%2C400 2x"},"classes":[]},{"id":13297,"url":"https:\/\/my-all-about-you.com\/es\/2026\/03\/20\/a-prayer-for-gods-blessings-on-families-nations-and-the-world-day-78-costa-rica\/","url_meta":{"origin":16426,"position":4},"title":"Oraci\u00f3n para que Dios bendiga a las familias, las naciones y el mundo, D\u00eda 80, Costa Rica","author":"myallaboutyou","date":"marzo 20, 2026","format":false,"excerpt":"The prayer expresses gratitude for divine support, seeking guidance and protection for loved ones, the community, and global leaders. It emphasizes the importance of appreciating marriage and family, advocating for peace and compassion among all people. The writer requests mercy for sinners, healing for the sick, and a stronger faith\u2026","rel":"","context":"En &quot;2026&quot;","block_context":{"text":"2026","link":"https:\/\/my-all-about-you.com\/es\/category\/the-3-am-prayer\/2026\/"},"img":{"alt_text":"Beautiful Costa Rican coastline at sunset with ocean waves and tropical landscape.","src":"https:\/\/i0.wp.com\/my-all-about-you.com\/wp-content\/uploads\/2025\/02\/image-50.png?fit=1024%2C768&ssl=1&resize=350%2C200","width":350,"height":200,"srcset":"https:\/\/i0.wp.com\/my-all-about-you.com\/wp-content\/uploads\/2025\/02\/image-50.png?fit=1024%2C768&ssl=1&resize=350%2C200 1x, https:\/\/i0.wp.com\/my-all-about-you.com\/wp-content\/uploads\/2025\/02\/image-50.png?fit=1024%2C768&ssl=1&resize=525%2C300 1.5x, https:\/\/i0.wp.com\/my-all-about-you.com\/wp-content\/uploads\/2025\/02\/image-50.png?fit=1024%2C768&ssl=1&resize=700%2C400 2x"},"classes":[]},{"id":12694,"url":"https:\/\/my-all-about-you.com\/es\/2026\/02\/23\/a-prayer-for-gods-blessings-on-families-nations-and-the-world-day-54-burundi\/","url_meta":{"origin":16426,"position":5},"title":"A Prayer for God\u2019s Blessings on Families, Nations, and the World, Day 54, \u00a0Burundi","author":"myallaboutyou","date":"febrero 23, 2026","format":false,"excerpt":"The prayer expresses gratitude to God for daily blessings and protection for family, friends, and those in need. It emphasizes the importance of love, especially in marriage and parenting, urging the youth to appreciate these sacred bonds. The prayer seeks divine guidance for leaders, healing for the sick, and compassion\u2026","rel":"","context":"En &quot;2026&quot;","block_context":{"text":"2026","link":"https:\/\/my-all-about-you.com\/es\/category\/the-3-am-prayer\/2026\/"},"img":{"alt_text":"Burundi flag with a traditional warrior in cultural attire holding a spear.","src":"https:\/\/i0.wp.com\/my-all-about-you.com\/wp-content\/uploads\/2025\/01\/burundi.png?fit=940%2C788&ssl=1&resize=350%2C200","width":350,"height":200,"srcset":"https:\/\/i0.wp.com\/my-all-about-you.com\/wp-content\/uploads\/2025\/01\/burundi.png?fit=940%2C788&ssl=1&resize=350%2C200 1x, https:\/\/i0.wp.com\/my-all-about-you.com\/wp-content\/uploads\/2025\/01\/burundi.png?fit=940%2C788&ssl=1&resize=525%2C300 1.5x, https:\/\/i0.wp.com\/my-all-about-you.com\/wp-content\/uploads\/2025\/01\/burundi.png?fit=940%2C788&ssl=1&resize=700%2C400 2x"},"classes":[]}],"jetpack_featured_media_url":"https:\/\/i0.wp.com\/my-all-about-you.com\/wp-content\/uploads\/2025\/08\/chjpdmf0zs9sci9pbwfnzxmvd2vic2l0zs8ymdiylteyl2pvyjk1os1lbgvtzw50lwmtmda0ns5qcgc.webp?fit=1024%2C683&ssl=1","_links":{"self":[{"href":"https:\/\/my-all-about-you.com\/es\/wp-json\/wp\/v2\/posts\/16426","targetHints":{"allow":["GET"]}}],"collection":[{"href":"https:\/\/my-all-about-you.com\/es\/wp-json\/wp\/v2\/posts"}],"about":[{"href":"https:\/\/my-all-about-you.com\/es\/wp-json\/wp\/v2\/types\/post"}],"author":[{"embeddable":true,"href":"https:\/\/my-all-about-you.com\/es\/wp-json\/wp\/v2\/users\/132804860"}],"replies":[{"embeddable":true,"href":"https:\/\/my-all-about-you.com\/es\/wp-json\/wp\/v2\/comments?post=16426"}],"version-history":[{"count":5,"href":"https:\/\/my-all-about-you.com\/es\/wp-json\/wp\/v2\/posts\/16426\/revisions"}],"predecessor-version":[{"id":16467,"href":"https:\/\/my-all-about-you.com\/es\/wp-json\/wp\/v2\/posts\/16426\/revisions\/16467"}],"wp:featuredmedia":[{"embeddable":true,"href":"https:\/\/my-all-about-you.com\/es\/wp-json\/wp\/v2\/media\/8552"}],"wp:attachment":[{"href":"https:\/\/my-all-about-you.com\/es\/wp-json\/wp\/v2\/media?parent=16426"}],"wp:term":[{"taxonomy":"category","embeddable":true,"href":"https:\/\/my-all-about-you.com\/es\/wp-json\/wp\/v2\/categories?post=16426"},{"taxonomy":"post_tag","embeddable":true,"href":"https:\/\/my-all-about-you.com\/es\/wp-json\/wp\/v2\/tags?post=16426"}],"curies":[{"name":"wp","href":"https:\/\/api.w.org\/{rel}","templated":true}]}}