{"id":15165,"date":"2026-07-05T07:00:00","date_gmt":"2026-07-05T12:00:00","guid":{"rendered":"https:\/\/my-all-about-you.com\/?p=15165"},"modified":"2026-07-05T05:56:45","modified_gmt":"2026-07-05T10:56:45","slug":"the-fishermen-of-the-sea-of-galilee","status":"publish","type":"post","link":"https:\/\/my-all-about-you.com\/es\/2026\/07\/05\/the-fishermen-of-the-sea-of-galilee\/","title":{"rendered":"Los pescadores del mar de Galilea"},"content":{"rendered":"<h4 class=\"wp-block-heading\"><em>\u201cS\u00edganme, y los har\u00e9 pescadores de hombres.\u201d<\/em><br><em>\u2014 Mateo 4:19<\/em><\/h4>\n\n\n\n<p class=\"wp-block-paragraph\">Todos hemos le\u00eddo esas palabras muchas veces a lo largo de los a\u00f1os. La mayor\u00eda sabemos que Pedro, Andr\u00e9s, Santiago y Juan eran pescadores. Es simplemente otro detalle del relato del Evangelio. Lo leemos, imaginamos una barca flotando en el agua y continuamos con el siguiente vers\u00edculo.<\/p>\n\n\n\n<p class=\"wp-block-paragraph\">S\u00e9 que lo hice.<\/p>\n\n\n\n<p class=\"wp-block-paragraph\">Eso empez\u00f3 a cambiar al reflexionar sobre la vida de Andrew. Cuanto m\u00e1s lo estudiaba, m\u00e1s me daba cuenta de que deb\u00eda detenerme. Peque\u00f1os detalles que hab\u00eda pasado por alto innumerables veces de repente parec\u00edan merecer una segunda mirada: una sola palabra, un comentario casual, una pregunta que jam\u00e1s se me hab\u00eda ocurrido formular.<\/p>\n\n\n\n<p class=\"wp-block-paragraph\">Una pregunta en particular se negaba a abandonarme.<\/p>\n\n\n\n<p class=\"wp-block-paragraph\"><strong>\u00bfPor qu\u00e9 los pescadores?<\/strong><\/p>\n\n\n\n<hr class=\"wp-block-separator has-alpha-channel-opacity\"\/>\n\n\n\n<p class=\"wp-block-paragraph\">En el sur de Luisiana, los pescadores siempre han formado parte del paisaje. Mucho antes del amanecer, los barcos zarpan silenciosamente de los pantanos y sinuosos canales rumbo al Golfo de M\u00e9xico. Si alguna vez se ha sentado en un puente levadizo esperando a que pase un barco pesquero, habr\u00e1 vislumbrado su mundo. Mientras que el resto de nosotros apenas comenzamos nuestro d\u00eda, el suyo ya lleva horas en marcha.<\/p>\n\n\n\n<p class=\"wp-block-paragraph\">Los he observado lo suficiente a lo largo de los a\u00f1os como para saber que la pesca es mucho m\u00e1s que atrapar peces. Antes de que un barco zarpe, alguien revisa el motor. Alguien inspecciona las redes. Alguien se asegura de que las cuerdas est\u00e9n en su lugar. El agua tiene la costumbre de revelar hasta el m\u00e1s m\u00ednimo descuido, por lo que los pescadores experimentados aprenden a no precipitarse.<\/p>\n\n\n\n<p class=\"wp-block-paragraph\">Su trabajo los transforma.<\/p>\n\n\n\n<p class=\"wp-block-paragraph\">El sol deja su huella en sus rostros. La cuerda deja su marca en sus manos. A\u00f1os en el agua les ense\u00f1an a percibir los cambios clim\u00e1ticos, las corrientes cambiantes, los desechos flotantes y las se\u00f1ales sutiles que la mayor\u00eda de la gente nunca ve porque, en el agua, esos peque\u00f1os detalles a menudo se convierten en grandes problemas.<\/p>\n\n\n\n<p class=\"wp-block-paragraph\">Observarlos me hizo darme cuenta de algo que nunca hab\u00eda relacionado con las Escrituras.<\/p>\n\n\n\n<p class=\"wp-block-paragraph\">Un trabajo no se limita a proporcionar un sustento.<\/p>\n\n\n\n<p class=\"wp-block-paragraph\">Moldea silenciosamente a las personas que la viven.<\/p>\n\n\n\n<p class=\"wp-block-paragraph\">Esa simple observaci\u00f3n me llev\u00f3 a recorrer medio mundo, hasta otra costa.<\/p>\n\n\n\n<p class=\"wp-block-paragraph\"><strong>\u00bfQu\u00e9 tipo de hombres fueron moldeados por el Mar de Galilea?<\/strong><\/p>\n\n\n\n<hr class=\"wp-block-separator has-alpha-channel-opacity\"\/>\n\n\n\n<p class=\"wp-block-paragraph\">Lo primero que me sorprendi\u00f3 fue el propio lago.<\/p>\n\n\n\n<p class=\"wp-block-paragraph\">Aunque lo llamamos Mar de Galilea, en realidad es un lago de agua dulce situado a casi 213 metros bajo el nivel del mar. Donde yo vivo, la altitud es de unos 15 metros sobre el nivel del mar. Incluso Nueva Orleans, a menudo descrita como una ciudad construida en una hondonada, se encuentra solo ligeramente por debajo del nivel del mar en muchos lugares. El Mar de Galilea se encuentra cientos de metros m\u00e1s abajo, rodeado de colinas que parecen casi agruparse alrededor del agua.<\/p>\n\n\n\n<p class=\"wp-block-paragraph\">Todo en el paisaje se siente diferente. Las llanuras pantanosas de Luisiana desaparecen. En su lugar, se alzan laderas rocosas salpicadas de olivos e higueras. Los juncos bordean algunos tramos de la orilla y, en primavera, las flores silvestres ti\u00f1en de color las colinas circundantes. Pueblos pesqueros como Cafarna\u00fam, Betsaida y Magdalena estaban lo suficientemente cerca como para que los pescadores pudieran divisar con frecuencia las comunidades vecinas al otro lado del lago.<\/p>\n\n\n\n<p class=\"wp-block-paragraph\">El agua los conectaba a todos. Los barcos transportaban pescado al mercado, los comerciantes iban de pueblo en pueblo, las familias visitaban a sus parientes y las noticias del d\u00eda viajaban de una orilla a otra. El mar de Galilea no era simplemente un punto de referencia; estaba entretejido en la vida cotidiana.<\/p>\n\n\n\n<p class=\"wp-block-paragraph\">No muy lejos al sur, el r\u00edo Jord\u00e1n flu\u00eda hacia el lago tras descender del norte. En alg\u00fan punto de esas aguas, Jes\u00fas fue bautizado por Juan. Poco despu\u00e9s, se retir\u00f3 al desierto antes de regresar para comenzar su ministerio p\u00fablico en toda esta regi\u00f3n.<\/p>\n\n\n\n<hr class=\"wp-block-separator has-alpha-channel-opacity\"\/>\n\n\n\n<p class=\"wp-block-paragraph\">Cuanto m\u00e1s lo imaginaba, m\u00e1s me daba cuenta de que nunca antes lo hab\u00eda visualizado realmente.<\/p>\n\n\n\n<p class=\"wp-block-paragraph\">Antes del amanecer, el lago reposaba en calma bajo las estrellas. El aire transportaba el aroma del agua dulce mezclado con el de los peces, las redes h\u00famedas, las cuerdas mojadas, la madera desgastada, el humo de las hogueras del desayuno y el intenso olor a tierra a lo largo de la orilla. Las gaviotas graznaban en lo alto mientras las garzas buscaban alimento en las aguas poco profundas. Las barcas se mec\u00edan suavemente contra la orilla mientras los pescadores se preparaban para otro d\u00eda de trabajo.<\/p>\n\n\n\n<p class=\"wp-block-paragraph\">Un detalle en particular me sorprendi\u00f3.<\/p>\n\n\n\n<p class=\"wp-block-paragraph\">El agua estaba fr\u00eda.<\/p>\n\n\n\n<p class=\"wp-block-paragraph\">De alguna manera, siempre me hab\u00eda imaginado a Pedro de pie en agua tibia. En realidad, el Mar de Galilea se alimenta continuamente del r\u00edo Jord\u00e1n, que fluye hacia el sur desde las laderas del monte Herm\u00f3n. Especialmente antes del amanecer y durante las estaciones m\u00e1s fr\u00edas, el agua pod\u00eda estar sorprendentemente fr\u00eda. Cada ma\u00f1ana, estos pescadores se adentraban en esas aguas heladas para alejar sus barcas de la orilla antes de subir a bordo.<\/p>\n\n\n\n<p class=\"wp-block-paragraph\">El mar de Galilea era hermoso, pero no apacible. Debido a que el lago se encuentra en una profunda cuenca rodeada de colinas, el aire fr\u00edo pod\u00eda irrumpir repentinamente a trav\u00e9s de los valles y chocar con el aire m\u00e1s c\u00e1lido sobre el agua. Una ma\u00f1ana tranquila pod\u00eda convertirse en una tormenta en un instante.<\/p>\n\n\n\n<p class=\"wp-block-paragraph\">Los pescadores aprendieron a prestar atenci\u00f3n. Observaban el viento. Notaban que los p\u00e1jaros se comportaban de manera diferente. Estudiaban las nubes que se acumulaban sobre las colinas. Percib\u00edan los sutiles cambios en el aire. Le\u00edan el agua.<\/p>\n\n\n\n<p class=\"wp-block-paragraph\">El lago les ense\u00f1aba algo cada d\u00eda.<\/p>\n\n\n\n<p class=\"wp-block-paragraph\">Los pescadores del Mar de Galilea conoc\u00edan bien su oficio.<\/p>\n\n\n\n<p class=\"wp-block-paragraph\">Conoc\u00edan el lago.<\/p>\n\n\n\n<p class=\"wp-block-paragraph\">Respetaban su poder.<\/p>\n\n\n\n<p class=\"wp-block-paragraph\">Entend\u00edan su oficio.<\/p>\n\n\n\n<p class=\"wp-block-paragraph\">Tal vez\u2026<\/p>\n\n\n\n<p class=\"wp-block-paragraph\">Todav\u00eda quedaba una lecci\u00f3n por aprender.<\/p>","protected":false},"excerpt":{"rendered":"<p>Antes de conocer a Pedro, conviene comprender el mundo que lo forj\u00f3. El mar de Galilea fue mucho m\u00e1s que un simple tel\u00f3n de fondo en la historia del Evangelio. Era un lago fr\u00edo, impredecible y vital que inculc\u00f3 en generaciones de pescadores paciencia, fortaleza, perspicacia y confianza.<\/p>","protected":false},"author":132804860,"featured_media":15242,"comment_status":"open","ping_status":"open","sticky":false,"template":"","format":"standard","meta":{"_coblocks_attr":"","_coblocks_dimensions":"","_coblocks_responsive_height":"","_coblocks_accordion_ie_support":"","_jetpack_newsletter_access":"","_jetpack_dont_email_post_to_subs":false,"_jetpack_newsletter_tier_id":0,"_jetpack_memberships_contains_paywalled_content":false,"_wpcom_ai_launchpad_first_post":false,"_jetpack_feature_clip_id":0,"_jetpack_memberships_contains_paid_content":false,"footnotes":"","jetpack_publicize_message":"Have you ever wondered why Jesus chose fishermen?\n\nBefore we meet Peter, I found myself asking a different question. Not who Peter was, but what kind of world shaped him long before he ever stepped away from his boat.\n\nThis week, we're leaving the bayous of South Louisiana and traveling to the shores of the Sea of Galilee. Together we'll explore the cold waters, the rugged landscape, the close-knit fishing villages, and the ordinary men whose lives revolved around the lake.\n\nThe more I studied Andrew, the more I realized I couldn't truly understand Peter until I first understood the fishermen.\n\nI hope you'll come along on the journey.\n\n**Read: \"The Fishermen of the Sea of Galilee\"**\n\nAs always, thank you for reading and walking through Scripture with me.\n\nBlessings,\nAll About You\n\nhttps:\/\/wp.me\/p9vUsN-3WB","jetpack_publicize_feature_enabled":true,"jetpack_social_post_already_shared":true,"jetpack_social_options":{"image_generator_settings":{"template":"fullscreen","default_image_id":0,"font":"","enabled":true,"token":"eyJpbWciOiJodHRwczpcL1wvaTAud3AuY29tXC9teS1hbGwtYWJvdXQteW91LmNvbVwvd3AtY29udGVudFwvdXBsb2Fkc1wvMjAyNlwvMDdcL01vcm5pbmctTGlnaHQtb24tYS1wZWFjZWZ1bC1sYWtlLnBuZz9maXQ9MTAyNCUyQzY4MyZzc2w9MSIsInR4dCI6IlRoZSBGaXNoZXJtZW4gb2YgdGhlIFNlYSBvZiBHYWxpbGVlIiwidGVtcGxhdGUiOiJmdWxsc2NyZWVuIiwiZm9udCI6IiIsImJsb2dfaWQiOjE0MDU5MjI0MX0.DsLJ50BuxMOLJ1azRRJH1d1jqY3alfFml3Jk-bq8QEkMQ","image_type":"featured","custom_text":""},"version":2,"media_source":"sig","attached_media":[]},"_wpas_customize_per_network":false,"jetpack_post_was_ever_published":false},"categories":[785752176,11006884,441797,401,25268101],"tags":[785752182,785752185,785752187,785752184,785752066,785752179,785752178,785751960,785752183,785751410,785752186,785752180,785752181,785752177,785752188],"class_list":["post-15165","post","type-post","status-publish","format-standard","has-post-thumbnail","hentry","category-apostle-series","category-apostolic-witness","category-biblical-reflections","category-faith","category-faith-scripture","tag-andrew","tag-bethsaida","tag-biblical-context","tag-capernaum","tag-catholic-reflection","tag-fishers-of-men","tag-galilean-fishermen","tag-gospel-reflection","tag-james-and-john","tag-jordan-river","tag-magdala","tag-matthew-419","tag-peter","tag-sea-of-galilee","tag-south-louisiana-fishermen"],"jetpack_publicize_connections":[],"jetpack_sharing_enabled":true,"jetpack_likes_enabled":true,"jetpack_shortlink":"https:\/\/wp.me\/p9vUsN-3WB","jetpack-related-posts":[{"id":15460,"url":"https:\/\/my-all-about-you.com\/es\/2026\/07\/12\/peter-the-man-jesus-called-rock\/","url_meta":{"origin":15165,"position":0},"title":"Pedro: El hombre al que Jes\u00fas llam\u00f3 Roca","author":"myallaboutyou","date":"julio 12, 2026","format":false,"excerpt":"Jesus looked at a fisherman he'd just met and gave him a name that belonged to God alone. Before Simon had done anything remarkable\u2014before he'd followed, witnessed a miracle, or proven himself steady\u2014he was called Rock. Why would Jesus name someone for who they hadn't yet become? And what does\u2026","rel":"","context":"En &quot;Apostle Series&quot;","block_context":{"text":"Apostle Series","link":"https:\/\/my-all-about-you.com\/es\/category\/apostle-series\/"},"img":{"alt_text":"serene lakeside view with rocky shoreline","src":"https:\/\/i0.wp.com\/my-all-about-you.com\/wp-content\/uploads\/2026\/07\/pexels-photo-33746836.jpeg?fit=1200%2C800&ssl=1&resize=350%2C200","width":350,"height":200,"srcset":"https:\/\/i0.wp.com\/my-all-about-you.com\/wp-content\/uploads\/2026\/07\/pexels-photo-33746836.jpeg?fit=1200%2C800&ssl=1&resize=350%2C200 1x, https:\/\/i0.wp.com\/my-all-about-you.com\/wp-content\/uploads\/2026\/07\/pexels-photo-33746836.jpeg?fit=1200%2C800&ssl=1&resize=525%2C300 1.5x, https:\/\/i0.wp.com\/my-all-about-you.com\/wp-content\/uploads\/2026\/07\/pexels-photo-33746836.jpeg?fit=1200%2C800&ssl=1&resize=700%2C400 2x, https:\/\/i0.wp.com\/my-all-about-you.com\/wp-content\/uploads\/2026\/07\/pexels-photo-33746836.jpeg?fit=1200%2C800&ssl=1&resize=1050%2C600 3x"},"classes":[]},{"id":14906,"url":"https:\/\/my-all-about-you.com\/es\/2026\/06\/10\/a-prayer-for-gods-blessings-on-families-nations-and-the-world-day-155-israel\/","url_meta":{"origin":15165,"position":1},"title":"A Prayer for God\u2019s Blessings on Families, Nations, and the World, Day 157, Israel","author":"myallaboutyou","date":"junio 10, 2026","format":false,"excerpt":"The prayer expresses gratitude to God for daily blessings and seeks divine protection and guidance for family, friends, and leaders. It emphasizes the importance of valuing marriage and children, along with a call for peace and healing across the world. The prayer also honors sacred places in Israel and asks\u2026","rel":"","context":"En &quot;2026&quot;","block_context":{"text":"2026","link":"https:\/\/my-all-about-you.com\/es\/category\/the-3-am-prayer\/2026\/"},"img":{"alt_text":"Picture of Jeruselem in Israel where the three major regilions, Christianity, Muslim, and Jewish share same areas of the city.","src":"https:\/\/i0.wp.com\/my-all-about-you.com\/wp-content\/uploads\/2025\/06\/israel.png?fit=940%2C788&ssl=1&resize=350%2C200","width":350,"height":200,"srcset":"https:\/\/i0.wp.com\/my-all-about-you.com\/wp-content\/uploads\/2025\/06\/israel.png?fit=940%2C788&ssl=1&resize=350%2C200 1x, https:\/\/i0.wp.com\/my-all-about-you.com\/wp-content\/uploads\/2025\/06\/israel.png?fit=940%2C788&ssl=1&resize=525%2C300 1.5x, https:\/\/i0.wp.com\/my-all-about-you.com\/wp-content\/uploads\/2025\/06\/israel.png?fit=940%2C788&ssl=1&resize=700%2C400 2x"},"classes":[]},{"id":15535,"url":"https:\/\/my-all-about-you.com\/es\/2026\/07\/19\/thinking-like-god\/","url_meta":{"origin":15165,"position":2},"title":"PENSANDO COMO DIOS","author":"myallaboutyou","date":"julio 19, 2026","format":false,"excerpt":"Jesus knew Peter's heart long before Peter understood his calling. In Matthew 16, Peter boldly confesses Jesus as the Christ, yet moments later is rebuked for thinking like man instead of God. Through Peter's story, we discover that loving Christ is only the beginning. The Christian life is a lifelong\u2026","rel":"","context":"En &quot;Apostle Series&quot;","block_context":{"text":"Apostle Series","link":"https:\/\/my-all-about-you.com\/es\/category\/apostle-series\/"},"img":{"alt_text":"Jesus sits beside Peter on the rocky shore of the Sea of Galilee, gently but firmly teaching him as the golden evening light reflects across the water.","src":"https:\/\/i0.wp.com\/my-all-about-you.com\/wp-content\/uploads\/2026\/07\/Thinking-Like-God-Jesus-Corrects-Peter-at-Caesarea-Philippi.png?fit=1200%2C800&ssl=1&resize=350%2C200","width":350,"height":200,"srcset":"https:\/\/i0.wp.com\/my-all-about-you.com\/wp-content\/uploads\/2026\/07\/Thinking-Like-God-Jesus-Corrects-Peter-at-Caesarea-Philippi.png?fit=1200%2C800&ssl=1&resize=350%2C200 1x, https:\/\/i0.wp.com\/my-all-about-you.com\/wp-content\/uploads\/2026\/07\/Thinking-Like-God-Jesus-Corrects-Peter-at-Caesarea-Philippi.png?fit=1200%2C800&ssl=1&resize=525%2C300 1.5x, https:\/\/i0.wp.com\/my-all-about-you.com\/wp-content\/uploads\/2026\/07\/Thinking-Like-God-Jesus-Corrects-Peter-at-Caesarea-Philippi.png?fit=1200%2C800&ssl=1&resize=700%2C400 2x, https:\/\/i0.wp.com\/my-all-about-you.com\/wp-content\/uploads\/2026\/07\/Thinking-Like-God-Jesus-Corrects-Peter-at-Caesarea-Philippi.png?fit=1200%2C800&ssl=1&resize=1050%2C600 3x"},"classes":[]},{"id":6899,"url":"https:\/\/my-all-about-you.com\/es\/2025\/04\/21\/rabbi-judah-ha-nasi-keeper-of-gods-law-and-a-reflection-of-christ-like-virtue\/","url_meta":{"origin":15165,"position":3},"title":"Rabbi Judah ha-Nasi: Keeper of God\u2019s Law and a Reflection of Christ-like Virtue","author":"myallaboutyou","date":"abril 21, 2025","format":false,"excerpt":"Rabbi Judah ha-Nasi played a pivotal role in preserving Jewish law, notably through the Mishnah, reflecting God\u2019s principles of justice and mercy. His dedication parallels Christian teachings, emphasizing love and community welfare. Both traditions urge followers to embody compassion and integrity, inviting a transformative relationship with God\u2019s law for the\u2026","rel":"","context":"En &quot;Biblical Studies&quot;","block_context":{"text":"Biblical Studies","link":"https:\/\/my-all-about-you.com\/es\/category\/biblical-studies\/"},"img":{"alt_text":"","src":"https:\/\/i0.wp.com\/my-all-about-you.com\/wp-content\/uploads\/2025\/04\/image-13.png?fit=1024%2C768&ssl=1&resize=350%2C200","width":350,"height":200,"srcset":"https:\/\/i0.wp.com\/my-all-about-you.com\/wp-content\/uploads\/2025\/04\/image-13.png?fit=1024%2C768&ssl=1&resize=350%2C200 1x, https:\/\/i0.wp.com\/my-all-about-you.com\/wp-content\/uploads\/2025\/04\/image-13.png?fit=1024%2C768&ssl=1&resize=525%2C300 1.5x, https:\/\/i0.wp.com\/my-all-about-you.com\/wp-content\/uploads\/2025\/04\/image-13.png?fit=1024%2C768&ssl=1&resize=700%2C400 2x"},"classes":[]},{"id":13616,"url":"https:\/\/my-all-about-you.com\/es\/2026\/04\/04\/the-first-light\/","url_meta":{"origin":15165,"position":4},"title":"The First Light","author":"myallaboutyou","date":"abril 4, 2026","format":false,"excerpt":"The tomb was empty. The questions followed them back. And then\u2014without warning\u2014He stood among them.","rel":"","context":"En &quot;Faith Reflections&quot;","block_context":{"text":"Faith Reflections","link":"https:\/\/my-all-about-you.com\/es\/category\/faith\/faith-reflections\/"},"img":{"alt_text":"Three disciples walk away from the empty tomb at dawn, seen from behind, their heads lowered as they move through a quiet stone path in reflective silence.","src":"https:\/\/i0.wp.com\/my-all-about-you.com\/wp-content\/uploads\/2026\/04\/Disciples-at-dawn-on-stone-street.png?fit=800%2C1200&ssl=1&resize=350%2C200","width":350,"height":200,"srcset":"https:\/\/i0.wp.com\/my-all-about-you.com\/wp-content\/uploads\/2026\/04\/Disciples-at-dawn-on-stone-street.png?fit=800%2C1200&ssl=1&resize=350%2C200 1x, https:\/\/i0.wp.com\/my-all-about-you.com\/wp-content\/uploads\/2026\/04\/Disciples-at-dawn-on-stone-street.png?fit=800%2C1200&ssl=1&resize=525%2C300 1.5x, https:\/\/i0.wp.com\/my-all-about-you.com\/wp-content\/uploads\/2026\/04\/Disciples-at-dawn-on-stone-street.png?fit=800%2C1200&ssl=1&resize=700%2C400 2x"},"classes":[]},{"id":13591,"url":"https:\/\/my-all-about-you.com\/es\/2026\/04\/04\/the-silence-between\/","url_meta":{"origin":15165,"position":5},"title":"The Silence Between","author":"myallaboutyou","date":"abril 4, 2026","format":false,"excerpt":"The stone is set. The tomb is sealed. And nothing feels finished. Sit in the silence of Holy Saturday\u2014the day of waiting, questions, and what cannot yet be understood.","rel":"","context":"En &quot;Faith Reflections&quot;","block_context":{"text":"Faith Reflections","link":"https:\/\/my-all-about-you.com\/es\/category\/faith\/faith-reflections\/"},"img":{"alt_text":"The sealed tomb of Jesus with a large stone rolled in front, guarded by two Roman soldiers standing watch in the stillness of early morning.","src":"https:\/\/i0.wp.com\/my-all-about-you.com\/wp-content\/uploads\/2026\/04\/Roman-soldiers-guard-the-sealed-tomb.png?fit=800%2C1200&ssl=1&resize=350%2C200","width":350,"height":200,"srcset":"https:\/\/i0.wp.com\/my-all-about-you.com\/wp-content\/uploads\/2026\/04\/Roman-soldiers-guard-the-sealed-tomb.png?fit=800%2C1200&ssl=1&resize=350%2C200 1x, https:\/\/i0.wp.com\/my-all-about-you.com\/wp-content\/uploads\/2026\/04\/Roman-soldiers-guard-the-sealed-tomb.png?fit=800%2C1200&ssl=1&resize=525%2C300 1.5x, https:\/\/i0.wp.com\/my-all-about-you.com\/wp-content\/uploads\/2026\/04\/Roman-soldiers-guard-the-sealed-tomb.png?fit=800%2C1200&ssl=1&resize=700%2C400 2x"},"classes":[]}],"jetpack_featured_media_url":"https:\/\/i0.wp.com\/my-all-about-you.com\/wp-content\/uploads\/2026\/07\/Morning-Light-on-a-peaceful-lake.png?fit=1536%2C1024&ssl=1","_links":{"self":[{"href":"https:\/\/my-all-about-you.com\/es\/wp-json\/wp\/v2\/posts\/15165","targetHints":{"allow":["GET"]}}],"collection":[{"href":"https:\/\/my-all-about-you.com\/es\/wp-json\/wp\/v2\/posts"}],"about":[{"href":"https:\/\/my-all-about-you.com\/es\/wp-json\/wp\/v2\/types\/post"}],"author":[{"embeddable":true,"href":"https:\/\/my-all-about-you.com\/es\/wp-json\/wp\/v2\/users\/132804860"}],"replies":[{"embeddable":true,"href":"https:\/\/my-all-about-you.com\/es\/wp-json\/wp\/v2\/comments?post=15165"}],"version-history":[{"count":5,"href":"https:\/\/my-all-about-you.com\/es\/wp-json\/wp\/v2\/posts\/15165\/revisions"}],"predecessor-version":[{"id":15244,"href":"https:\/\/my-all-about-you.com\/es\/wp-json\/wp\/v2\/posts\/15165\/revisions\/15244"}],"wp:featuredmedia":[{"embeddable":true,"href":"https:\/\/my-all-about-you.com\/es\/wp-json\/wp\/v2\/media\/15242"}],"wp:attachment":[{"href":"https:\/\/my-all-about-you.com\/es\/wp-json\/wp\/v2\/media?parent=15165"}],"wp:term":[{"taxonomy":"category","embeddable":true,"href":"https:\/\/my-all-about-you.com\/es\/wp-json\/wp\/v2\/categories?post=15165"},{"taxonomy":"post_tag","embeddable":true,"href":"https:\/\/my-all-about-you.com\/es\/wp-json\/wp\/v2\/tags?post=15165"}],"curies":[{"name":"wp","href":"https:\/\/api.w.org\/{rel}","templated":true}]}}