{"id":11097,"date":"2025-11-30T20:09:31","date_gmt":"2025-12-01T02:09:31","guid":{"rendered":"https:\/\/my-all-about-you.com\/?p=11097"},"modified":"2025-11-30T20:09:31","modified_gmt":"2025-12-01T02:09:31","slug":"sunday-night-blessing-the-beauty-of-these-days-since-thanksgiving","status":"publish","type":"post","link":"https:\/\/my-all-about-you.com\/es\/2025\/11\/30\/sunday-night-blessing-the-beauty-of-these-days-since-thanksgiving\/","title":{"rendered":"Sunday Night Blessing: The Beauty of These Days Since Thanksgiving"},"content":{"rendered":"<p class=\"wp-block-paragraph\">As this Sunday evening settles in, my heart returns to the sweetness of the days we\u2019ve lived since Thanksgiving which were days filled with warmth, family, small joys, and God\u2019s quiet grace touching everything in gentle ways.<\/p>\n\n\n\n<p class=\"wp-block-paragraph\">Thanksgiving itself was wonderful.<br>We gathered with my boys, their girlfriends, and the teenage son who joined us &#8211; a full, lively group that filled the house with laughter and easy conversation. My oldest surprised us with a special treat: cookies inspired by molten lava cakes, warm and rich and fun. Whatever their official name was, they brought smiles all around.<\/p>\n\n\n\n<p class=\"wp-block-paragraph\">We celebrated at my oldest son\u2019s home this year, and it felt precious to be together. Every family has its own rhythm, and ours is no different. We celebrated Christmas with the girls and their families earlier in May, and now we\u2019re getting their presents ready to send this week. We may celebrate at different times, but the love we share is always right on time.<\/p>\n\n\n\n<p class=\"wp-block-paragraph\">The next day we brought our handcrafted items to a couple of stores that had been recommended to us. Their encouragement was a blessing, and they suggested we create gift packages &#8211; a gentle sign that our work is reaching more hands and hearts.<\/p>\n\n\n\n<p class=\"wp-block-paragraph\">The following day, my oldest son\u2019s girlfriend came over to help finalize the presents that needed to be mailed. She is so sweet, thoughtful, and kind-hearted. I genuinely like her. We worked side by side, wrapping, organizing, and preparing everything with care.<\/p>\n\n\n\n<p class=\"wp-block-paragraph\">Later, we began working on the pattern for the car seats. These aren\u2019t simple seat.  There is no pattern available, and because they\u2019re special, we have to design every detail carefully. We made good progress before I sent her home with gratitude for all her help.<\/p>\n\n\n\n<p class=\"wp-block-paragraph\">At the end of the day, I slipped away to chapel, a quiet place where my spirit rests. In the stillness, I found myself drawn deeply into the heart of Advent. I spent time reflecting on the Holy Family, especially Mary and Joseph.<br>I imagined Mary\u2019s emotions when Gabriel appeared, her awe, her courage, her trembling, her quiet and wholehearted \u201cyes.\u201d<br>I sat with Joseph\u2019s steady presence, his quiet strength, the weight he carried, and the tenderness that defined him.<br>This time in chapel softened my heart and reminded me that Advent is not only about waiting for Christ\u2019s birth.  It is about entering into the emotions of the Holy Family. Their waiting becomes our waiting. Their trust becomes our trust. Their courage lights the path for our own hearts.<\/p>\n\n\n\n<p class=\"wp-block-paragraph\">Today had its own gentle rhythm. I finished taking the pictures of the packages so that everything will be ready to email on Tuesday. And tomorrow begins a new work week, one I feel ready to face.<\/p>\n\n\n\n<p class=\"wp-block-paragraph\">This week\u2019s vacation has been different, in the best possible way.<br>More presence.<br>More peace.<br>Less checking my work phone.<br>Less watching work emails.<br>More living in the moments God gives me.<\/p>\n\n\n\n<p class=\"wp-block-paragraph\">And tonight, as the new week begins, I see the blessings He poured out from Thanksgiving until now &#8211; blessings in laughter, family, helpful hands, creative projects, quiet prayer, and the unfolding of His grace.<\/p>\n\n\n\n<hr class=\"wp-block-separator has-alpha-channel-opacity\" \/>\n\n\n\n<h1 class=\"wp-block-heading\">\ud83d\udc9b <strong>My Wishes for You \u2014 A Blessing for the Week Ahead<\/strong><\/h1>\n\n\n\n<p class=\"wp-block-paragraph\">May your week begin with peace and unfold with grace.<br>May your heart feel steady, your mind feel clear, and your spirit feel light.<\/p>\n\n\n\n<p class=\"wp-block-paragraph\">May God bless the work of your hands,<br>every gift you send,<br>every project you begin,<br>and every task you complete.<\/p>\n\n\n\n<p class=\"wp-block-paragraph\">May your relationships deepen in gentleness and joy.<br>May your home be filled with warmth.<br>And may the love you gave and received this past week continue to surround you.<\/p>\n\n\n\n<p class=\"wp-block-paragraph\">May you feel God beside you in the small moments,<br>in quiet reflections,<br>in simple joys,<br>in unexpected encouragement,<br>and in the whisper of His presence reminding you that you are deeply loved.<\/p>\n\n\n\n<p class=\"wp-block-paragraph\">May your Advent be a journey with the Holy Family,<br>resting in Mary\u2019s courage,<br>trusting in Joseph\u2019s strength,<br>and preparing your heart for the One who is coming.<\/p>\n\n\n\n<p class=\"wp-block-paragraph\">Am\u00e9n.<\/p>","protected":false},"excerpt":{"rendered":"<p>A warm reflection on the blessings since Thanksgiving, the joy of family, the quiet beauty of Advent, and a gentle blessing to carry into the new week.<\/p>","protected":false},"author":132804860,"featured_media":11100,"comment_status":"open","ping_status":"open","sticky":false,"template":"","format":"standard","meta":{"_coblocks_attr":"","_coblocks_dimensions":"","_coblocks_responsive_height":"","_coblocks_accordion_ie_support":"","_jetpack_newsletter_access":"","_jetpack_dont_email_post_to_subs":false,"_jetpack_newsletter_tier_id":0,"_jetpack_memberships_contains_paywalled_content":false,"_wpcom_ai_launchpad_first_post":false,"_jetpack_feature_clip_id":0,"_jetpack_memberships_contains_paid_content":false,"footnotes":"","jetpack_publicize_message":"{title}\n\n{excerpt}\n\n{url}","jetpack_publicize_feature_enabled":true,"jetpack_social_post_already_shared":false,"jetpack_social_options":{"image_generator_settings":{"template":"dois","default_image_id":0,"font":"","enabled":false},"version":2},"_wpas_customize_per_network":false,"jetpack_post_was_ever_published":false},"categories":[785750916,401,462323,13014838],"tags":[785751026,14325298,785751034,785751004,785750961,239335,225290,7816,34622015,29190696,8329,155895,53817356,53534774,15318],"class_list":["post-11097","post","type-post","status-publish","format-standard","has-post-thumbnail","hentry","category-advent-holiday-season","category-faith","category-seasonal-reflections","category-sunday-blessings","tag-advent","tag-advent-reflection","tag-blessings","tag-encouragement","tag-faith","tag-faith-journey","tag-family-moments","tag-god","tag-gratitude-2","tag-holy-family-cathedral","tag-jesus","tag-personal-reflection","tag-quiet-grace","tag-sunday-blessing","tag-thanksgiving"],"jetpack_publicize_connections":[],"jetpack_likes_enabled":true,"jetpack_sharing_enabled":true,"jetpack_shortlink":"https:\/\/wp.me\/p9vUsN-2SZ","jetpack-related-posts":[{"id":10721,"url":"https:\/\/my-all-about-you.com\/es\/2025\/11\/20\/the-threshold-of-thanks-a-blessing-for-the-weeks-end-and-seasons-beginning\/","url_meta":{"origin":11097,"position":0},"title":"The Threshold of Thanks: A Blessing for the Week\u2019s End and Season\u2019s Beginning","author":"myallaboutyou","date":"noviembre 20, 2025","format":false,"excerpt":"As Thursday dawns, we stand at a sacred threshold\u2014between the week behind and the season ahead. Thanksgiving is near, Advent is stirring, and the New Year glimmers just beyond the horizon. This blessing invites you to pause, reflect, and rejoice in the quiet beauty of becoming\u2014grateful for what has been,\u2026","rel":"","context":"En &quot;Messages of Hope&quot;","block_context":{"text":"Messages of Hope","link":"https:\/\/my-all-about-you.com\/es\/category\/messages-of-hope\/"},"img":{"alt_text":"Golden sunrise over a misty forest path with autumn leaves, symbolizing reflection and seasonal hope.","src":"https:\/\/i0.wp.com\/my-all-about-you.com\/wp-content\/uploads\/2025\/11\/thursday-blessing.png?fit=800%2C1200&ssl=1&resize=350%2C200","width":350,"height":200,"srcset":"https:\/\/i0.wp.com\/my-all-about-you.com\/wp-content\/uploads\/2025\/11\/thursday-blessing.png?fit=800%2C1200&ssl=1&resize=350%2C200 1x, https:\/\/i0.wp.com\/my-all-about-you.com\/wp-content\/uploads\/2025\/11\/thursday-blessing.png?fit=800%2C1200&ssl=1&resize=525%2C300 1.5x, https:\/\/i0.wp.com\/my-all-about-you.com\/wp-content\/uploads\/2025\/11\/thursday-blessing.png?fit=800%2C1200&ssl=1&resize=700%2C400 2x"},"classes":[]},{"id":11079,"url":"https:\/\/my-all-about-you.com\/es\/2025\/11\/27\/a-thanksgiving-rooted-in-gratitude-from-pilgrims-to-a-national-day-of-thanks\/","url_meta":{"origin":11097,"position":1},"title":"Un D\u00eda de Acci\u00f3n de Gracias basado en la gratitud: De los peregrinos a un D\u00eda Nacional de Agradecimiento","author":"myallaboutyou","date":"noviembre 27, 2025","format":false,"excerpt":"Una breve reflexi\u00f3n sobre los or\u00edgenes del D\u00eda de Acci\u00f3n de Gracias \u2014desde el humilde banquete de gratitud de los peregrinos hasta el llamamiento de Lincoln a un D\u00eda Nacional de Acci\u00f3n de Gracias\u2014 y por qu\u00e9 detenerse a reconocer las bendiciones de Dios sigue siendo importante hoy en d\u00eda.","rel":"","context":"En &quot;American History&quot;","block_context":{"text":"American History","link":"https:\/\/my-all-about-you.com\/es\/category\/american-history\/"},"img":{"alt_text":"A rustic Thanksgiving scene showing autumn leaves, pumpkins, candles, and a Pilgrim hat beside an open book, symbolizing the early history of Thanksgiving and a spirit of gratitude.","src":"https:\/\/i0.wp.com\/my-all-about-you.com\/wp-content\/uploads\/2025\/11\/thanksgiving-1.png?fit=940%2C788&ssl=1&resize=350%2C200","width":350,"height":200,"srcset":"https:\/\/i0.wp.com\/my-all-about-you.com\/wp-content\/uploads\/2025\/11\/thanksgiving-1.png?fit=940%2C788&ssl=1&resize=350%2C200 1x, https:\/\/i0.wp.com\/my-all-about-you.com\/wp-content\/uploads\/2025\/11\/thanksgiving-1.png?fit=940%2C788&ssl=1&resize=525%2C300 1.5x, https:\/\/i0.wp.com\/my-all-about-you.com\/wp-content\/uploads\/2025\/11\/thanksgiving-1.png?fit=940%2C788&ssl=1&resize=700%2C400 2x"},"classes":[]},{"id":9592,"url":"https:\/\/my-all-about-you.com\/es\/2025\/10\/05\/a-hymn-of-thanksgiving-st-faustinas-mercy\/","url_meta":{"origin":11097,"position":2},"title":"Himno de acci\u00f3n de gracias: Reflexi\u00f3n sobre el diario de Santa Faustina, 1794","author":"myallaboutyou","date":"octubre 5, 2025","format":false,"excerpt":"En la fiesta de Santa Faustina Kowalska, una frase sencilla de su diario se convierte en un ritmo de entrega y una bendici\u00f3n para la semana venidera: &quot;Que cada latido de mi coraz\u00f3n sea un nuevo himno de acci\u00f3n de gracias a Ti, oh Dios&quot;.\u201c","rel":"","context":"En &quot;Faith&quot;","block_context":{"text":"Faith","link":"https:\/\/my-all-about-you.com\/es\/category\/faith\/"},"img":{"alt_text":"","src":"https:\/\/i0.wp.com\/my-all-about-you.com\/wp-content\/uploads\/2025\/10\/pexels-photo-1925536.jpeg?fit=1200%2C800&ssl=1&resize=350%2C200","width":350,"height":200,"srcset":"https:\/\/i0.wp.com\/my-all-about-you.com\/wp-content\/uploads\/2025\/10\/pexels-photo-1925536.jpeg?fit=1200%2C800&ssl=1&resize=350%2C200 1x, https:\/\/i0.wp.com\/my-all-about-you.com\/wp-content\/uploads\/2025\/10\/pexels-photo-1925536.jpeg?fit=1200%2C800&ssl=1&resize=525%2C300 1.5x, https:\/\/i0.wp.com\/my-all-about-you.com\/wp-content\/uploads\/2025\/10\/pexels-photo-1925536.jpeg?fit=1200%2C800&ssl=1&resize=700%2C400 2x, https:\/\/i0.wp.com\/my-all-about-you.com\/wp-content\/uploads\/2025\/10\/pexels-photo-1925536.jpeg?fit=1200%2C800&ssl=1&resize=1050%2C600 3x"},"classes":[]},{"id":11040,"url":"https:\/\/my-all-about-you.com\/es\/2025\/11\/24\/who-are-my-favorite-people-a-thanksgiving-week-reflection\/","url_meta":{"origin":11097,"position":3},"title":"\u00bfQui\u00e9nes son mis personas favoritas? \u2014 Una reflexi\u00f3n de la semana de Acci\u00f3n de Gracias","author":"myallaboutyou","date":"noviembre 24, 2025","format":false,"excerpt":"Esta semana de Acci\u00f3n de Gracias, agradezco las peque\u00f1as bendiciones que llenan mis d\u00edas: la familia, las risas, las alegr\u00edas sencillas y las personas que siempre est\u00e1n ah\u00ed para m\u00ed y que iluminan mi vida. Tomarme un descanso me record\u00f3 lo afortunada que soy. Estas son mis personas favoritas.","rel":"","context":"En &quot;Musings&quot;","block_context":{"text":"Musings","link":"https:\/\/my-all-about-you.com\/es\/category\/musings\/"},"img":{"alt_text":"A warm, cozy Thanksgiving scene with fall leaves, candlelight, and soft golden tones creating a peaceful holiday atmosphere.","src":"https:\/\/i0.wp.com\/my-all-about-you.com\/wp-content\/uploads\/2025\/11\/fall-scene.png?fit=1200%2C800&ssl=1&resize=350%2C200","width":350,"height":200,"srcset":"https:\/\/i0.wp.com\/my-all-about-you.com\/wp-content\/uploads\/2025\/11\/fall-scene.png?fit=1200%2C800&ssl=1&resize=350%2C200 1x, https:\/\/i0.wp.com\/my-all-about-you.com\/wp-content\/uploads\/2025\/11\/fall-scene.png?fit=1200%2C800&ssl=1&resize=525%2C300 1.5x, https:\/\/i0.wp.com\/my-all-about-you.com\/wp-content\/uploads\/2025\/11\/fall-scene.png?fit=1200%2C800&ssl=1&resize=700%2C400 2x, https:\/\/i0.wp.com\/my-all-about-you.com\/wp-content\/uploads\/2025\/11\/fall-scene.png?fit=1200%2C800&ssl=1&resize=1050%2C600 3x"},"classes":[]},{"id":11448,"url":"https:\/\/my-all-about-you.com\/es\/2025\/12\/20\/marys-return-to-nazareth-when-the-mystery-came-home\/","url_meta":{"origin":11097,"position":4},"title":"Mary\u2019s Return to Nazareth: When the Mystery Came Home","author":"myallaboutyou","date":"diciembre 20, 2025","format":false,"excerpt":"Mary returns to Nazareth carrying a mystery the world does not yet understand. Faith now moves from recognition into ordinary life, where silence becomes fidelity and grace quietly comes home.","rel":"","context":"En &quot;Advent 2025&quot;","block_context":{"text":"Advent 2025","link":"https:\/\/my-all-about-you.com\/es\/category\/advent-2025\/"},"img":{"alt_text":"Beautiful Mary holding a woven basket outdoors.","src":"https:\/\/i0.wp.com\/my-all-about-you.com\/wp-content\/uploads\/2025\/12\/Mary-Returns.webp?fit=800%2C1200&ssl=1&resize=350%2C200","width":350,"height":200,"srcset":"https:\/\/i0.wp.com\/my-all-about-you.com\/wp-content\/uploads\/2025\/12\/Mary-Returns.webp?fit=800%2C1200&ssl=1&resize=350%2C200 1x, https:\/\/i0.wp.com\/my-all-about-you.com\/wp-content\/uploads\/2025\/12\/Mary-Returns.webp?fit=800%2C1200&ssl=1&resize=525%2C300 1.5x, https:\/\/i0.wp.com\/my-all-about-you.com\/wp-content\/uploads\/2025\/12\/Mary-Returns.webp?fit=800%2C1200&ssl=1&resize=700%2C400 2x"},"classes":[]},{"id":11390,"url":"https:\/\/my-all-about-you.com\/es\/2025\/12\/18\/elizabeth-joy-that-recognizes-grace-before-the-world-does\/","url_meta":{"origin":11097,"position":5},"title":"Elizabeth: La alegr\u00eda que reconoce la gracia antes que el mundo.","author":"myallaboutyou","date":"diciembre 18, 2025","format":false,"excerpt":"Isabel reconoce la gracia antes de que se la expliquen. Al o\u00edr el saludo de Mar\u00eda, la alegr\u00eda se apodera de ella, el Esp\u00edritu habla y una promesa se pone en marcha, record\u00e1ndonos que Dios a menudo revela su obra primero a los corazones serenos y fieles.","rel":"","context":"En &quot;Advent 2025&quot;","block_context":{"text":"Advent 2025","link":"https:\/\/my-all-about-you.com\/es\/category\/advent-2025\/"},"img":{"alt_text":"Close-up of a serene woman with a scarf, hands over her heart, in a tranquil prayer or moment of reflection.","src":"https:\/\/i0.wp.com\/my-all-about-you.com\/wp-content\/uploads\/2025\/12\/Mary-and-Elizabeth.png?fit=1024%2C1024&ssl=1&resize=350%2C200","width":350,"height":200,"srcset":"https:\/\/i0.wp.com\/my-all-about-you.com\/wp-content\/uploads\/2025\/12\/Mary-and-Elizabeth.png?fit=1024%2C1024&ssl=1&resize=350%2C200 1x, https:\/\/i0.wp.com\/my-all-about-you.com\/wp-content\/uploads\/2025\/12\/Mary-and-Elizabeth.png?fit=1024%2C1024&ssl=1&resize=525%2C300 1.5x, https:\/\/i0.wp.com\/my-all-about-you.com\/wp-content\/uploads\/2025\/12\/Mary-and-Elizabeth.png?fit=1024%2C1024&ssl=1&resize=700%2C400 2x"},"classes":[]}],"jetpack_featured_media_url":"https:\/\/i0.wp.com\/my-all-about-you.com\/wp-content\/uploads\/2025\/11\/candle-and-vase.png?fit=1024%2C1536&ssl=1","_links":{"self":[{"href":"https:\/\/my-all-about-you.com\/es\/wp-json\/wp\/v2\/posts\/11097","targetHints":{"allow":["GET"]}}],"collection":[{"href":"https:\/\/my-all-about-you.com\/es\/wp-json\/wp\/v2\/posts"}],"about":[{"href":"https:\/\/my-all-about-you.com\/es\/wp-json\/wp\/v2\/types\/post"}],"author":[{"embeddable":true,"href":"https:\/\/my-all-about-you.com\/es\/wp-json\/wp\/v2\/users\/132804860"}],"replies":[{"embeddable":true,"href":"https:\/\/my-all-about-you.com\/es\/wp-json\/wp\/v2\/comments?post=11097"}],"version-history":[{"count":3,"href":"https:\/\/my-all-about-you.com\/es\/wp-json\/wp\/v2\/posts\/11097\/revisions"}],"predecessor-version":[{"id":11101,"href":"https:\/\/my-all-about-you.com\/es\/wp-json\/wp\/v2\/posts\/11097\/revisions\/11101"}],"wp:featuredmedia":[{"embeddable":true,"href":"https:\/\/my-all-about-you.com\/es\/wp-json\/wp\/v2\/media\/11100"}],"wp:attachment":[{"href":"https:\/\/my-all-about-you.com\/es\/wp-json\/wp\/v2\/media?parent=11097"}],"wp:term":[{"taxonomy":"category","embeddable":true,"href":"https:\/\/my-all-about-you.com\/es\/wp-json\/wp\/v2\/categories?post=11097"},{"taxonomy":"post_tag","embeddable":true,"href":"https:\/\/my-all-about-you.com\/es\/wp-json\/wp\/v2\/tags?post=11097"}],"curies":[{"name":"wp","href":"https:\/\/api.w.org\/{rel}","templated":true}]}}