{"id":10623,"date":"2025-11-17T03:01:00","date_gmt":"2025-11-17T09:01:00","guid":{"rendered":"https:\/\/my-all-about-you.com\/?p=10623"},"modified":"2025-11-16T19:08:31","modified_gmt":"2025-11-17T01:08:31","slug":"a-prayer-for-gods-blessings-on-families-nations-and-the-world-day-339-switzerland","status":"publish","type":"post","link":"https:\/\/my-all-about-you.com\/es\/2025\/11\/17\/a-prayer-for-gods-blessings-on-families-nations-and-the-world-day-339-switzerland\/","title":{"rendered":"A Prayer for God\u2019s Blessings on Families, Nations, and the World, Day 339, Switzerland"},"content":{"rendered":"<p class=\"has-text-color has-link-color wp-elements-1 wp-block-paragraph\" style=\"color:#0c0000\">Querido Padre Celestial,<\/p>\n\n\n\n<p class=\"has-text-color has-link-color wp-elements-2 wp-block-paragraph\" style=\"color:#0c0000\">Gracias por este d\u00eda. Gracias por todo lo que haces por m\u00ed cada d\u00eda, incluso por aquello que a veces no percibo. Gracias por cuidar de mi familia, amigos y conocidos. Te pido que los protejas y los gu\u00edes en esta vida. Tr\u00e1elos sanos y salvos de regreso a ti. Hazles saber que est\u00e1s ah\u00ed para ellos. Nunca permitas que olvide tu presencia en mi vida y gu\u00edame con seguridad a lo largo de ella.<\/p>\n\n\n\n<p class=\"has-text-color has-link-color wp-elements-3 wp-block-paragraph\" style=\"color:#0c0000\">Se\u00f1or, humildemente te pido tu favor. Toca los corazones de los j\u00f3venes, ayud\u00e1ndoles a apreciar el sagrado don del matrimonio y la dulce voz de los ni\u00f1os. Ilumina su visi\u00f3n para que descubran la profunda belleza de compartir la vida con alguien a quien aman profundamente. Que est\u00e9n abiertos a las alegr\u00edas y tristezas que conlleva el v\u00ednculo especial del matrimonio, as\u00ed como a las alegr\u00edas y desaf\u00edos \u00fanicos que los hijos traen a sus vidas.<\/p>\n\n\n\n<p class=\"wp-block-paragraph\">Querido Padre Celestial, gu\u00edame para ser la luz que otros necesitan para encontrar el camino de regreso a Ti, sin ocultar jam\u00e1s mi luz. Concede paz interior a quienes la buscan. Pido Tu protecci\u00f3n y gu\u00eda para nuestro pa\u00eds, nuestros funcionarios pol\u00edticos, nuestro clero y todos en el mundo. Inspira a quienes ocupan puestos de influencia, incluyendo a nuestros l\u00edderes, artistas, deportistas y empresarios, a abrazar Tu amor y compartirlo con los dem\u00e1s, cumpliendo as\u00ed su papel como miembros de Tu familia. Que su luz brille con intensidad, atrayendo a otros a Tu presencia. Ay\u00fadanos a vernos como T\u00fa nos ves.<\/p>\n\n\n\n<p class=\"wp-block-paragraph\">Te pido la conversi\u00f3n y la misericordia para todos los pecadores, y ten piedad de las almas del purgatorio. Te ruego que sanes a los enfermos si es tu voluntad. Te pido que ayudes a quienes atraviesan momentos dif\u00edciles. Ay\u00fadalos a caminar contigo a trav\u00e9s de las pruebas y tribulaciones de su vida. Gracias, Se\u00f1or, por la vida que me has dado. Te pido que tus \u00e1ngeles luchen con fiereza contra las fuerzas del mal que asolan nuestro mundo, incluyendo a los arc\u00e1ngeles de cada pa\u00eds. Por favor, trae tu paz a todos los pa\u00edses y pueblos.<\/p>\n\n\n\n<p class=\"wp-block-paragraph\"><strong>Padre Celestial,<br>We bless You for the grace You\u2019ve poured into Switzerland,<br>A nation of lakes and liturgy,<br>Where chapels cling to cliffs,<br>And Your Spirit moves through silence and song.<\/strong><\/p>\n\n\n\n<p class=\"wp-block-paragraph\"><strong>We thank You for the sacred places\u2014<br>Einsiedeln Abbey, where angels once consecrated a chapel,<br>Madonna del Sasso, where Your Mother appeared in light,<br>St. Gallen\u2019s library, where wisdom is preserved in ink and prayer,<br>And the cathedrals of Lausanne, Solothurn, and Zurich,<br>Built upon the witness of saints and martyrs.<\/strong><\/p>\n\n\n\n<p class=\"wp-block-paragraph\"><strong>We rejoice in the civic witness of Swiss Catholics\u2014<br>In the Swiss Guard, who serve with loyalty and honor,<br>In Catholic schools and hospitals,<br>In charities that care for refugees and the poor,<br>In choirs that sing Your praise across cantons and cultures.<\/strong><\/p>\n\n\n\n<p class=\"wp-block-paragraph\"><strong>We praise You for the quiet faith of rural parishes,<br>For the liturgical beauty of Benedictine life,<br>For the sacred art and architecture that point to heaven,<br>And for the families who pray in kitchens and chalets.<\/strong><\/p>\n\n\n\n<p class=\"wp-block-paragraph\"><strong>And Lord, we lift up Switzerland\u2019s needs:<br>Revive sacred music and public expressions of faith.<br>Support Catholic educators and digital evangelists.<br>Encourage those who feel spiritually isolated.<br>Raise up leaders rooted in Scripture and sacrament.<br>Let Your mercy flow through every canton and cathedral.<\/strong><\/p>\n\n\n\n<p class=\"wp-block-paragraph\"><strong>May Switzerland be a land of beauty and boldness,<br>Un pueblo de alabanza,<br>Una naci\u00f3n preparada para tu venida.<\/strong><\/p>\n\n\n\n<p class=\"has-text-color has-link-color wp-elements-4 wp-block-paragraph\" style=\"color:#000000\">Que tu Esp\u00edritu llene a los j\u00f3venes de prop\u00f3sito y les abra puertas de oportunidad que los afiancen en la fe. Que la corrupci\u00f3n sea reemplazada por la justicia, y que cada l\u00edder camine en tu luz.<\/p>\n\n\n\n<p class=\"has-dark-gray-blue-color has-text-color has-link-color wp-elements-5 wp-block-paragraph\">Querido Se\u00f1or, te imploramos fervientemente que envuelvas a todas las almas inquietas que se encuentran despiertas en la quietud de esta noche con tu paz infinita. Buscamos tu divina intervenci\u00f3n por aquellos que est\u00e1n en nuestro <a href=\"http:\/\/my-all-about-you.com\/es\/what-do-i-have-to-give\/prayer-requests\/\">lista de oraci\u00f3n<\/a>, encompassing every beloved individual we have mentioned and those honored: Trenton, Hunter, Abby, Lucas, Ruby, Sarah and Jillian alongside those we include those in desperate need whom we meet every day like the weary souls sleeping on the streets, under bridges, in hospitals, and their families. We ask You to help our teens draw closer to You, to uplift those with mental disabilities, those who wander in doubt of Your existence, and those suffering from Alzheimer&#8217;s and terminal illnesses. We pray for the growing number of men and women entering the religious life and for those who experience violence from lost souls.<\/p>\n\n\n\n<p class=\"has-text-color has-link-color wp-elements-6 wp-block-paragraph\" style=\"color:#0c0000\">Se\u00f1or, intercede por todos los pueblos. Mu\u00e9strales c\u00f3mo resolver sus diferencias sin pelear, sin disturbios ni lastimarse mutuamente. Abre nuestros ojos a la belleza de ponerte en primer lugar en nuestra vida y vivir en paz. Que todos comprendamos que las diferentes opiniones no tienen por qu\u00e9 dividirnos; al contrario, trabajemos juntos para alcanzar un entendimiento com\u00fan. Gracias, Se\u00f1or, por estar siempre presente para m\u00ed y para todos. Tu presencia es la belleza de nuestra vida.<\/p>\n\n\n\n<p class=\"has-text-color has-link-color wp-elements-7 wp-block-paragraph\" style=\"color:#0c0000\">Nos presentamos ante Ti con corazones humildes, buscando Tu gu\u00eda divina para el Papa Le\u00f3n XIV. Te pedimos que lo conviertas en Tu instrumento puro, lleno \u00fanicamente de Tu Esp\u00edritu Santo. Que ninguna influencia mundana, ninguna fuerza ajena a Tu reino celestial, aparte su coraz\u00f3n o su mente de Ti. Que cada palabra que pronuncie sea Tuya, inspirada por Tu verdad y en perfecta armon\u00eda con las ense\u00f1anzas de Tu Sagrada Escritura. Oramos para que su voluntad se entregue por completo a la Tuya, reflejando \u00fanicamente Tu prop\u00f3sito y gloria divinos. Gu\u00edalo, Padre, para que sea un pastor fiel bajo Tu control soberano y que Tus \u00e1ngeles lo protejan de todo mal.<\/p>\n\n\n\n<p class=\"has-text-color has-link-color wp-elements-8 wp-block-paragraph\" style=\"color:#0c0000\">Te pedimos que llenes nuestros lugares de culto hasta rebosar y que las capillas de adoraci\u00f3n perpetua est\u00e9n llenas a cada hora del d\u00eda, todos los d\u00edas de la semana. Adem\u00e1s, te pedimos que protejas a nuestro clero. Dales la fuerza para seguir adelante y seguirte m\u00e1s de cerca, sin perder de vista la misi\u00f3n que les has encomendado. Elevamos cada intenci\u00f3n sincera y cada s\u00faplica silenciosa que llevamos dentro. En tu sagrado nombre, oramos. Te adoramos, y que con cada d\u00eda que pasa, nuestro amor por ti crezca cada vez m\u00e1s.<\/p>\n\n\n\n<p class=\"has-text-color has-link-color wp-elements-9 wp-block-paragraph\" style=\"color:#0c0000\">Am\u00e9n.<\/p>\n\n\n\n<figure class=\"wp-block-embed is-type-video is-provider-youtube wp-block-embed-youtube wp-embed-aspect-16-9 wp-has-aspect-ratio\"><div class=\"wp-block-embed__wrapper\">\n<span class=\"embed-youtube\" style=\"text-align:center; display: block;\"><iframe loading=\"lazy\" class=\"youtube-player\" width=\"640\" height=\"360\" src=\"https:\/\/www.youtube.com\/embed\/I2eE2sdAIfk?version=3&#038;rel=1&#038;showsearch=0&#038;showinfo=1&#038;iv_load_policy=1&#038;fs=1&#038;hl=es-MX&#038;autohide=2&#038;wmode=transparent\" allowfullscreen=\"true\" style=\"border:0;\" sandbox=\"allow-scripts allow-same-origin allow-popups allow-presentation allow-popups-to-escape-sandbox\"><\/iframe><\/span>\n<\/div><\/figure>","protected":false},"excerpt":{"rendered":"<p>The content is a heartfelt prayer expressing gratitude to God for daily blessings, seeking protection and guidance for loved ones, and calling for peace and understanding among people. It highlights the importance of faith, marriage, and community support, and involves specific prayers for individuals, leaders, and the nation of Switzerland.<\/p>","protected":false},"author":132804860,"featured_media":10565,"comment_status":"open","ping_status":"open","sticky":false,"template":"","format":"standard","meta":{"_coblocks_attr":"","_coblocks_dimensions":"","_coblocks_responsive_height":"","_coblocks_accordion_ie_support":"","_jetpack_newsletter_access":"","_jetpack_dont_email_post_to_subs":false,"_jetpack_newsletter_tier_id":0,"_jetpack_memberships_contains_paywalled_content":false,"_wpcom_ai_launchpad_first_post":false,"_jetpack_feature_clip_id":0,"_jetpack_memberships_contains_paid_content":false,"footnotes":"","jetpack_publicize_message":"{title}\n\n{excerpt}\n\n{url}","jetpack_publicize_feature_enabled":true,"jetpack_social_post_already_shared":false,"jetpack_social_options":{"image_generator_settings":{"template":"dois","default_image_id":0,"font":"","enabled":false},"version":2},"_wpas_customize_per_network":false,"jetpack_post_was_ever_published":false},"categories":[3796805,8792,29924,86603,401,5411,784294163,740346],"tags":[725687466,44849146,80095512,764606953,431852,767404104,768531123,703392188,547374036,10051,785750956,123169,785750961,7816,1460,8329,853,8120],"class_list":["post-10623","post","type-post","status-publish","format-standard","has-post-thumbnail","hentry","category-across-borders","category-adventure","category-countries","category-cultural-heritage","category-faith","category-gratitude","category-leadership-clergy-support","category-sacred-places","tag-catholicreflection","tag-faithandfamily","tag-healingprayer","tag-holyspiritguidance","tag-intercession","tag-peaceandpurpose","tag-sacredtraditions","tag-spiritualgratitude","tag-unityinchrist","tag-bible","tag-christianity","tag-christians","tag-faith","tag-god","tag-healthcare","tag-jesus","tag-prayer","tag-switzerland"],"jetpack_publicize_connections":[],"jetpack_sharing_enabled":true,"jetpack_likes_enabled":true,"jetpack_shortlink":"https:\/\/wp.me\/p9vUsN-2Ll","jetpack-related-posts":[{"id":10562,"url":"https:\/\/my-all-about-you.com\/es\/2025\/11\/16\/a-prayer-for-gods-blessings-on-families-nations-and-the-world-day-338-switzerland\/","url_meta":{"origin":10623,"position":0},"title":"A Prayer for God\u2019s Blessings on Families, Nations, and the World, Day 338, Switzerland","author":"myallaboutyou","date":"noviembre 16, 2025","format":false,"excerpt":"The content is a heartfelt prayer expressing gratitude to God for daily blessings, seeking protection and guidance for loved ones, and calling for peace and understanding among people. It highlights the importance of faith, marriage, and community support, and involves specific prayers for individuals, leaders, and the nation of Switzerland.","rel":"","context":"En &quot;Across Borders&quot;","block_context":{"text":"Across Borders","link":"https:\/\/my-all-about-you.com\/es\/category\/faith\/across-borders\/"},"img":{"alt_text":"","src":"https:\/\/i0.wp.com\/my-all-about-you.com\/wp-content\/uploads\/2025\/11\/pexels-photo-1586298.jpeg?fit=960%2C1200&ssl=1&resize=350%2C200","width":350,"height":200,"srcset":"https:\/\/i0.wp.com\/my-all-about-you.com\/wp-content\/uploads\/2025\/11\/pexels-photo-1586298.jpeg?fit=960%2C1200&ssl=1&resize=350%2C200 1x, https:\/\/i0.wp.com\/my-all-about-you.com\/wp-content\/uploads\/2025\/11\/pexels-photo-1586298.jpeg?fit=960%2C1200&ssl=1&resize=525%2C300 1.5x, https:\/\/i0.wp.com\/my-all-about-you.com\/wp-content\/uploads\/2025\/11\/pexels-photo-1586298.jpeg?fit=960%2C1200&ssl=1&resize=700%2C400 2x"},"classes":[]},{"id":12170,"url":"https:\/\/my-all-about-you.com\/es\/2026\/01\/25\/a-prayer-for-gods-blessings-on-families-nations-and-the-world-day-25-bahrain\/","url_meta":{"origin":10623,"position":1},"title":"A Prayer for God\u2019s Blessings on Families, Nations, and the World, Day 25, Bahrain","author":"myallaboutyou","date":"enero 25, 2026","format":false,"excerpt":"The prayer expresses gratitude to God for daily blessings and protection for loved ones. It seeks guidance for youth, leaders, and communities, emphasizing the importance of faith, peace, and compassion. The prayer focuses on supporting the Bahamas, advocating for spiritual fulfillment, and calling for healing and unity among people worldwide.","rel":"","context":"En &quot;2026&quot;","block_context":{"text":"2026","link":"https:\/\/my-all-about-you.com\/es\/category\/the-3-am-prayer\/2026\/"},"img":{"alt_text":"Peaceful Muslim prayer scene during sunset with people in traditional attire praying in Bahrain","src":"https:\/\/i0.wp.com\/my-all-about-you.com\/wp-content\/uploads\/2024\/12\/create-a-highly-detailed-high-resolution-image-depicting-a-serene-scene.png?fit=1024%2C768&ssl=1&resize=350%2C200","width":350,"height":200,"srcset":"https:\/\/i0.wp.com\/my-all-about-you.com\/wp-content\/uploads\/2024\/12\/create-a-highly-detailed-high-resolution-image-depicting-a-serene-scene.png?fit=1024%2C768&ssl=1&resize=350%2C200 1x, https:\/\/i0.wp.com\/my-all-about-you.com\/wp-content\/uploads\/2024\/12\/create-a-highly-detailed-high-resolution-image-depicting-a-serene-scene.png?fit=1024%2C768&ssl=1&resize=525%2C300 1.5x, https:\/\/i0.wp.com\/my-all-about-you.com\/wp-content\/uploads\/2024\/12\/create-a-highly-detailed-high-resolution-image-depicting-a-serene-scene.png?fit=1024%2C768&ssl=1&resize=700%2C400 2x"},"classes":[]},{"id":6805,"url":"https:\/\/my-all-about-you.com\/es\/2025\/04\/04\/the-seed-of-faith-rabbi-simcha-bunim-and-small-steps-to-god\/","url_meta":{"origin":10623,"position":2},"title":"The Seed of Faith: Rabbi Simcha Bunim and Small Steps to God","author":"myallaboutyou","date":"abril 4, 2025","format":false,"excerpt":"Rabbi Simcha Bunim of Peshischa inspires individuals across faiths with his teachings on spiritual growth through small, deliberate acts of faith. His message encourages patience and authenticity in the journey toward God, reminding us that even modest efforts, like kindness and prayer, can lead to profound connections and renewal in\u2026","rel":"","context":"En &quot;Biblical Studies&quot;","block_context":{"text":"Biblical Studies","link":"https:\/\/my-all-about-you.com\/es\/category\/biblical-studies\/"},"img":{"alt_text":"","src":"https:\/\/i0.wp.com\/my-all-about-you.com\/wp-content\/uploads\/2025\/04\/create-a-featured-image-that-represents-faith-the-main-subject.png?fit=1024%2C768&ssl=1&resize=350%2C200","width":350,"height":200,"srcset":"https:\/\/i0.wp.com\/my-all-about-you.com\/wp-content\/uploads\/2025\/04\/create-a-featured-image-that-represents-faith-the-main-subject.png?fit=1024%2C768&ssl=1&resize=350%2C200 1x, https:\/\/i0.wp.com\/my-all-about-you.com\/wp-content\/uploads\/2025\/04\/create-a-featured-image-that-represents-faith-the-main-subject.png?fit=1024%2C768&ssl=1&resize=525%2C300 1.5x, https:\/\/i0.wp.com\/my-all-about-you.com\/wp-content\/uploads\/2025\/04\/create-a-featured-image-that-represents-faith-the-main-subject.png?fit=1024%2C768&ssl=1&resize=700%2C400 2x"},"classes":[]},{"id":9819,"url":"https:\/\/my-all-about-you.com\/es\/2025\/10\/12\/a-holy-pause-embracing-gods-gift-of-rest-this-sunday\/","url_meta":{"origin":10623,"position":3},"title":"\u201cUna pausa santa: Acogiendo el don del descanso que Dios nos ofrece este domingo\u201d","author":"myallaboutyou","date":"octubre 12, 2025","format":false,"excerpt":"Step into this Sunday with a heart open to God\u2019s grace. May the peace of Christ renew your spirit, the love of the Father guide your steps, and the light of the Holy Spirit fill your home. Take this day to rest in His presence and begin your week with\u2026","rel":"","context":"En &quot;Faith&quot;","block_context":{"text":"Faith","link":"https:\/\/my-all-about-you.com\/es\/category\/faith\/"},"img":{"alt_text":"","src":"https:\/\/i0.wp.com\/my-all-about-you.com\/wp-content\/uploads\/2025\/10\/pexels-photo-3933490.jpeg?fit=800%2C1200&ssl=1&resize=350%2C200","width":350,"height":200,"srcset":"https:\/\/i0.wp.com\/my-all-about-you.com\/wp-content\/uploads\/2025\/10\/pexels-photo-3933490.jpeg?fit=800%2C1200&ssl=1&resize=350%2C200 1x, https:\/\/i0.wp.com\/my-all-about-you.com\/wp-content\/uploads\/2025\/10\/pexels-photo-3933490.jpeg?fit=800%2C1200&ssl=1&resize=525%2C300 1.5x, https:\/\/i0.wp.com\/my-all-about-you.com\/wp-content\/uploads\/2025\/10\/pexels-photo-3933490.jpeg?fit=800%2C1200&ssl=1&resize=700%2C400 2x"},"classes":[]},{"id":13150,"url":"https:\/\/my-all-about-you.com\/es\/2026\/03\/10\/a-prayer-for-gods-blessings-on-families-nations-and-the-world-day-68-china\/","url_meta":{"origin":10623,"position":4},"title":"A Prayer for God\u2019s Blessings on Families, Nations, and the World, Day 69, China","author":"myallaboutyou","date":"marzo 10, 2026","format":false,"excerpt":"The prayer reflects deep gratitude towards God for daily blessings, protection for loved ones, and guidance for youth in valuing marriage and family. It emphasizes peace and reconciliation in the Central African Republic, recognizing the Church's role amidst suffering. The speaker seeks divine intervention for healing, hope, and faith across\u2026","rel":"","context":"En &quot;2026&quot;","block_context":{"text":"2026","link":"https:\/\/my-all-about-you.com\/es\/category\/the-3-am-prayer\/2026\/"},"img":{"alt_text":"Sunrise illuminating green terraced fields surrounded by mountains in China.","src":"https:\/\/i0.wp.com\/my-all-about-you.com\/wp-content\/uploads\/2025\/02\/image-23.png?fit=1024%2C768&ssl=1&resize=350%2C200","width":350,"height":200,"srcset":"https:\/\/i0.wp.com\/my-all-about-you.com\/wp-content\/uploads\/2025\/02\/image-23.png?fit=1024%2C768&ssl=1&resize=350%2C200 1x, https:\/\/i0.wp.com\/my-all-about-you.com\/wp-content\/uploads\/2025\/02\/image-23.png?fit=1024%2C768&ssl=1&resize=525%2C300 1.5x, https:\/\/i0.wp.com\/my-all-about-you.com\/wp-content\/uploads\/2025\/02\/image-23.png?fit=1024%2C768&ssl=1&resize=700%2C400 2x"},"classes":[]},{"id":10639,"url":"https:\/\/my-all-about-you.com\/es\/2025\/11\/19\/a-prayer-for-gods-blessings-on-families-nations-and-the-world-day-341-syria\/","url_meta":{"origin":10623,"position":5},"title":"Oraci\u00f3n para que Dios bendiga a las familias, las naciones y el mundo, d\u00eda 341, Siria","author":"myallaboutyou","date":"noviembre 19, 2025","format":false,"excerpt":"The content is a heartfelt prayer expressing gratitude to God for daily blessings, seeking protection and guidance for loved ones, and calling for peace and understanding among people. It highlights the importance of faith, marriage, and community support, and involves specific prayers for individuals, leaders, and the nation of Switzerland.","rel":"","context":"En &quot;Across Borders&quot;","block_context":{"text":"Across Borders","link":"https:\/\/my-all-about-you.com\/es\/category\/faith\/across-borders\/"},"img":{"alt_text":"","src":"https:\/\/i0.wp.com\/my-all-about-you.com\/wp-content\/uploads\/2025\/11\/pexels-photo-2004821.jpeg?fit=1200%2C800&ssl=1&resize=350%2C200","width":350,"height":200,"srcset":"https:\/\/i0.wp.com\/my-all-about-you.com\/wp-content\/uploads\/2025\/11\/pexels-photo-2004821.jpeg?fit=1200%2C800&ssl=1&resize=350%2C200 1x, https:\/\/i0.wp.com\/my-all-about-you.com\/wp-content\/uploads\/2025\/11\/pexels-photo-2004821.jpeg?fit=1200%2C800&ssl=1&resize=525%2C300 1.5x, https:\/\/i0.wp.com\/my-all-about-you.com\/wp-content\/uploads\/2025\/11\/pexels-photo-2004821.jpeg?fit=1200%2C800&ssl=1&resize=700%2C400 2x, https:\/\/i0.wp.com\/my-all-about-you.com\/wp-content\/uploads\/2025\/11\/pexels-photo-2004821.jpeg?fit=1200%2C800&ssl=1&resize=1050%2C600 3x"},"classes":[]}],"jetpack_featured_media_url":"https:\/\/i0.wp.com\/my-all-about-you.com\/wp-content\/uploads\/2025\/11\/pexels-photo-1586298.jpeg?fit=1040%2C1300&ssl=1","_links":{"self":[{"href":"https:\/\/my-all-about-you.com\/es\/wp-json\/wp\/v2\/posts\/10623","targetHints":{"allow":["GET"]}}],"collection":[{"href":"https:\/\/my-all-about-you.com\/es\/wp-json\/wp\/v2\/posts"}],"about":[{"href":"https:\/\/my-all-about-you.com\/es\/wp-json\/wp\/v2\/types\/post"}],"author":[{"embeddable":true,"href":"https:\/\/my-all-about-you.com\/es\/wp-json\/wp\/v2\/users\/132804860"}],"replies":[{"embeddable":true,"href":"https:\/\/my-all-about-you.com\/es\/wp-json\/wp\/v2\/comments?post=10623"}],"version-history":[{"count":6,"href":"https:\/\/my-all-about-you.com\/es\/wp-json\/wp\/v2\/posts\/10623\/revisions"}],"predecessor-version":[{"id":10629,"href":"https:\/\/my-all-about-you.com\/es\/wp-json\/wp\/v2\/posts\/10623\/revisions\/10629"}],"wp:featuredmedia":[{"embeddable":true,"href":"https:\/\/my-all-about-you.com\/es\/wp-json\/wp\/v2\/media\/10565"}],"wp:attachment":[{"href":"https:\/\/my-all-about-you.com\/es\/wp-json\/wp\/v2\/media?parent=10623"}],"wp:term":[{"taxonomy":"category","embeddable":true,"href":"https:\/\/my-all-about-you.com\/es\/wp-json\/wp\/v2\/categories?post=10623"},{"taxonomy":"post_tag","embeddable":true,"href":"https:\/\/my-all-about-you.com\/es\/wp-json\/wp\/v2\/tags?post=10623"}],"curies":[{"name":"wp","href":"https:\/\/api.w.org\/{rel}","templated":true}]}}