{"id":10262,"date":"2025-10-31T20:00:00","date_gmt":"2025-11-01T01:00:00","guid":{"rendered":"https:\/\/my-all-about-you.com\/?p=10262"},"modified":"2025-10-31T17:32:27","modified_gmt":"2025-10-31T22:32:27","slug":"tires-trials-and-trust-two-weeks-in-eastern-pennsylvania","status":"publish","type":"post","link":"https:\/\/my-all-about-you.com\/es\/2025\/10\/31\/tires-trials-and-trust-two-weeks-in-eastern-pennsylvania\/","title":{"rendered":"Neum\u00e1ticos, pruebas y confianza: dos semanas en el este de Pensilvania"},"content":{"rendered":"","protected":false},"excerpt":{"rendered":"<p>Dos semanas en el este de Pensilvania me trajeron carreteras de monta\u00f1a, pinchazos y visitas de campo que pusieron a prueba mi paciencia y perseverancia. Desde largas jornadas de trabajo hasta comidas tranquilas y un jueves lluvioso de reflexi\u00f3n, medito sobre el viaje, las lecciones aprendidas y la dicha de volver a casa justo a tiempo para el descanso de Halloween.<\/p>","protected":false},"author":132804860,"featured_media":10263,"comment_status":"open","ping_status":"open","sticky":false,"template":"","format":"standard","meta":{"_coblocks_attr":"","_coblocks_dimensions":"","_coblocks_responsive_height":"","_coblocks_accordion_ie_support":"","_jetpack_newsletter_access":"","_jetpack_dont_email_post_to_subs":false,"_jetpack_newsletter_tier_id":0,"_jetpack_memberships_contains_paywalled_content":false,"_wpcom_ai_launchpad_first_post":false,"_jetpack_feature_clip_id":0,"_jetpack_memberships_contains_paid_content":false,"footnotes":"","jetpack_publicize_message":"{title}\n\n{excerpt}\n\n{url}","jetpack_publicize_feature_enabled":true,"jetpack_social_post_already_shared":false,"jetpack_social_options":{"image_generator_settings":{"template":"dois","default_image_id":0,"font":"","enabled":false},"version":2},"_wpas_customize_per_network":false,"jetpack_post_was_ever_published":false},"categories":[401,35706480,2224688,37806749,462323,687578,420980],"tags":[26156008,1465029,10690739,16265,785751107,114721,2826892,230590141,4076319,22843458,1398927,25731,7843656,92990,31703550,562235,785751089,136119],"class_list":["post-10262","post","type-post","status-publish","format-standard","has-post-thumbnail","hentry","category-faith","category-faith-spiritual-growth","category-hallowtide","category-reflections-from-the-road","category-seasonal-reflections","category-travel-work","category-weekend-preview","tag-creative-downtime","tag-customer-visits","tag-eastern-pennsylvania","tag-field-work","tag-hallowtide","tag-jewelry-making","tag-mountain-roads","tag-professional-perseverance","tag-psalm-1272","tag-rainy-thursday","tag-returning-home","tag-scripture","tag-seasonal-reflection","tag-spiritual-renewal","tag-tire-trouble","tag-travel-reflections","tag-weekend-preview","tag-work-life-balance"],"jetpack_publicize_connections":[],"jetpack_likes_enabled":true,"jetpack_sharing_enabled":true,"jetpack_shortlink":"https:\/\/wp.me\/p9vUsN-2Fw","jetpack-related-posts":[{"id":10123,"url":"https:\/\/my-all-about-you.com\/es\/2025\/10\/27\/saints-cyril-and-methodius-apostles-of-the-slavs-and-patrons-of-slovakia\/","url_meta":{"origin":10262,"position":0},"title":"Saints Cyril and Methodius: Apostles of the Slavs and Patrons of Slovakia","author":"myallaboutyou","date":"octubre 27, 2025","format":false,"excerpt":"Every July 5th, Slovakia honors Saints Cyril and Methodius\u2014not just as missionaries, but as cultural architects who gave the Slavic people the gift of faith in their own language. Their legacy continues to shape the nation\u2019s spiritual and cultural identity.","rel":"","context":"En &quot;Early Church History&quot;","block_context":{"text":"Early Church History","link":"https:\/\/my-all-about-you.com\/es\/category\/early-church-history\/"},"img":{"alt_text":"","src":"https:\/\/i0.wp.com\/my-all-about-you.com\/wp-content\/uploads\/2025\/10\/pexels-photo-23996237.jpeg?fit=900%2C1200&ssl=1&resize=350%2C200","width":350,"height":200,"srcset":"https:\/\/i0.wp.com\/my-all-about-you.com\/wp-content\/uploads\/2025\/10\/pexels-photo-23996237.jpeg?fit=900%2C1200&ssl=1&resize=350%2C200 1x, https:\/\/i0.wp.com\/my-all-about-you.com\/wp-content\/uploads\/2025\/10\/pexels-photo-23996237.jpeg?fit=900%2C1200&ssl=1&resize=525%2C300 1.5x, https:\/\/i0.wp.com\/my-all-about-you.com\/wp-content\/uploads\/2025\/10\/pexels-photo-23996237.jpeg?fit=900%2C1200&ssl=1&resize=700%2C400 2x"},"classes":[]},{"id":467,"url":"https:\/\/my-all-about-you.com\/es\/2018\/02\/24\/the-reason-you-cant-give-up-today\/","url_meta":{"origin":10262,"position":1},"title":"LA RAZ\u00d3N POR LA QUE NO PUEDES RENDIRTE HOY\u2026","author":"myallaboutyou","date":"febrero 24, 2018","format":false,"excerpt":"Life tests our resolve with unfair circumstances and uncertain paths. Despite setbacks, history and faith show that perseverance can lead to greater opportunities, as exemplified by Joseph's story. We must hold onto hope and continue pushing forward, as trials may be shaping us for our destined roles.","rel":"","context":"En &quot;Faith&quot;","block_context":{"text":"Faith","link":"https:\/\/my-all-about-you.com\/es\/category\/faith\/"},"img":{"alt_text":"","src":"","width":0,"height":0},"classes":[]},{"id":8637,"url":"https:\/\/my-all-about-you.com\/es\/2026\/08\/15\/why-the-feast-of-the-assumption-of-mary-might-just-surprise-you\/","url_meta":{"origin":10262,"position":2},"title":"Por qu\u00e9 la Fiesta de la Asunci\u00f3n de Mar\u00eda podr\u00eda sorprenderte","author":"myallaboutyou","date":"agosto 15, 2026","format":false,"excerpt":"The Feast of the Assumption of Mary, celebrated on August 15th, honors Mary's belief of being taken into heaven at life's end. This significant day fosters community spirit through vibrant traditions, reflections on faith, and historical connections. Celebrated globally, it serves as a reminder of spiritual roots and connection to\u2026","rel":"","context":"En &quot;Feast Day&quot;","block_context":{"text":"Feast Day","link":"https:\/\/my-all-about-you.com\/es\/category\/feast-day\/"},"img":{"alt_text":"Statue of the Virgin Mary in a red robe and blue mantle holding the infant Jesus on her lap, both posed in a tender, intimate embrace.","src":"https:\/\/i0.wp.com\/my-all-about-you.com\/wp-content\/uploads\/2025\/08\/pexels-photo-51524.jpeg?fit=1200%2C675&ssl=1&resize=350%2C200","width":350,"height":200,"srcset":"https:\/\/i0.wp.com\/my-all-about-you.com\/wp-content\/uploads\/2025\/08\/pexels-photo-51524.jpeg?fit=1200%2C675&ssl=1&resize=350%2C200 1x, https:\/\/i0.wp.com\/my-all-about-you.com\/wp-content\/uploads\/2025\/08\/pexels-photo-51524.jpeg?fit=1200%2C675&ssl=1&resize=525%2C300 1.5x, https:\/\/i0.wp.com\/my-all-about-you.com\/wp-content\/uploads\/2025\/08\/pexels-photo-51524.jpeg?fit=1200%2C675&ssl=1&resize=700%2C400 2x, https:\/\/i0.wp.com\/my-all-about-you.com\/wp-content\/uploads\/2025\/08\/pexels-photo-51524.jpeg?fit=1200%2C675&ssl=1&resize=1050%2C600 3x"},"classes":[]},{"id":5350,"url":"https:\/\/my-all-about-you.com\/es\/2025\/01\/13\/thirsty-for-meaning-the-small-seed-of-faith-beats-the-largest-fruit\/","url_meta":{"origin":10262,"position":3},"title":"Thirsty for Meaning? The Small Seed of Faith Beats the Largest Fruit","author":"myallaboutyou","date":"enero 13, 2025","format":false,"excerpt":"Faith serves as a powerful guiding force in our lives, providing hope and resilience amid uncertainties. It reflects an active trust in a divine plan and encourages us to embrace the unknown with confidence. By nurturing faith, we cultivate purpose, inner peace, and a connection that enriches our journey.","rel":"","context":"En &quot;Character&quot;","block_context":{"text":"Character","link":"https:\/\/my-all-about-you.com\/es\/category\/character\/"},"img":{"alt_text":"","src":"https:\/\/i0.wp.com\/my-all-about-you.com\/wp-content\/uploads\/2025\/01\/faith.png?fit=940%2C788&ssl=1&resize=350%2C200","width":350,"height":200,"srcset":"https:\/\/i0.wp.com\/my-all-about-you.com\/wp-content\/uploads\/2025\/01\/faith.png?fit=940%2C788&ssl=1&resize=350%2C200 1x, https:\/\/i0.wp.com\/my-all-about-you.com\/wp-content\/uploads\/2025\/01\/faith.png?fit=940%2C788&ssl=1&resize=525%2C300 1.5x, https:\/\/i0.wp.com\/my-all-about-you.com\/wp-content\/uploads\/2025\/01\/faith.png?fit=940%2C788&ssl=1&resize=700%2C400 2x"},"classes":[]},{"id":6805,"url":"https:\/\/my-all-about-you.com\/es\/2025\/04\/04\/the-seed-of-faith-rabbi-simcha-bunim-and-small-steps-to-god\/","url_meta":{"origin":10262,"position":4},"title":"The Seed of Faith: Rabbi Simcha Bunim and Small Steps to God","author":"myallaboutyou","date":"abril 4, 2025","format":false,"excerpt":"Rabbi Simcha Bunim of Peshischa inspires individuals across faiths with his teachings on spiritual growth through small, deliberate acts of faith. His message encourages patience and authenticity in the journey toward God, reminding us that even modest efforts, like kindness and prayer, can lead to profound connections and renewal in\u2026","rel":"","context":"En &quot;Biblical Studies&quot;","block_context":{"text":"Biblical Studies","link":"https:\/\/my-all-about-you.com\/es\/category\/biblical-studies\/"},"img":{"alt_text":"","src":"https:\/\/i0.wp.com\/my-all-about-you.com\/wp-content\/uploads\/2025\/04\/create-a-featured-image-that-represents-faith-the-main-subject.png?fit=1024%2C768&ssl=1&resize=350%2C200","width":350,"height":200,"srcset":"https:\/\/i0.wp.com\/my-all-about-you.com\/wp-content\/uploads\/2025\/04\/create-a-featured-image-that-represents-faith-the-main-subject.png?fit=1024%2C768&ssl=1&resize=350%2C200 1x, https:\/\/i0.wp.com\/my-all-about-you.com\/wp-content\/uploads\/2025\/04\/create-a-featured-image-that-represents-faith-the-main-subject.png?fit=1024%2C768&ssl=1&resize=525%2C300 1.5x, https:\/\/i0.wp.com\/my-all-about-you.com\/wp-content\/uploads\/2025\/04\/create-a-featured-image-that-represents-faith-the-main-subject.png?fit=1024%2C768&ssl=1&resize=700%2C400 2x"},"classes":[]},{"id":15098,"url":"https:\/\/my-all-about-you.com\/es\/2026\/06\/24\/american-heritage\/","url_meta":{"origin":10262,"position":5},"title":"Patrimonio estadounidense","author":"myallaboutyou","date":"junio 24, 2026","format":false,"excerpt":"Before there were Shaker cupboards, Windsor chairs, and Appalachian workbenches, there were forests. Discover how America's vast timberlands, hand tools, and determined craftsmen shaped the traditions of American furniture and left a legacy that still speaks to us today.","rel":"","context":"En &quot;American Heritage&quot;","block_context":{"text":"American Heritage","link":"https:\/\/my-all-about-you.com\/es\/category\/american-heritage\/"},"img":{"alt_text":"Sunlight filters through a dense American forest along a winding path, with a small rustic cabin barely visible among the trees in the distance.","src":"https:\/\/i0.wp.com\/my-all-about-you.com\/wp-content\/uploads\/2026\/06\/The-Forest-and-the-Frontier.png?fit=1200%2C800&ssl=1&resize=350%2C200","width":350,"height":200,"srcset":"https:\/\/i0.wp.com\/my-all-about-you.com\/wp-content\/uploads\/2026\/06\/The-Forest-and-the-Frontier.png?fit=1200%2C800&ssl=1&resize=350%2C200 1x, https:\/\/i0.wp.com\/my-all-about-you.com\/wp-content\/uploads\/2026\/06\/The-Forest-and-the-Frontier.png?fit=1200%2C800&ssl=1&resize=525%2C300 1.5x, https:\/\/i0.wp.com\/my-all-about-you.com\/wp-content\/uploads\/2026\/06\/The-Forest-and-the-Frontier.png?fit=1200%2C800&ssl=1&resize=700%2C400 2x, https:\/\/i0.wp.com\/my-all-about-you.com\/wp-content\/uploads\/2026\/06\/The-Forest-and-the-Frontier.png?fit=1200%2C800&ssl=1&resize=1050%2C600 3x"},"classes":[]}],"jetpack_featured_media_url":"https:\/\/i0.wp.com\/my-all-about-you.com\/wp-content\/uploads\/2025\/10\/pexels-photo-1563355.jpeg?fit=1880%2C1253&ssl=1","_links":{"self":[{"href":"https:\/\/my-all-about-you.com\/es\/wp-json\/wp\/v2\/posts\/10262","targetHints":{"allow":["GET"]}}],"collection":[{"href":"https:\/\/my-all-about-you.com\/es\/wp-json\/wp\/v2\/posts"}],"about":[{"href":"https:\/\/my-all-about-you.com\/es\/wp-json\/wp\/v2\/types\/post"}],"author":[{"embeddable":true,"href":"https:\/\/my-all-about-you.com\/es\/wp-json\/wp\/v2\/users\/132804860"}],"replies":[{"embeddable":true,"href":"https:\/\/my-all-about-you.com\/es\/wp-json\/wp\/v2\/comments?post=10262"}],"version-history":[{"count":1,"href":"https:\/\/my-all-about-you.com\/es\/wp-json\/wp\/v2\/posts\/10262\/revisions"}],"predecessor-version":[{"id":10264,"href":"https:\/\/my-all-about-you.com\/es\/wp-json\/wp\/v2\/posts\/10262\/revisions\/10264"}],"wp:featuredmedia":[{"embeddable":true,"href":"https:\/\/my-all-about-you.com\/es\/wp-json\/wp\/v2\/media\/10263"}],"wp:attachment":[{"href":"https:\/\/my-all-about-you.com\/es\/wp-json\/wp\/v2\/media?parent=10262"}],"wp:term":[{"taxonomy":"category","embeddable":true,"href":"https:\/\/my-all-about-you.com\/es\/wp-json\/wp\/v2\/categories?post=10262"},{"taxonomy":"post_tag","embeddable":true,"href":"https:\/\/my-all-about-you.com\/es\/wp-json\/wp\/v2\/tags?post=10262"}],"curies":[{"name":"wp","href":"https:\/\/api.w.org\/{rel}","templated":true}]}}