{"id":10133,"date":"2025-10-27T10:15:00","date_gmt":"2025-10-27T15:15:00","guid":{"rendered":"https:\/\/my-all-about-you.com\/?p=10133"},"modified":"2026-08-24T19:05:41","modified_gmt":"2026-08-25T00:05:41","slug":"blessed-zdenka-schelingova-a-radiant-witness-of-mercy-and-courage","status":"publish","type":"post","link":"https:\/\/my-all-about-you.com\/es\/2025\/10\/27\/blessed-zdenka-schelingova-a-radiant-witness-of-mercy-and-courage\/","title":{"rendered":"Beata Zdenka Schelingov\u00e1: Un radiante testimonio de misericordia y valent\u00eda."},"content":{"rendered":"<blockquote class=\"wp-block-quote is-layout-flow wp-block-quote-is-layout-flow\">\n<p class=\"has-text-align-center wp-block-paragraph\"><strong>\u201cNo todos estamos llamados a morir como m\u00e1rtires, pero todos estamos llamados a tener el mismo esp\u00edritu de sacrificio y amor hasta el final que tuvieron estos m\u00e1rtires.\u201d<\/strong> <\/p>\n\n\n\n<p class=\"has-text-align-center wp-block-paragraph\">~ <em>Richard Wurmbrand<\/em><\/p>\n<\/blockquote>\n\n\n\n<p class=\"wp-block-paragraph\"><strong>De Kriv\u00e1 a la Cruz<\/strong><\/p>\n\n\n\n<p class=\"wp-block-paragraph\">Bendecido <a href=\"https:\/\/wp.me\/p9vUsN-2Db\" target=\"_blank\" rel=\"noopener\">Zdenka Schelingov\u00e1<\/a>, Cec\u00edlia Schelingov\u00e1, nacida el 24 de diciembre de 1916 en Kriv\u00e1, Eslovaquia, fue una de los diez hijos de una familia cat\u00f3lica devota. Desde temprana edad, se sinti\u00f3 atra\u00edda por el amor y el servicio disciplinado de las Hermanas de la Caridad de la Santa Cruz. Con tan solo 15 a\u00f1os, ingres\u00f3 en la casa madre de la congregaci\u00f3n en Podunajsk\u00e9 Biskupice, iniciando una vida de consagraci\u00f3n que la llevar\u00eda a trav\u00e9s de hospitales, dificultades y, finalmente, al martirio.<\/p>\n\n\n\n<p class=\"wp-block-paragraph\"><strong>Una enfermera de la misericordia<\/strong><\/p>\n\n\n\n<p class=\"wp-block-paragraph\">Zdenka se form\u00f3 en enfermer\u00eda y radiolog\u00eda, y trabaj\u00f3 en hospitales de toda Eslovaquia. Su labor no era meramente cl\u00ednica, sino profundamente espiritual. Cuidaba a los enfermos con ternura y ve\u00eda su vocaci\u00f3n como una forma de encarnar la misericordia de Cristo. Durante el auge de la represi\u00f3n comunista, ayud\u00f3 en secreto a sacerdotes que hu\u00edan de la persecuci\u00f3n, arriesgando su propia seguridad para proteger su libertad de servicio.<\/p>\n\n\n\n<figure class=\"wp-block-image size-large\"><img data-recalc-dims=\"1\" loading=\"lazy\" decoding=\"async\" width=\"1880\" height=\"1058\" data-attachment-id=\"10136\" data-permalink=\"https:\/\/my-all-about-you.com\/es\/2025\/10\/27\/blessed-zdenka-schelingova-a-radiant-witness-of-mercy-and-courage\/pexels-photo-33606660\/\" data-orig-file=\"https:\/\/i0.wp.com\/my-all-about-you.com\/wp-content\/uploads\/2025\/10\/pexels-photo-33606660.jpeg?fit=1880%2C1058&amp;ssl=1\" data-orig-size=\"1880,1058\" data-comments-opened=\"1\" data-image-meta=\"{&quot;aperture&quot;:&quot;0&quot;,&quot;credit&quot;:&quot;&quot;,&quot;camera&quot;:&quot;&quot;,&quot;caption&quot;:&quot;&quot;,&quot;created_timestamp&quot;:&quot;0&quot;,&quot;copyright&quot;:&quot;&quot;,&quot;focal_length&quot;:&quot;0&quot;,&quot;iso&quot;:&quot;0&quot;,&quot;shutter_speed&quot;:&quot;0&quot;,&quot;title&quot;:&quot;&quot;,&quot;orientation&quot;:&quot;0&quot;}\" data-image-title=\"nun helping elderly woman in Dubrovnik street\" data-image-description=\"&lt;p&gt;Nun ministering to an elderly person by helping them walk down the street.&lt;\/p&gt;\" data-image-caption=\"&lt;p&gt;She walked beside the suffering\u2014not with fanfare, but with faith.&lt;\/p&gt;\" data-large-file=\"https:\/\/i0.wp.com\/my-all-about-you.com\/wp-content\/uploads\/2025\/10\/pexels-photo-33606660.jpeg?fit=1024%2C576&amp;ssl=1\" src=\"https:\/\/i0.wp.com\/my-all-about-you.com\/wp-content\/uploads\/2025\/10\/pexels-photo-33606660.jpeg?resize=1880%2C1058&#038;ssl=1\" alt=\"nun helping elderly woman in Dubrovnik street\" class=\"wp-image-10136\" style=\"aspect-ratio:3\/2;object-fit:cover\"\/><figcaption class=\"wp-element-caption\">Ella camin\u00f3 junto a los que sufr\u00edan, no con ostentaci\u00f3n, sino con fe.<\/figcaption><\/figure>\n\n\n\n<p class=\"wp-block-paragraph\"><strong>Arresto, tortura y testigos<\/strong><\/p>\n\n\n\n<p class=\"wp-block-paragraph\">En 1952, Zdenka fue arrestada por ayudar a un sacerdote a escapar. Soport\u00f3 brutales interrogatorios y prisi\u00f3n, sufriendo tormento f\u00edsico y emocional. Sin embargo, jam\u00e1s traicion\u00f3 su fe ni a quienes hab\u00eda ayudado. Sus \u00faltimos d\u00edas estuvieron marcados por la enfermedad y el aislamiento, pero tambi\u00e9n por una profunda paz. Falleci\u00f3 el 31 de julio de 1955 en Trnava, Eslovaquia, a los 38 a\u00f1os.<\/p>\n\n\n\n<p class=\"wp-block-paragraph\"><strong>Beatificada en Bratislava<\/strong><\/p>\n\n\n\n<p class=\"wp-block-paragraph\">El 14 de septiembre de 2003, el Papa Juan Pablo II beatific\u00f3 a Zdenka Schelingov\u00e1 en Bratislava, reconoci\u00e9ndola como m\u00e1rtir de la caridad. Su festividad se celebra el 30 de julio. Se la recuerda no solo por su valent\u00eda, sino tambi\u00e9n por su inquebrantable compromiso con la misericordia: una enfermera que se convirti\u00f3 en testigo, una religiosa que se convirti\u00f3 en santa.<\/p>\n\n\n\n<p class=\"wp-block-paragraph\"><strong>Una luz para Eslovaquia y m\u00e1s all\u00e1<\/strong><\/p>\n\n\n\n<p class=\"wp-block-paragraph\">Hoy, el legado de la Beata Zdenka brilla en Eslovaquia y en todo el mundo. Estatuas, monumentos y celebraciones lit\u00fargicas honran su vida, especialmente en Kriv\u00e1 y Bratislava. Su historia nos invita a servir con valent\u00eda, a amar incondicionalmente y a permanecer fieles incluso ante la injusticia. Es patrona de las enfermeras, los presos y todos aquellos que sufren por la justicia.<\/p>\n\n\n\n<h3 class=\"wp-block-heading\">\ud83c\udf3f Llamada a la acci\u00f3n<\/h3>\n\n\n\n<p class=\"wp-block-paragraph\">Que el testimonio de la Beata Zdenka remueva algo en tu interior. Ya sea que sirvas en silencio o hables con valent\u00eda, que su vida te recuerde que la misericordia nunca es pasiva y la fe nunca se oculta. Considera ofrecer tu d\u00eda \u2014tu trabajo, tu cansancio, tu esperanza\u2014 como un acto silencioso de amor.<\/p>\n\n\n\n<p class=\"wp-block-paragraph\">\ud83d\udcff <em>Oren por las enfermeras, los prisioneros y todos los que sufren por la justicia.<\/em> \ud83d\udd6f\ufe0f <em>Enciende una vela en memoria de quienes sirven en secreto.<\/em> \u270d\ufe0f <em>Comparte su historia con alguien que necesite valor hoy.<\/em><\/p>\n\n\n\n<p class=\"wp-block-paragraph\"><strong>Fuentes:<\/strong> <\/p>\n\n\n\n<p class=\"wp-block-paragraph\"><a href=\"https:\/\/www.vatican.va\/news_services\/liturgy\/saints\/ns_lit_doc_20030914_schelingova_en.html\" target=\"_blank\" rel=\"noopener\">Biograf\u00eda del Vaticano<\/a><br><a href=\"https:\/\/en.wikipedia.org\/wiki\/Cec%C3%ADlia_Schelingov%C3%A1\" target=\"_blank\" rel=\"noopener\">Wikipedia<\/a><br><a href=\"https:\/\/zdenka.sk\/en\/page\/who-bl-zdenka\" target=\"_blank\" rel=\"noopener\">Sitio web oficial de canonizaci\u00f3n<\/a><\/p>","protected":false},"excerpt":{"rendered":"<p>Nacida en las monta\u00f1as de Eslovaquia y martirizada durante la persecuci\u00f3n comunista, la beata Zdenka Schelingov\u00e1 vivi\u00f3 una vida de misericordia, sacrificio y silenciosa resistencia. Su legado sigue inspirando a quienes buscan servir con valent\u00eda y compasi\u00f3n.<\/p>","protected":false},"author":132804860,"featured_media":10136,"comment_status":"open","ping_status":"open","sticky":false,"template":"","format":"standard","meta":{"_coblocks_attr":"","_coblocks_dimensions":"","_coblocks_responsive_height":"","_coblocks_accordion_ie_support":"","_jetpack_newsletter_access":"","_jetpack_dont_email_post_to_subs":false,"_jetpack_newsletter_tier_id":0,"_jetpack_memberships_contains_paywalled_content":false,"_wpcom_ai_launchpad_first_post":false,"_jetpack_feature_clip_id":0,"_jetpack_memberships_contains_paid_content":false,"footnotes":"","jetpack_publicize_message":"{title}\n\n{excerpt}\n\n{url}","jetpack_publicize_feature_enabled":true,"jetpack_social_post_already_shared":false,"jetpack_social_options":{"image_generator_settings":{"template":"dois","default_image_id":0,"font":"","enabled":false},"version":2},"_wpas_customize_per_network":false,"jetpack_post_was_ever_published":false},"categories":[1767373,785035159,785035163,313914,84747656,293532340,616501],"tags":[904710,778614226,152011822,19696164,785035119,785035123,785035125,203777,855314,785035098,785035121,8617060],"class_list":["post-10133","post","type-post","status-publish","format-standard","has-post-thumbnail","hentry","category-early-church-history","category-faith-resistance","category-martyrdom-witness","category-saint","category-saints-holiness","category-slovakia-central-europe","category-women-of-faith","tag-beatification","tag-blessed-zdenka-schelingova","tag-catholic-nursing","tag-communist-persecution","tag-kriva-slovakia","tag-mercy-and-courage","tag-november-23-feast-day","tag-pope-john-paul-ii","tag-sisters-of-charity","tag-slovak-martyrs","tag-slovak-saints","tag-trnava"],"jetpack_publicize_connections":[],"jetpack_sharing_enabled":true,"jetpack_likes_enabled":true,"jetpack_shortlink":"https:\/\/wp.me\/p9vUsN-2Dr","jetpack-related-posts":[{"id":10253,"url":"https:\/\/my-all-about-you.com\/es\/2025\/10\/31\/all-hallows-eve-more-than-just-costumes-and-candy\/","url_meta":{"origin":10133,"position":0},"title":"Noche de Brujas: M\u00e1s que disfraces y dulces","author":"myallaboutyou","date":"octubre 31, 2025","format":false,"excerpt":"Antes de los disfraces y los dulces, la v\u00edspera de Todos los Santos era una vigilia sagrada de oraci\u00f3n, misericordia y recuerdo. Este art\u00edculo explora los verdaderos or\u00edgenes cristianos de Halloween, desmiente mitos sobre sus ra\u00edces paganas y celebra a los santos y las tradiciones que dieron forma a esta festividad a lo largo de los siglos.","rel":"","context":"En &quot;Early Church History&quot;","block_context":{"text":"Early Church History","link":"https:\/\/my-all-about-you.com\/es\/category\/early-church-history\/"},"img":{"alt_text":"Children dressed as saints walk reverently through a candlelit churchyard at dusk, each holding a lit candle. A stone chapel glows in the background beneath a golden sky, evoking the sacred traditions of All Hallow\u2019s Eve.","src":"https:\/\/i0.wp.com\/my-all-about-you.com\/wp-content\/uploads\/2025\/10\/all-hallows-eve.png?fit=1200%2C800&ssl=1&resize=350%2C200","width":350,"height":200,"srcset":"https:\/\/i0.wp.com\/my-all-about-you.com\/wp-content\/uploads\/2025\/10\/all-hallows-eve.png?fit=1200%2C800&ssl=1&resize=350%2C200 1x, https:\/\/i0.wp.com\/my-all-about-you.com\/wp-content\/uploads\/2025\/10\/all-hallows-eve.png?fit=1200%2C800&ssl=1&resize=525%2C300 1.5x, https:\/\/i0.wp.com\/my-all-about-you.com\/wp-content\/uploads\/2025\/10\/all-hallows-eve.png?fit=1200%2C800&ssl=1&resize=700%2C400 2x, https:\/\/i0.wp.com\/my-all-about-you.com\/wp-content\/uploads\/2025\/10\/all-hallows-eve.png?fit=1200%2C800&ssl=1&resize=1050%2C600 3x"},"classes":[]},{"id":2273,"url":"https:\/\/my-all-about-you.com\/es\/2025\/02\/06\/st-paul-miki-patron-saint-on-february-6\/","url_meta":{"origin":10133,"position":1},"title":"San Pablo Miki, santo patr\u00f3n el 6 de febrero","author":"myallaboutyou","date":"febrero 6, 2025","format":false,"excerpt":"St. Paul Miki, born in 1562 to a wealthy family in Japan, was a Jesuit missionary and martyr. Celebrated on February 6th, he preached faith amidst severe persecution, ultimately forgiving his executioners before his martyrdom in 1597. His life exemplified unwavering faith, courage, and the significance of forgiveness.","rel":"","context":"En &quot;Catholic&quot;","block_context":{"text":"Catholic","link":"https:\/\/my-all-about-you.com\/es\/category\/catholic\/"},"img":{"alt_text":"","src":"https:\/\/i0.wp.com\/my-all-about-you.com\/wp-content\/uploads\/2021\/02\/saint-paul-miki-companions.jpg?fit=421%2C586&ssl=1&resize=350%2C200","width":350,"height":200},"classes":[]},{"id":10123,"url":"https:\/\/my-all-about-you.com\/es\/2025\/10\/27\/saints-cyril-and-methodius-apostles-of-the-slavs-and-patrons-of-slovakia\/","url_meta":{"origin":10133,"position":2},"title":"Saints Cyril and Methodius: Apostles of the Slavs and Patrons of Slovakia","author":"myallaboutyou","date":"octubre 27, 2025","format":false,"excerpt":"Every July 5th, Slovakia honors Saints Cyril and Methodius\u2014not just as missionaries, but as cultural architects who gave the Slavic people the gift of faith in their own language. Their legacy continues to shape the nation\u2019s spiritual and cultural identity.","rel":"","context":"En &quot;Early Church History&quot;","block_context":{"text":"Early Church History","link":"https:\/\/my-all-about-you.com\/es\/category\/early-church-history\/"},"img":{"alt_text":"","src":"https:\/\/i0.wp.com\/my-all-about-you.com\/wp-content\/uploads\/2025\/10\/pexels-photo-23996237.jpeg?fit=900%2C1200&ssl=1&resize=350%2C200","width":350,"height":200,"srcset":"https:\/\/i0.wp.com\/my-all-about-you.com\/wp-content\/uploads\/2025\/10\/pexels-photo-23996237.jpeg?fit=900%2C1200&ssl=1&resize=350%2C200 1x, https:\/\/i0.wp.com\/my-all-about-you.com\/wp-content\/uploads\/2025\/10\/pexels-photo-23996237.jpeg?fit=900%2C1200&ssl=1&resize=525%2C300 1.5x, https:\/\/i0.wp.com\/my-all-about-you.com\/wp-content\/uploads\/2025\/10\/pexels-photo-23996237.jpeg?fit=900%2C1200&ssl=1&resize=700%2C400 2x"},"classes":[]},{"id":10144,"url":"https:\/\/my-all-about-you.com\/es\/2025\/10\/28\/a-prayer-for-gods-blessings-on-families-nations-and-the-world-day-320-slovakia\/","url_meta":{"origin":10133,"position":3},"title":"Oraci\u00f3n para que Dios bendiga a las familias, las naciones y el mundo, d\u00eda 320, Eslovaquia","author":"myallaboutyou","date":"octubre 28, 2025","format":false,"excerpt":"The prayer expresses deep gratitude to God for daily blessings, protection, and guidance over family, friends, and the world. It seeks healing for the sick, mercy for sinners, and highlights Slovakia's spiritual resilience and unique needs. The invocation calls for divine intervention, unity, and peace among individuals and communities.","rel":"","context":"En &quot;Across Borders&quot;","block_context":{"text":"Across Borders","link":"https:\/\/my-all-about-you.com\/es\/category\/faith\/across-borders\/"},"img":{"alt_text":"","src":"https:\/\/i0.wp.com\/my-all-about-you.com\/wp-content\/uploads\/2025\/10\/pexels-photo-280173.jpeg?fit=1200%2C573&ssl=1&resize=350%2C200","width":350,"height":200,"srcset":"https:\/\/i0.wp.com\/my-all-about-you.com\/wp-content\/uploads\/2025\/10\/pexels-photo-280173.jpeg?fit=1200%2C573&ssl=1&resize=350%2C200 1x, https:\/\/i0.wp.com\/my-all-about-you.com\/wp-content\/uploads\/2025\/10\/pexels-photo-280173.jpeg?fit=1200%2C573&ssl=1&resize=525%2C300 1.5x, https:\/\/i0.wp.com\/my-all-about-you.com\/wp-content\/uploads\/2025\/10\/pexels-photo-280173.jpeg?fit=1200%2C573&ssl=1&resize=700%2C400 2x, https:\/\/i0.wp.com\/my-all-about-you.com\/wp-content\/uploads\/2025\/10\/pexels-photo-280173.jpeg?fit=1200%2C573&ssl=1&resize=1050%2C600 3x"},"classes":[]},{"id":10937,"url":"https:\/\/my-all-about-you.com\/es\/2025\/12\/15\/a-prayer-for-gods-blessings-on-families-nations-and-the-world-day-367-united-kingdom\/","url_meta":{"origin":10133,"position":4},"title":"A Prayer for God\u2019s Blessings on Families, Nations, and the World, Day 367, United Kingdom","author":"myallaboutyou","date":"diciembre 15, 2025","format":false,"excerpt":"This prayer expresses gratitude to God for daily blessings, seeks protection and guidance for loved ones, and calls for peace in the world. It emphasizes the importance of marriage, children, and unity, while asking for divine intervention in healing, faith, and leadership. The prayer concludes with a plea for spiritual\u2026","rel":"","context":"En &quot;Across Borders&quot;","block_context":{"text":"Across Borders","link":"https:\/\/my-all-about-you.com\/es\/category\/faith\/across-borders\/"},"img":{"alt_text":"Stunning view of Tower Bridge in London during twilight, a famous symbol of the city.","src":"https:\/\/i0.wp.com\/my-all-about-you.com\/wp-content\/uploads\/2025\/11\/london-tower-bridge-bridge-monument-51363.jpeg?fit=1200%2C797&ssl=1&resize=350%2C200","width":350,"height":200,"srcset":"https:\/\/i0.wp.com\/my-all-about-you.com\/wp-content\/uploads\/2025\/11\/london-tower-bridge-bridge-monument-51363.jpeg?fit=1200%2C797&ssl=1&resize=350%2C200 1x, https:\/\/i0.wp.com\/my-all-about-you.com\/wp-content\/uploads\/2025\/11\/london-tower-bridge-bridge-monument-51363.jpeg?fit=1200%2C797&ssl=1&resize=525%2C300 1.5x, https:\/\/i0.wp.com\/my-all-about-you.com\/wp-content\/uploads\/2025\/11\/london-tower-bridge-bridge-monument-51363.jpeg?fit=1200%2C797&ssl=1&resize=700%2C400 2x, https:\/\/i0.wp.com\/my-all-about-you.com\/wp-content\/uploads\/2025\/11\/london-tower-bridge-bridge-monument-51363.jpeg?fit=1200%2C797&ssl=1&resize=1050%2C600 3x"},"classes":[]},{"id":9629,"url":"https:\/\/my-all-about-you.com\/es\/2025\/10\/08\/%f0%9f%95%8a%ef%b8%8f-saint-vincent-the-martyr-a-witness-who-sang-through-fire\/","url_meta":{"origin":10133,"position":5},"title":"\ud83d\udd4a\ufe0f Saint Vincent the Martyr: A Witness Who Sang Through Fire","author":"myallaboutyou","date":"octubre 8, 2025","format":false,"excerpt":"Saint Vincent of Saragossa bore witness with song, not sword. Martyred under Diocletian, his quiet courage became a seed of faith. Today, his name rests on waves and wind\u2014remembered in liturgy and on the island that bears his name.","rel":"","context":"En &quot;Feast Day&quot;","block_context":{"text":"Feast Day","link":"https:\/\/my-all-about-you.com\/es\/category\/feast-day\/"},"img":{"alt_text":"A serene statue of Saint Vincent the Martyr, depicted as a young deacon in a white tunic and red dalmatic, holding a palm branch and a book. His expression is peaceful, eyes lifted toward heaven. A faint halo glows around his head. In the background, soft light filters through a stone archway, suggesting both confinement and divine presence.","src":"https:\/\/i0.wp.com\/my-all-about-you.com\/wp-content\/uploads\/2025\/10\/saint-vincent.png?fit=940%2C788&ssl=1&resize=350%2C200","width":350,"height":200,"srcset":"https:\/\/i0.wp.com\/my-all-about-you.com\/wp-content\/uploads\/2025\/10\/saint-vincent.png?fit=940%2C788&ssl=1&resize=350%2C200 1x, https:\/\/i0.wp.com\/my-all-about-you.com\/wp-content\/uploads\/2025\/10\/saint-vincent.png?fit=940%2C788&ssl=1&resize=525%2C300 1.5x, https:\/\/i0.wp.com\/my-all-about-you.com\/wp-content\/uploads\/2025\/10\/saint-vincent.png?fit=940%2C788&ssl=1&resize=700%2C400 2x"},"classes":[]}],"jetpack_featured_media_url":"https:\/\/i0.wp.com\/my-all-about-you.com\/wp-content\/uploads\/2025\/10\/pexels-photo-33606660.jpeg?fit=1880%2C1058&ssl=1","_links":{"self":[{"href":"https:\/\/my-all-about-you.com\/es\/wp-json\/wp\/v2\/posts\/10133","targetHints":{"allow":["GET"]}}],"collection":[{"href":"https:\/\/my-all-about-you.com\/es\/wp-json\/wp\/v2\/posts"}],"about":[{"href":"https:\/\/my-all-about-you.com\/es\/wp-json\/wp\/v2\/types\/post"}],"author":[{"embeddable":true,"href":"https:\/\/my-all-about-you.com\/es\/wp-json\/wp\/v2\/users\/132804860"}],"replies":[{"embeddable":true,"href":"https:\/\/my-all-about-you.com\/es\/wp-json\/wp\/v2\/comments?post=10133"}],"version-history":[{"count":8,"href":"https:\/\/my-all-about-you.com\/es\/wp-json\/wp\/v2\/posts\/10133\/revisions"}],"predecessor-version":[{"id":11194,"href":"https:\/\/my-all-about-you.com\/es\/wp-json\/wp\/v2\/posts\/10133\/revisions\/11194"}],"wp:featuredmedia":[{"embeddable":true,"href":"https:\/\/my-all-about-you.com\/es\/wp-json\/wp\/v2\/media\/10136"}],"wp:attachment":[{"href":"https:\/\/my-all-about-you.com\/es\/wp-json\/wp\/v2\/media?parent=10133"}],"wp:term":[{"taxonomy":"category","embeddable":true,"href":"https:\/\/my-all-about-you.com\/es\/wp-json\/wp\/v2\/categories?post=10133"},{"taxonomy":"post_tag","embeddable":true,"href":"https:\/\/my-all-about-you.com\/es\/wp-json\/wp\/v2\/tags?post=10133"}],"curies":[{"name":"wp","href":"https:\/\/api.w.org\/{rel}","templated":true}]}}